{"id":590182,"date":"2025-12-10T07:30:21","date_gmt":"2025-12-10T07:30:21","guid":{"rendered":"https:\/\/www.europesays.com\/fr\/590182\/"},"modified":"2025-12-10T07:30:21","modified_gmt":"2025-12-10T07:30:21","slug":"la-qualite-de-lair-bonne-ce-mercredi","status":"publish","type":"post","link":"https:\/\/www.europesays.com\/fr\/590182\/","title":{"rendered":"la qualit\u00e9 de l&rsquo;air bonne ce mercredi"},"content":{"rendered":"<p>                            <img loading=\"lazy\" width=\"720\" height=\"449\" class=\"attachment-article size-article wp-post-image lazyload\" alt=\"\" decoding=\"async\" src=\"https:\/\/www.europesays.com\/fr\/wp-content\/uploads\/2025\/07\/image_2025-06-13_155154918-e1749822745837.jpg\" data-eio-rwidth=\"720\" data-eio-rheight=\"449\"\/><\/p>\n<p>Place Bellevue \u00e0 Lyon. (@BonjourLyon)<\/p>\n<p class=\"content\" style=\"font-size:1.2em;font-weight:700\">La qualit\u00e9 de l&rsquo;air sera de nouveau globalement bonne ce mercredi 10 d\u00e9cembre 2025 \u00e0 Lyon et dans toute l&rsquo;agglom\u00e9ration lyonnaise. <\/p>\n<p>On respire toujours relativement bien \u00e0 Lyon et dans la r\u00e9gion lyonnaise ce mercredi. Gr\u00e2ce \u00e0 un vent assez fort ces derni\u00e8res 24h, qui a assur\u00e9 un bon brassage atmosph\u00e9rique, la qualit\u00e9 de l&rsquo;air sera bonne ce 10 d\u00e9cembre \u00e0 Lyon. <\/p>\n<p>Les concentrations en ozone, et dioxyde de soufre seront en baisse et elles seront moyennes pour ce qui concerne les particules fines et le dioxyde d&rsquo;azote. Hormis autour des grands axes de circulation comme la M6, la M7 ou encore le p\u00e9riph\u00e9rique Laurent Bonnevay, la qualit\u00e9 de l&rsquo;air restera bonne \u00e0 moyenne.<\/p>\n","protected":false},"excerpt":{"rendered":"Place Bellevue \u00e0 Lyon. (@BonjourLyon) La qualit\u00e9 de l&rsquo;air sera de nouveau globalement bonne ce mercredi 10 d\u00e9cembre&hellip;\n","protected":false},"author":2,"featured_media":270099,"comment_status":"","ping_status":"","sticky":false,"template":"","format":"standard","meta":{"footnotes":""},"categories":[1889],"tags":[1111,11,2430,1777,674,1011,27,2428,12,25],"class_list":{"0":"post-590182","1":"post","2":"type-post","3":"status-publish","4":"format-standard","5":"has-post-thumbnail","7":"category-lyon","8":"tag-actu","9":"tag-actualites","10":"tag-auvergne-rhone-alpes","11":"tag-eu","12":"tag-europe","13":"tag-fr","14":"tag-france","15":"tag-lyon","16":"tag-news","17":"tag-republique-francaise"},"share_on_mastodon":{"url":"https:\/\/pubeurope.com\/@fr\/115694104043469055","error":""},"_links":{"self":[{"href":"https:\/\/www.europesays.com\/fr\/wp-json\/wp\/v2\/posts\/590182","targetHints":{"allow":["GET"]}}],"collection":[{"href":"https:\/\/www.europesays.com\/fr\/wp-json\/wp\/v2\/posts"}],"about":[{"href":"https:\/\/www.europesays.com\/fr\/wp-json\/wp\/v2\/types\/post"}],"author":[{"embeddable":true,"href":"https:\/\/www.europesays.com\/fr\/wp-json\/wp\/v2\/users\/2"}],"replies":[{"embeddable":true,"href":"https:\/\/www.europesays.com\/fr\/wp-json\/wp\/v2\/comments?post=590182"}],"version-history":[{"count":0,"href":"https:\/\/www.europesays.com\/fr\/wp-json\/wp\/v2\/posts\/590182\/revisions"}],"wp:featuredmedia":[{"embeddable":true,"href":"https:\/\/www.europesays.com\/fr\/wp-json\/wp\/v2\/media\/270099"}],"wp:attachment":[{"href":"https:\/\/www.europesays.com\/fr\/wp-json\/wp\/v2\/media?parent=590182"}],"wp:term":[{"taxonomy":"category","embeddable":true,"href":"https:\/\/www.europesays.com\/fr\/wp-json\/wp\/v2\/categories?post=590182"},{"taxonomy":"post_tag","embeddable":true,"href":"https:\/\/www.europesays.com\/fr\/wp-json\/wp\/v2\/tags?post=590182"}],"curies":[{"name":"wp","href":"https:\/\/api.w.org\/{rel}","templated":true}]}}