{"id":590210,"date":"2025-12-10T07:46:27","date_gmt":"2025-12-10T07:46:27","guid":{"rendered":"https:\/\/www.europesays.com\/fr\/590210\/"},"modified":"2025-12-10T07:46:27","modified_gmt":"2025-12-10T07:46:27","slug":"linterdiction-de-la-marque-sud-de-france-cest-nous-tirer-une-balle-dans-le-pied","status":"publish","type":"post","link":"https:\/\/www.europesays.com\/fr\/590210\/","title":{"rendered":"\u00ab\u00a0L\u2019interdiction de la marque Sud de France, c\u2019est nous tirer une balle dans le pied\u00a0\u00bb"},"content":{"rendered":"<p>\u00ab\u00a0On nous tire une balle dans le pied au plus mauvais moment. Cette marque \u00ab\u00a0Sud de France\u00a0\u00bb pour laquelle la R\u00e9gion Occitanie et les entreprises ont investi depuis pr\u00e8s de vingt ans, est un outil efficace \u00e0 l\u2019export. Nous le retirer, c\u2019est nous faire reculer commercialement. L\u2019arrachage et la distillation ne suffiront pas \u00e0 nous sortir de la crise. Les appuis \u00e0 la commercialisation sont indispensables pour m\u00e9nager un avenir \u00e0 la fili\u00e8re vin\u00a0! \u00bb, s\u2019insurge Denis Verdier, pr\u00e9sident de la f\u00e9d\u00e9ration des IGP Sud de France.<\/p>\n<p>La d\u00e9cision du Conseil d\u2019Etat, qui a confirm\u00e9 le 3 d\u00e9cembre dernier <a href=\"https:\/\/www.latribune.fr\/entreprises\/business\/2023-07-28\/disparition-de-sud-de-france-sur-les-bouteilles-de-vin-le-ton-monte-entre-l-etat-et-la-region-occitanie-971417.html\" target=\"_blank\" rel=\"noopener\">l\u2019interdiction de la mention \u00ab\u00a0Sud de France\u00a0\u00bb sur les \u00e9tiquettes de vin d\u00e9cid\u00e9e en juillet 2023 par le ministre de l\u2019Agriculture<\/a>, a suscit\u00e9 col\u00e8re et incompr\u00e9hension au sein des professionnels de la fili\u00e8re, confront\u00e9e \u00e0 une grave crise viticole. Leur d\u00e9ception est d\u2019autant plus grande que le rapporteur d\u2019Etat avait, un mois plus t\u00f4t, rendu un avis favorable \u00e0 leur requ\u00eate.<\/p>\n<p><strong>93 millions de bouteilles <\/strong>&#13;\n<\/p>\n<p>Lanc\u00e9e en 2006 par Georges Fr\u00eache, alors pr\u00e9sident de la R\u00e9gion Languedoc-Roussillon, cette marque \u00e9tait destin\u00e9e \u00e0 f\u00e9d\u00e9rer sous une m\u00eame ombrelle l\u2019ensemble des vins du Languedoc-Roussillon afin de communiquer plus efficacement, notamment \u00e0 l\u2019international.<\/p>\n<p>Gr\u00e2ce au soutien financier de la collectivit\u00e9 r\u00e9gionale, qui a syst\u00e9matiquement doubl\u00e9 les moyens que les interprofessions viticoles ont d\u00e9ploy\u00e9s pour lancer cette marque, Sud de France a vite conquis les op\u00e9rateurs r\u00e9gionaux qui d\u00e9sormais apposent le logo sur la tr\u00e8s grande majorit\u00e9 de leurs bouteilles exp\u00e9di\u00e9es \u00e0 l\u2019exportation.<\/p>\n<p>D\u2019apr\u00e8s une enqu\u00eate r\u00e9alis\u00e9e en 2022 par l\u2019Union des entreprises viticoles m\u00e9diterran\u00e9ennes (UEVM) aupr\u00e8s de ses adh\u00e9rents, 93 millions de bouteilles commercialis\u00e9es \u00e0 l\u2019export affichent chaque ann\u00e9e la mention \u00ab\u00a0Sud de France\u00a0\u00bb sur l\u2019\u00e9tiquette. Cela repr\u00e9sente plus d\u2019un milliard et demi de bouteilles depuis le lancement de la marque. Le co\u00fbt de la suppression de cette mention est \u00e9valu\u00e9 \u00e0 6 millions d\u2019euros\u2026<\/p>\n<p><strong>\u00ab\u00a0Une d\u00e9cision bureaucratique qu\u2019on ne comprend pas\u00a0\u00bb<\/strong>&#13;\n<\/p>\n<p>Pour Fran\u00e7oise Antech, \u00e0 la t\u00eate de la Maison Antech, entreprise familiale bas\u00e9e \u00e0 Limoux dans l\u2019Aude qui exporte 85\u00a0% de sa production, c\u2019est l\u2019incompr\u00e9hension\u00a0: \u00ab\u00a0C\u2019est d\u00e9solant. On a investi et travaill\u00e9 toutes ces ann\u00e9es pour cette marque dont on nous prive aujourd\u2019hui. C\u2019\u00e9tait un atout pr\u00e9cieux sur le grand export car le sud de la France, \u00e7a parle \u00e0 tout le monde, c\u2019est \u00e9vocateur d\u2019images positives. C\u2019est une d\u00e9cision bureaucratique qu\u2019on ne comprend pas\u00a0\u00bb.<\/p>\n<p>La d\u00e9cision est effectivement fond\u00e9e sur l\u2019interpr\u00e9tation du r\u00e8glement europ\u00e9en sur l\u2019\u00e9tiquetage.<\/p>\n<p>\u00ab Le Conseil d\u2019Etat s\u2019est octroy\u00e9 le droit d\u2019interpr\u00e9ter la r\u00e8glementation europ\u00e9enne, sans solliciter les institutions europ\u00e9ennes, sans consid\u00e9rer l\u2019argumentation \u00e9tay\u00e9e du rapporteur public et sans prendre en compte la r\u00e9alit\u00e9 \u00e9conomique de notre secteur\u00a0\u00bb, d\u00e9plore Jean-Claude Mas, pr\u00e9sident de l\u2019UEVM, qui ne veut pas l\u00e2cher le morceau. Nous allons porter l\u2019affaire devant la Cour europ\u00e9enne de justice\u00a0pour faire r\u00e9viser ce jugement calamiteux pour l\u2019ensemble de notre profession.\u00a0\u00bb<\/p>\n<p>Pour le n\u00e9gociant-producteur h\u00e9raultais, les implications de cette d\u00e9cision sont tr\u00e8s graves\u00a0: \u00ab\u00a0En nous privant de cette mention, on d\u00e9truit de la valeur ajout\u00e9e construite depuis vingt ans. Avec \u00ab\u00a0Sud de France\u00a0\u00bb, c\u2019est beaucoup plus qu\u2019une mention g\u00e9ographique qu\u2019on fait passer, c\u2019est un art de vivre que partagent beaucoup de nouveaux consommateurs. Si cette ann\u00e9e, mes ventes ont progress\u00e9 de 40\u00a0% aux Etats-Unis malgr\u00e9 la taxe Trump, c\u2019est gr\u00e2ce \u00e0 cette communication positive \u00bb, argumente-t-il.<\/p>\n<p><strong>Retirer cette mention est un travail colossal<\/strong>&#13;\n<\/p>\n<p>L\u2019interdiction d\u2019apposer cette mention sur les \u00e9tiquettes engendre \u00e9galement un travail monstrueux. Sur le march\u00e9 am\u00e9ricain, par exemple, toute nouvelle \u00e9tiquette doit \u00eatre valid\u00e9e au pr\u00e9alable par le Alcohol and Tobacco Trade Bureau. Et cette validation doit \u00eatre obtenue par chaque importateur.<\/p>\n<p>\u00ab\u00a0C\u2019est un travail colossal qui peut prendre six mois \u00e0 un an, peste Jean-Claude Mas. Si Notre- Dame a pu \u00eatre r\u00e9nov\u00e9e en cinq ans, c\u2019est que notre Pr\u00e9sident a su all\u00e9ger le carcan bureaucratique qui aurait n\u00e9cessit\u00e9 plus de vingt ans de travaux. Notre r\u00e9gion Occitanie vient d\u2019\u00eatre reconnue territoire d\u2019exception par les pouvoirs publics, pourquoi ne pas b\u00e9n\u00e9ficier de cette m\u00eame exception bureaucratique, sachant le poids que p\u00e8se la fili\u00e8re viticole dans l\u2019\u00e9conomie r\u00e9gionale\u00a0?\u00a0\u00bb<\/p>\n<p>N\u00e9anmoins, l\u2019UEVM a engag\u00e9 une r\u00e9flexion sur la recherche d\u2019une identit\u00e9 pour les vins de la r\u00e9gion qui r\u00e9v\u00e8lerait l\u2019imaginaire du sud de la France. Les r\u00e9sultats sont attendus pour d\u00e9but 2027.<\/p>\n","protected":false},"excerpt":{"rendered":"\u00ab\u00a0On nous tire une balle dans le pied au plus mauvais moment. Cette marque \u00ab\u00a0Sud de France\u00a0\u00bb pour&hellip;\n","protected":false},"author":2,"featured_media":590211,"comment_status":"","ping_status":"","sticky":false,"template":"","format":"standard","meta":{"footnotes":""},"categories":[4],"tags":[17,11,6195,2511,1129,1011,27,38850,12141,12,6342,25,7053,18999,18193],"class_list":{"0":"post-590210","1":"post","2":"type-post","3":"status-publish","4":"format-standard","5":"has-post-thumbnail","7":"category-france","8":"tag-17","9":"tag-actualites","10":"tag-balle","11":"tag-cest","12":"tag-climat","13":"tag-fr","14":"tag-france","15":"tag-linterdiction","16":"tag-marque","17":"tag-news","18":"tag-pied","19":"tag-republique-francaise","20":"tag-sud","21":"tag-tirer","22":"tag-viticulture"},"share_on_mastodon":{"url":"https:\/\/pubeurope.com\/@fr\/115694166580302710","error":""},"_links":{"self":[{"href":"https:\/\/www.europesays.com\/fr\/wp-json\/wp\/v2\/posts\/590210","targetHints":{"allow":["GET"]}}],"collection":[{"href":"https:\/\/www.europesays.com\/fr\/wp-json\/wp\/v2\/posts"}],"about":[{"href":"https:\/\/www.europesays.com\/fr\/wp-json\/wp\/v2\/types\/post"}],"author":[{"embeddable":true,"href":"https:\/\/www.europesays.com\/fr\/wp-json\/wp\/v2\/users\/2"}],"replies":[{"embeddable":true,"href":"https:\/\/www.europesays.com\/fr\/wp-json\/wp\/v2\/comments?post=590210"}],"version-history":[{"count":0,"href":"https:\/\/www.europesays.com\/fr\/wp-json\/wp\/v2\/posts\/590210\/revisions"}],"wp:featuredmedia":[{"embeddable":true,"href":"https:\/\/www.europesays.com\/fr\/wp-json\/wp\/v2\/media\/590211"}],"wp:attachment":[{"href":"https:\/\/www.europesays.com\/fr\/wp-json\/wp\/v2\/media?parent=590210"}],"wp:term":[{"taxonomy":"category","embeddable":true,"href":"https:\/\/www.europesays.com\/fr\/wp-json\/wp\/v2\/categories?post=590210"},{"taxonomy":"post_tag","embeddable":true,"href":"https:\/\/www.europesays.com\/fr\/wp-json\/wp\/v2\/tags?post=590210"}],"curies":[{"name":"wp","href":"https:\/\/api.w.org\/{rel}","templated":true}]}}