{"id":590214,"date":"2025-12-10T07:50:15","date_gmt":"2025-12-10T07:50:15","guid":{"rendered":"https:\/\/www.europesays.com\/fr\/590214\/"},"modified":"2025-12-10T07:50:15","modified_gmt":"2025-12-10T07:50:15","slug":"trelissac-conclut-trois-semaines-de-haut-niveau","status":"publish","type":"post","link":"https:\/\/www.europesays.com\/fr\/590214\/","title":{"rendered":"Tr\u00e9lissac conclut trois semaines de haut niveau"},"content":{"rendered":"<p>Gr\u00e2ce \u00e0 ces nouvelles installations, situ\u00e9es \u00e0 proximit\u00e9 du stade Firmin-Daudou, le comit\u00e9 p\u00e9rigourdin a pu s\u2019ins\u00e9rer dans le Circuit national des grands tournois (CNGT) de la F\u00e9d\u00e9ration fran\u00e7aise de tennis.<\/p>\n<p>Et donc recevoir, pour la premi\u00e8re fois, la cr\u00e8me de la cr\u00e8me des Tricolores. Pour Alexandre Bregeon, vice-pr\u00e9sident de l\u2019instance d\u00e9partementale, \u00ab\u00a0le CNGT est une r\u00e9f\u00e9rence, on peut ainsi voir les meilleurs\u00a0\u00bb \u00e0 l\u2019\u0153uvre.<\/p>\n<p>La finale aura lieu mercredi 10\u00a0d\u00e9cembre, \u00e0 partir de 14\u00a0heures. Mais les matches ont commenc\u00e9 il y a trois semaines, avec un tableau progressif. Pr\u00e8s de 220 participants \u00e9taient inscrits et \u00e0 chaque tour, des joueurs mieux class\u00e9s entraient en lice.<\/p>\n<p>Maxence Rivet de retour <\/p>\n<p>Parmi les pr\u00e9sents, des noms connus comme Lucas Bouquet, num\u00e9ro\u00a067 dans le classement national. Ou encore le Boulazacois Matt Ponchet (n\u00b0\u00a094), qui a pu se hisser jusqu\u2019en demi-finales apr\u00e8s avoir battu Bouquet, justement, en quarts (6-3, 6-1). Maxence Rivet, form\u00e9 \u00e0 Boulazac mais d\u00e9sormais \u00e0 Arras, \u00e9tait \u00e9galement de la partie.<\/p>\n<p>Ce mardi\u00a09, les demi-finales opposeront en soir\u00e9e Hugo Pierre (Melun, -15) \u00e0 Mathys Picard (Le Blanc-Mesnil, -4\/6), et Liam Branger (Clamart, -15) \u00e0 Matt Ponchet.<\/p>\n","protected":false},"excerpt":{"rendered":"Gr\u00e2ce \u00e0 ces nouvelles installations, situ\u00e9es \u00e0 proximit\u00e9 du stade Firmin-Daudou, le comit\u00e9 p\u00e9rigourdin a pu s\u2019ins\u00e9rer dans&hellip;\n","protected":false},"author":2,"featured_media":590215,"comment_status":"","ping_status":"","sticky":false,"template":"","format":"standard","meta":{"footnotes":""},"categories":[1415],"tags":[1011,27,60,1467],"class_list":{"0":"post-590214","1":"post","2":"type-post","3":"status-publish","4":"format-standard","5":"has-post-thumbnail","7":"category-tennis","8":"tag-fr","9":"tag-france","10":"tag-sports","11":"tag-tennis"},"share_on_mastodon":{"url":"https:\/\/pubeurope.com\/@fr\/115694182246672297","error":""},"_links":{"self":[{"href":"https:\/\/www.europesays.com\/fr\/wp-json\/wp\/v2\/posts\/590214","targetHints":{"allow":["GET"]}}],"collection":[{"href":"https:\/\/www.europesays.com\/fr\/wp-json\/wp\/v2\/posts"}],"about":[{"href":"https:\/\/www.europesays.com\/fr\/wp-json\/wp\/v2\/types\/post"}],"author":[{"embeddable":true,"href":"https:\/\/www.europesays.com\/fr\/wp-json\/wp\/v2\/users\/2"}],"replies":[{"embeddable":true,"href":"https:\/\/www.europesays.com\/fr\/wp-json\/wp\/v2\/comments?post=590214"}],"version-history":[{"count":0,"href":"https:\/\/www.europesays.com\/fr\/wp-json\/wp\/v2\/posts\/590214\/revisions"}],"wp:featuredmedia":[{"embeddable":true,"href":"https:\/\/www.europesays.com\/fr\/wp-json\/wp\/v2\/media\/590215"}],"wp:attachment":[{"href":"https:\/\/www.europesays.com\/fr\/wp-json\/wp\/v2\/media?parent=590214"}],"wp:term":[{"taxonomy":"category","embeddable":true,"href":"https:\/\/www.europesays.com\/fr\/wp-json\/wp\/v2\/categories?post=590214"},{"taxonomy":"post_tag","embeddable":true,"href":"https:\/\/www.europesays.com\/fr\/wp-json\/wp\/v2\/tags?post=590214"}],"curies":[{"name":"wp","href":"https:\/\/api.w.org\/{rel}","templated":true}]}}