{"id":590220,"date":"2025-12-10T07:56:14","date_gmt":"2025-12-10T07:56:14","guid":{"rendered":"https:\/\/www.europesays.com\/fr\/590220\/"},"modified":"2025-12-10T07:56:14","modified_gmt":"2025-12-10T07:56:14","slug":"samuel-paty-un-coup-de-carole-bouquet-sevanouit-lors-dune-scene-effroyable","status":"publish","type":"post","link":"https:\/\/www.europesays.com\/fr\/590220\/","title":{"rendered":"Samuel Paty : \u00ab\u00a0Un coup de&#8230;\u00a0\u00bb, Carole Bouquet s&rsquo;\u00e9vanouit lors d&rsquo;une sc\u00e8ne effroyable"},"content":{"rendered":"<p>Une soir\u00e9e charg\u00e9e <strong>d\u2019\u00e9motion<\/strong>. Mercredi 15<br \/>\noctobre, la com\u00e9dienne <a href=\"https:\/\/www.closermag.fr\/people\/au-risque-de-choquer-la-sortie-fracassante-de-carole-bouquet-sur-nicolas-sarkozy-3603170\" target=\"_blank\" rel=\"noopener\"><br \/>\nCarole Bouquet, qui a r\u00e9cemment donn\u00e9 son avis sur Nicolas<br \/>\nSarkozy<\/a>, assurait la premi\u00e8re de la pi\u00e8ce Le<br \/>\nProfesseur. Sur la sc\u00e8ne de La Scala Paris, c\u2019est un spectacle<br \/>\npr\u00e9sent\u00e9 comme un <strong>hommage<\/strong> vibrant aux <a href=\"https:\/\/www.closermag.fr\/tv_tele_realite\/une-confusion-vraiment-indigne-apres-une-nouvelle-bevue-de-lea-salame-au-20h-de-france-2-la-chaine-intervient-3586465\" target=\"_blank\" rel=\"noopener\"><br \/>\nenseignants assassin\u00e9s Dominique Bernard et Samuel Paty<\/a>. Alors<br \/>\nque la semaine avait \u00e9t\u00e9 marqu\u00e9e par une s\u00e9rie de<br \/>\n<strong>comm\u00e9morations<\/strong> dans les \u00e9coles, le<br \/>\n<strong>th\u00e9\u00e2tre<\/strong> s\u2019emparait \u00e0 son tour de cette m\u00e9moire<br \/>\n<strong>douloureuse<\/strong>.<\/p>\n<p>Mais en plein c\u0153ur de la <strong>repr\u00e9sentation<\/strong>, la<br \/>\ncom\u00e9dienne de 68 ans s\u2019est brusquement <strong>effondr\u00e9e<\/strong>,<br \/>\nprovoquant la <strong>stupeur<\/strong> du public. <a href=\"https:\/\/www.leparisien.fr\/culture-loisirs\/carole-bouquet-victime-dun-malaise-a-la-scala-la-metteuse-en-scene-finit-la-piece-15-10-2025-Y6AE737NJVBP7DBQLPFFYP27AQ.php\" target=\"_blank\" rel=\"nofollow noopener\">Comme le rapporte Le<br \/>\nParisien<\/a>, les spectateurs ont d\u2019abord cru \u00e0 un<br \/>\n<strong>effet de mise en sc\u00e8ne<\/strong> tant l\u2019univers de la pi\u00e8ce<br \/>\nest impr\u00e9gn\u00e9 de <strong>tension<\/strong> et de<br \/>\n<strong>d\u00e9tresse<\/strong>.<\/p>\n<p>Carole Bouquet s\u2019\u00e9vanouit : stupeur du public<\/p>\n<p>Imm\u00e9diatement prise en charge par le <strong>m\u00e9decin<\/strong> de<br \/>\npermanence, <a href=\"https:\/\/www.closermag.fr\/people\/carole-bouquet-cetait-un-desastre-ce-vieux-souci-medical-qui-a-fait-capoter-ses-repetitions-3586940\" target=\"_blank\" rel=\"noopener\"><br \/>\nl\u2019actrice Carole Bouquet, d\u00e9j\u00e0 touch\u00e9e par des soucis de sant\u00e9<\/a>,<br \/>\nn\u2019a pas <strong>pu remonter sur sc\u00e8ne<\/strong>. L\u2019\u00e9quipe s\u2019est<br \/>\nalors retrouv\u00e9e face \u00e0 un <strong>dilemme<\/strong>.<br \/>\n<strong>Interrompre<\/strong> la repr\u00e9sentation ou la<br \/>\n<strong>poursuivre<\/strong> autrement. Finalement, avec l\u2019accord du<br \/>\npublic, la metteuse en sc\u00e8ne Muriel Mayette-Holtz a<br \/>\n<strong>achev\u00e9<\/strong> elle-m\u00eame la pi\u00e8ce comme l\u2019indiquent Le<br \/>\nParisien et Th\u00e9\u00e2tral Magazine.<\/p>\n<p>\u00c0 la fin du spectacle, <a href=\"https:\/\/www.closermag.fr\/people\/elle-buguait-carole-bouquet-revient-courageusement-sur-scene-apres-son-malaise-et-ca-ne-fait-pas-que-des-heureux-3587175\" target=\"_blank\" rel=\"noopener\"><br \/>\nCarole Bouquet est revenue sur sc\u00e8ne<\/a>, visiblement<br \/>\n<strong>affaiblie<\/strong> mais consciente, accueillie par une<br \/>\nlongue <strong>ovation<\/strong>. Ce malaise a rappel\u00e9 l\u2019intensit\u00e9<br \/>\n<strong>\u00e9motionnelle<\/strong> du texte, adapt\u00e9 du roman d\u2019\u00c9milie<br \/>\nFr\u00e8che, qui plonge le spectateur dans <strong>l\u2019engrenage<\/strong><br \/>\nayant conduit au <strong>drame<\/strong> de 2020. La proximit\u00e9 entre<br \/>\n<strong>fiction<\/strong> et <strong>r\u00e9alit\u00e9<\/strong>, renforc\u00e9e par<br \/>\nle contexte national des <strong>hommages<\/strong>, rendait la<br \/>\nperformance particuli\u00e8rement <strong>\u00e9prouvante<\/strong>.<\/p>\n<p>\u201cUn coup de mou\u2026\u201d : l\u2019\u00e9tat de<br \/>\nsant\u00e9 de Carole Bouquet<\/p>\n<p>Au lendemain de l\u2019incident, la direction de La Scala Paris a<br \/>\ntenu \u00e0 <strong>rassurer<\/strong> sur son \u00e9tat de sant\u00e9.<br \/>\n\u2018\u2018Carole va mieux. Un <strong>coup de mou<\/strong>, \u00e7a arrive.<br \/>\nElle devrait <strong>reprendre<\/strong> la pi\u00e8ce d\u00e8s demain.\u2019\u2019<br \/>\na confi\u00e9 le th\u00e9\u00e2tre, cit\u00e9 par Le Parisien. Selon les<br \/>\npremiers \u00e9l\u00e9ments, le <strong>malaise<\/strong> serait li\u00e9 \u00e0 la<br \/>\n<strong>fatigue<\/strong> et \u00e0 <strong>l\u2019intensit\u00e9<br \/>\n\u00e9motionnelle<\/strong> de la sc\u00e8ne. Cela ne serait pas un<br \/>\n<strong>probl\u00e8me m\u00e9dical s\u00e9rieux.<\/strong><\/p>\n<p>\u00c0 68 ans, l\u2019actrice a d\u00e9montr\u00e9 son <strong>engagement<br \/>\ntotal<\/strong> dans ce r\u00f4le <strong>exigeant<\/strong> qu\u2019elle porte<br \/>\nseule sur sc\u00e8ne. La pi\u00e8ce Le Professeur continuera de se<br \/>\n<strong>jouer jusqu\u2019au 14 d\u00e9cembre 2025<\/strong>\u00a0\u00e0 La Scala<br \/>\nParis. Une \u0153uvre forte qui interroge la <strong>m\u00e9moire<br \/>\ncollective<\/strong> et la <strong>violence subie<\/strong> par les<br \/>\nenseignants. Carole Bouquet semble <strong>d\u00e9termin\u00e9e<\/strong> \u00e0<br \/>\ninterpr\u00e9ter ce r\u00f4le. En esp\u00e9rant qu\u2019elle ne rencontrera plus de<br \/>\n<strong>soucis de sant\u00e9 sur la sc\u00e8ne.<\/strong><\/p>\n","protected":false},"excerpt":{"rendered":"Une soir\u00e9e charg\u00e9e d\u2019\u00e9motion. Mercredi 15 octobre, la com\u00e9dienne Carole Bouquet, qui a r\u00e9cemment donn\u00e9 son avis sur&hellip;\n","protected":false},"author":2,"featured_media":590221,"comment_status":"","ping_status":"","sticky":false,"template":"","format":"standard","meta":{"footnotes":""},"categories":[1359],"tags":[21303,42573,58,59,1011,27,70202,973,35490],"class_list":{"0":"post-590220","1":"post","2":"type-post","3":"status-publish","4":"format-standard","5":"has-post-thumbnail","7":"category-people","8":"tag-buzz_nonli","9":"tag-carole-bouquet","10":"tag-divertissement","11":"tag-entertainment","12":"tag-fr","13":"tag-france","14":"tag-marfeel_connexes","15":"tag-people","16":"tag-samuel-paty"},"share_on_mastodon":{"url":"https:\/\/pubeurope.com\/@fr\/115694205901334604","error":""},"_links":{"self":[{"href":"https:\/\/www.europesays.com\/fr\/wp-json\/wp\/v2\/posts\/590220","targetHints":{"allow":["GET"]}}],"collection":[{"href":"https:\/\/www.europesays.com\/fr\/wp-json\/wp\/v2\/posts"}],"about":[{"href":"https:\/\/www.europesays.com\/fr\/wp-json\/wp\/v2\/types\/post"}],"author":[{"embeddable":true,"href":"https:\/\/www.europesays.com\/fr\/wp-json\/wp\/v2\/users\/2"}],"replies":[{"embeddable":true,"href":"https:\/\/www.europesays.com\/fr\/wp-json\/wp\/v2\/comments?post=590220"}],"version-history":[{"count":0,"href":"https:\/\/www.europesays.com\/fr\/wp-json\/wp\/v2\/posts\/590220\/revisions"}],"wp:featuredmedia":[{"embeddable":true,"href":"https:\/\/www.europesays.com\/fr\/wp-json\/wp\/v2\/media\/590221"}],"wp:attachment":[{"href":"https:\/\/www.europesays.com\/fr\/wp-json\/wp\/v2\/media?parent=590220"}],"wp:term":[{"taxonomy":"category","embeddable":true,"href":"https:\/\/www.europesays.com\/fr\/wp-json\/wp\/v2\/categories?post=590220"},{"taxonomy":"post_tag","embeddable":true,"href":"https:\/\/www.europesays.com\/fr\/wp-json\/wp\/v2\/tags?post=590220"}],"curies":[{"name":"wp","href":"https:\/\/api.w.org\/{rel}","templated":true}]}}