{"id":590222,"date":"2025-12-10T07:57:11","date_gmt":"2025-12-10T07:57:11","guid":{"rendered":"https:\/\/www.europesays.com\/fr\/590222\/"},"modified":"2025-12-10T07:57:11","modified_gmt":"2025-12-10T07:57:11","slug":"pourquoi-les-experts-disent-quil-explose-dans-la-deco-en-2025-et-comment-ladopter-sans-se-tromper-le-journal-de-la-maison","status":"publish","type":"post","link":"https:\/\/www.europesays.com\/fr\/590222\/","title":{"rendered":"pourquoi les experts disent qu&rsquo;il explose dans la d\u00e9co en 2025 (et comment l&rsquo;adopter sans se tromper) Le Journal de la Maison."},"content":{"rendered":"<p>Velours caramel, verre fum\u00e9, teintes olive et orange br\u00fbl\u00e9<br \/>\ns\u00a0\u00bbinvitent partout : dans les vitrines d\u00e9co, sur Instagram, jusque<br \/>\ndans les catalogues de grandes enseignes. Ce que l&rsquo;on associait aux<br \/>\nsalons des ann\u00e9es 1970 revient sur le devant de la sc\u00e8ne, mais dans<br \/>\nune version assum\u00e9e et chic. Derri\u00e8re ces canap\u00e9s bas, ces tapis \u00e0<br \/>\npoils longs et ces lampes sculpturales se cache un courant pr\u00e9cis :<br \/>\nle <strong>design r\u00e9tro<\/strong>, devenu l&rsquo;une des grandes<br \/>\ntendances d\u00e9co du moment.<\/p>\n<p>Pourtant, ce style ne se r\u00e9duit ni au vintage en vrac ni \u00e0 une<br \/>\nreconstitution de d\u00e9cor de film. Beaucoup de Fran\u00e7ais qui retapent<br \/>\nune maison ou veulent r\u00e9chauffer un salon se demandent ce qui se<br \/>\ncache exactement derri\u00e8re cette \u00e9tiquette, et pourquoi elle fait<br \/>\nautant parler en 2025. Les designers qui travaillent ce style<br \/>\ndepuis des ann\u00e9es d\u00e9crivent un \u00e9tat d&rsquo;esprit tr\u00e8s particulier, loin<br \/>\nde la simple nostalgie. Et leurs confidences \u00e9clairent d&rsquo;un jour<br \/>\nnouveau nos envies de couleurs et de souvenirs.<\/p>\n<p>Design r\u00e9tro : une ambiance, pas un d\u00e9guisement<\/p>\n<p>Les d\u00e9corateurs situent g\u00e9n\u00e9ralement le <strong>style<br \/>\nr\u00e9tro<\/strong> entre les ann\u00e9es 1960 et le d\u00e9but des ann\u00e9es 1980,<br \/>\nmais ils insistent sur le fait qu&rsquo;il ne s&rsquo;agit pas de copier un<br \/>\nd\u00e9cor d&rsquo;\u00e9poque \u00e0 la lettre. \u00ab\u00a0Ce n&rsquo;est pas une copie d&rsquo;une d\u00e9cennie,<br \/>\nc&rsquo;est la capture d&rsquo;une ambiance. C&rsquo;est confiant, color\u00e9 et un peu<br \/>\nsauvage. Il y a aussi de la chaleur. On ressent quelque chose quand<br \/>\non entre dans la pi\u00e8ce\u00a0\u00bb, d\u00e9crit Kasandra Rafter, de Canyon Creative<br \/>\nStudio. Elle met aussi en garde : \u00ab\u00a0Quand le r\u00e9tro para\u00eet forc\u00e9, il<br \/>\nperd son \u00e2me. Il cesse d&rsquo;\u00eatre une question de cr\u00e9ativit\u00e9 et<br \/>\ncommence \u00e0 ressembler \u00e0 un costume. Le vrai r\u00e9tro doit sembler<br \/>\npersonnel, comme trouv\u00e9\u00a0\u00bb, explique Kasandra Rafter, cit\u00e9e par House<br \/>\nBeautiful.<\/p>\n<p>Par rapport au tr\u00e8s codifi\u00e9 mid\u2011century modern, n\u00e9 dans<br \/>\nl&rsquo;apr\u00e8s\u2011guerre, l&rsquo;esth\u00e9tique r\u00e9tro appara\u00eet plus libre et d\u00e9tendue.<br \/>\n\u00ab\u00a0Le design moderniste du milieu du si\u00e8cle se prenait plus au<br \/>\ns\u00e9rieux que le design r\u00e9tro\u00a0\u00bb, observe Sarah Randolph, de Randolph<br \/>\nInterior Design. \u00ab\u00a0On peut voir le r\u00e9tro comme la s\u0153ur plus glamour<br \/>\net plus boh\u00e8me du style mid\u2011century\u00a0\u00bb, ajoute Kati Curtis. Dans les<br \/>\nint\u00e9rieurs qu&rsquo;elle signe, la d\u00e9coratrice d\u00e9crit \u00ab\u00a0des pi\u00e8ces<br \/>\nsatur\u00e9es de couleur, un mobilier sculptural, des motifs ludiques et<br \/>\nun go\u00fbt pour le fait main\u00a0\u00bb et r\u00e9sume : \u00ab\u00a0Le r\u00e9tro est audacieux et<br \/>\nn&rsquo;a pas peur de m\u00e9langer influences, styles et p\u00e9riodes\u00a0\u00bb.<\/p>\n<p>Les codes du design r\u00e9tro qui reviennent en force<\/p>\n<p>Dans la <strong>d\u00e9co r\u00e9tro<\/strong>, la couleur ne se chuchote<br \/>\npas. Les palettes typiques empilent rouges profonds, rouille, verts<br \/>\nolive et avocat, avec beaucoup de bois teint\u00e9, tons ambre et<br \/>\ncaramel. L&rsquo;\u00e9clairage y joue un r\u00f4le majeur : formes exag\u00e9r\u00e9es,<br \/>\nglobes en verre fum\u00e9, abat\u2011jour pliss\u00e9s, lampes en c\u00e9ramique. \u00ab\u00a0Les<br \/>\nluminaires et les meubles sont devenus des pi\u00e8ces manifeste dans<br \/>\nles maisons\u00a0\u00bb, rappelle Katalin Farnady, de Farnady Interiors. Pour<br \/>\nr\u00e9chauffer un int\u00e9rieur trop sage, Kati Curtis conseille aussi \u00ab\u00a0des<br \/>\ncoussins en velours, des rideaux \u00e0 motifs ou un tapis vintage Tulu<br \/>\npour sublimer une pi\u00e8ce autrement terne ou minimaliste\u00a0\u00bb, pr\u00e9cise<br \/>\nKati Curtis.<\/p>\n<p>C\u00f4t\u00e9 motifs, les int\u00e9rieurs r\u00e9tro assument les papiers peints<br \/>\ng\u00e9om\u00e9triques tr\u00e8s graphiques, les fleurs stylis\u00e9es et les tapis<br \/>\nshaggy qui donnent du mouvement. Le c\u00e9l\u00e8bre \u00ab\u00a0conversation pit\u00a0\u00bb, ce<br \/>\nsalon en contrebas o\u00f9 l&rsquo;on s&rsquo;affale tous ensemble, illustre bien<br \/>\ncet esprit convivial. \u00ab\u00a0Les meubles n&rsquo;\u00e9taient pas sur\u2011rembourr\u00e9s et<br \/>\ngardaient encore certains \u00e9l\u00e9ments de design de l&rsquo;\u00e8re mid\u2011century<br \/>\npr\u00e9c\u00e9dente\u00a0\u00bb, raconte Sarah Randolph \u00e0 propos de ces ann\u00e9es. Sur un<br \/>\nprojet tr\u00e8s seventies, elle se souvient : \u00ab\u00a0Nous avons mis\u00e9 sur des<br \/>\ncouleurs vives, des boiseries teint\u00e9es, de la moquette shag, un<br \/>\n\u00e9clairage ludique et un immense canap\u00e9 en fosse de conversation<br \/>\ndans le salon\u00a0\u00bb, explique Sarah Randolph.<\/p>\n<ul>\n<li>Palettes de couleurs satur\u00e9es et terreuses (moutarde, rouille,<br \/>\nvert avocat).<\/li>\n<li>Bois fonc\u00e9 ou teint\u00e9 et mat\u00e9riaux r\u00e9tro comme le verre fum\u00e9, le<br \/>\nlaiton ou la lucite.<\/li>\n<li>Formes courbes, canap\u00e9s bas et tables en plexiglas ou en<br \/>\nr\u00e9sine.<\/li>\n<li>Textiles g\u00e9n\u00e9reux (velours, boucl\u00e9, tapis \u00e0 poils longs) dans<br \/>\nchaue pi\u00e8ce.<\/li>\n<\/ul>\n<p>Pourquoi le design r\u00e9tro cartonne et<br \/>\ncomment l&rsquo;adopter chez soi<\/p>\n<p>La force du <strong>design r\u00e9tro<\/strong> aujourd&rsquo;hui tient \u00e0 ce<br \/>\nqu&rsquo;il touche quelque chose de tr\u00e8s intime. \u00ab\u00a0Il y a l\u00e0 quelque chose<br \/>\nd&rsquo;\u00e9motionnel\u00a0\u00bb, confie Kasandra Rafter. \u00ab\u00a0Cela rappelle aux gens leur<br \/>\nenfance ou la maison de leurs parents ou de leurs grands\u2011parents,<br \/>\nmais en version cool\u00a0\u00bb. Dans un march\u00e9 satur\u00e9 de salons gris et<br \/>\nminimalistes, Kati Curtis voit dans ce retour une respiration<br \/>\nbienvenue : \u00ab\u00a0Le design r\u00e9tro nous donne la permission de m\u00e9langer<br \/>\nles motifs, d&rsquo;honorer l&rsquo;artisanat et d&rsquo;int\u00e9grer des pi\u00e8ces vintage<br \/>\nporteuses de sens qui racontent une histoire\u00a0\u00bb, explique la<br \/>\ndesigner, pour qui ce style constitue aussi \u00ab\u00a0un contrepoids au<br \/>\nminimalisme gris que nous avons vu pendant bien trop d&rsquo;ann\u00e9es<br \/>\nmaintenant\u00a0\u00bb. Une dynamique que l&rsquo;on retrouve aussi dans les<br \/>\nrep\u00e9rages de Maison et Travaux pour les collections d\u00e9co 2025.<\/p>\n<p>Pour l&rsquo;introduire \u00e0 la maison, mieux vaut y aller par touches<br \/>\nplut\u00f4t que de tout refaire. Coussins tr\u00e8s color\u00e9s, tableaux<br \/>\nvibrants, miroir ou cadre photo chin\u00e9s, lampe en verre fum\u00e9 pos\u00e9e<br \/>\nsur un buffet suffisent d\u00e9j\u00e0 \u00e0 installer le ton. Beaucoup de<br \/>\nd\u00e9corateurs recommandent ensuite d&rsquo;ajouter du bois chaud et teint\u00e9<br \/>\nsur une paroi ou \u00e0 travers un meuble simple, puis de travailler<br \/>\nl&rsquo;\u00e9clairage sculptural avant de s&rsquo;attaquer aux gros travaux. Une<br \/>\nfois cette base pos\u00e9e, quelques pi\u00e8ces plus spectaculaires, comme<br \/>\nun fauteuil vintage en bois br\u00e9silien, une chaise en r\u00e9sine sign\u00e9e<br \/>\nou une petite table basse en laiton, peuvent devenir le point focal<br \/>\nd&rsquo;une pi\u00e8ce et donner \u00e0 l&rsquo;ensemble ce twist r\u00e9tro ultra actuel.<\/p>\n","protected":false},"excerpt":{"rendered":"Velours caramel, verre fum\u00e9, teintes olive et orange br\u00fbl\u00e9 s\u00a0\u00bbinvitent partout : dans les vitrines d\u00e9co, sur Instagram,&hellip;\n","protected":false},"author":2,"featured_media":590223,"comment_status":"","ping_status":"","sticky":false,"template":"","format":"standard","meta":{"footnotes":""},"categories":[1358],"tags":[930,17,1348,1384,1385,9240,17488,20,1446,8117,1386,11352,58,3026,59,12219,11105,40652,1011,27,4743,68383,151,852,7555,18017,746,11985,14356,4561,16283,43360,19657],"class_list":{"0":"post-590222","1":"post","2":"type-post","3":"status-publish","4":"format-standard","5":"has-post-thumbnail","7":"category-arts-et-design","8":"tag-le","9":"tag-17","10":"tag-arts","11":"tag-arts-and-design","12":"tag-arts-et-design","13":"tag-cache","14":"tag-ce","15":"tag-comment","16":"tag-dans","17":"tag-deco","18":"tag-design","19":"tag-disent","20":"tag-divertissement","21":"tag-en","22":"tag-entertainment","23":"tag-et","24":"tag-experts","25":"tag-explose","26":"tag-fr","27":"tag-france","28":"tag-la","29":"tag-ladopter","30":"tag-les","31":"tag-nos","32":"tag-pourquoi","33":"tag-quil","34":"tag-que","35":"tag-retro","36":"tag-salons","37":"tag-sans","38":"tag-se","39":"tag-tromper","40":"tag-vraiment"},"share_on_mastodon":{"url":"https:\/\/pubeurope.com\/@fr\/115694209819569681","error":""},"_links":{"self":[{"href":"https:\/\/www.europesays.com\/fr\/wp-json\/wp\/v2\/posts\/590222","targetHints":{"allow":["GET"]}}],"collection":[{"href":"https:\/\/www.europesays.com\/fr\/wp-json\/wp\/v2\/posts"}],"about":[{"href":"https:\/\/www.europesays.com\/fr\/wp-json\/wp\/v2\/types\/post"}],"author":[{"embeddable":true,"href":"https:\/\/www.europesays.com\/fr\/wp-json\/wp\/v2\/users\/2"}],"replies":[{"embeddable":true,"href":"https:\/\/www.europesays.com\/fr\/wp-json\/wp\/v2\/comments?post=590222"}],"version-history":[{"count":0,"href":"https:\/\/www.europesays.com\/fr\/wp-json\/wp\/v2\/posts\/590222\/revisions"}],"wp:featuredmedia":[{"embeddable":true,"href":"https:\/\/www.europesays.com\/fr\/wp-json\/wp\/v2\/media\/590223"}],"wp:attachment":[{"href":"https:\/\/www.europesays.com\/fr\/wp-json\/wp\/v2\/media?parent=590222"}],"wp:term":[{"taxonomy":"category","embeddable":true,"href":"https:\/\/www.europesays.com\/fr\/wp-json\/wp\/v2\/categories?post=590222"},{"taxonomy":"post_tag","embeddable":true,"href":"https:\/\/www.europesays.com\/fr\/wp-json\/wp\/v2\/tags?post=590222"}],"curies":[{"name":"wp","href":"https:\/\/api.w.org\/{rel}","templated":true}]}}