{"id":590224,"date":"2025-12-10T07:59:13","date_gmt":"2025-12-10T07:59:13","guid":{"rendered":"https:\/\/www.europesays.com\/fr\/590224\/"},"modified":"2025-12-10T07:59:13","modified_gmt":"2025-12-10T07:59:13","slug":"une-bourde-de-lagence-de-mimi-marchand-qui-a-envoye-la-video-a-la-presse-people","status":"publish","type":"post","link":"https:\/\/www.europesays.com\/fr\/590224\/","title":{"rendered":"Une bourde de l\u2019agence de Mimi Marchand qui a envoy\u00e9 la vid\u00e9o \u00e0 la presse people"},"content":{"rendered":"<p>M\u00e9fiez-vous de vos amis, ils peuvent vous trahir (sans le faire expr\u00e8s). Brigitte Macron en sait quelque chose. La vid\u00e9o dans laquelle la premi\u00e8re dame <a href=\"https:\/\/www.20minutes.fr\/societe\/4190435-20251208-brigitte-macron-traite-sales-connes-feministes-perturbe-spectacle-ary-abittan\" target=\"_blank\" class=\"c-link c-link--is-underlined\" rel=\"noopener\">qualifie des militantes f\u00e9ministes de \u00ab\u00a0sales connes\u00a0\u00bb<\/a> a \u00e9t\u00e9 diffus\u00e9e \u00e0 la presse people \u00e0 la suite d\u2019une bourde de l\u2019agence Bestimage, dont la patronne est <a href=\"https:\/\/www.20minutes.fr\/arts-stars\/people\/4161494-20250702-karine-marchand-reagit-condamnation-mimi-marchand-accusations-chantage\" target=\"_blank\" class=\"c-link c-link--is-underlined\" rel=\"noopener\">Mimi Marchand<\/a>, une proche de la <a href=\"https:\/\/www.20minutes.fr\/politique\/brigitte-macron\/\" class=\"c-link c-link--is-underlined\" target=\"_blank\" rel=\"noopener\">Brigitte Macron<\/a>, selon des informations du Parisien confirm\u00e9es mardi \u00e0 l\u2019AFP par Bestimage.<\/p>\n<p>L\u2019\u00e9pouse du chef de l\u2019Etat a qualifi\u00e9 dimanche de \u00ab\u00a0sales connes\u00a0\u00bb des militantes f\u00e9ministes qui ont interrompu samedi un spectacle de l\u2019humoriste <a href=\"https:\/\/www.20minutes.fr\/arts-stars\/people\/4084641-20240403-accuse-viol-acteur-humoriste-ary-abittan-vient-beneficier-non-lieu\" target=\"_blank\" class=\"c-link c-link--is-underlined\" rel=\"noopener\">Ary Abittan<\/a>, selon une vid\u00e9o publi\u00e9e par le site de l\u2019hebdomadaire Public.<\/p>\n<p>Le son n\u2019a pas \u00e9t\u00e9 v\u00e9rifi\u00e9<\/p>\n<p>Ces images, capt\u00e9es en coulisses peu avant la repr\u00e9sentation, ont \u00e9t\u00e9 r\u00e9alis\u00e9es par un photographe vid\u00e9aste de Bestimage, agence sp\u00e9cialis\u00e9e dans l\u2019actualit\u00e9 people dirig\u00e9e par <a href=\"https:\/\/www.20minutes.fr\/justice\/4161331-20250701-justice-accusee-chantage-karine-marchand-mimi-marchand-condamnee-18-mois-prison-sursis\" target=\"_blank\" class=\"c-link c-link--is-underlined\" rel=\"noopener\">Mimi Marchand<\/a>, proche de Brigitte Macron. Diff\u00e9rentes s\u00e9quences ont ensuite \u00e9t\u00e9 vendues \u00e0 Paris Match, Closer et Public, mais sans que le son ni les dialogues n\u2019aient \u00e9t\u00e9 v\u00e9rifi\u00e9s, selon Bestimage.<\/p>\n<p>Mimi Marchand, qui veille habituellement sur les images envoy\u00e9es, \u00e9tait absente en raison d\u2019un deuil, selon l\u2019agence. Public, qui a re\u00e7u la s\u00e9quence pol\u00e9mique, n\u2019a pas confirm\u00e9 au Parisien l\u2019avoir obtenue via Bestimage.<\/p>\n<p>\u00ab\u00a0Une critique de la m\u00e9thode radicale employ\u00e9e\u00a0\u00bb<\/p>\n<p>Samedi soir, quatre militantes du collectif f\u00e9ministe #<a href=\"https:\/\/www.20minutes.fr\/societe\/4190619-20251209-apres-propos-brigitte-macron-expression-sale-conne-devient-hashtag-tendance-reseaux\" target=\"_blank\" class=\"c-link c-link--is-underlined\" rel=\"noopener\">NousToutes<\/a>, portant des masques \u00e0 l\u2019effigie d\u2019Ary Abittan avec la mention \u00ab\u00a0violeur\u00a0\u00bb, ont interrompu son spectacle dans la salle parisienne des Folies Berg\u00e8re, selon cette organisation.<\/p>\n<p>Fin\u00a02021, l\u2019humoriste a \u00e9t\u00e9 accus\u00e9 de viol par une jeune femme qu\u2019il fr\u00e9quentait depuis quelques semaines. Apr\u00e8s trois ans d\u2019enqu\u00eate, l\u2019instruction a <a href=\"https:\/\/www.20minutes.fr\/arts-stars\/people\/4136325-20250130-accusations-viol-non-lieu-acteur-humoriste-ary-abittan-vient-etre-confirme-appel\" target=\"_blank\" class=\"c-link c-link--is-underlined\" rel=\"noopener\">abouti \u00e0 un non-lieu<\/a> pour <a href=\"https:\/\/www.20minutes.fr\/justice\/4084673-20240403-violences-sexuelles-pourquoi-si-complexe-trouver-preuves\" target=\"_blank\" class=\"c-link c-link--is-underlined\" rel=\"noopener\">manque d\u2019indices suffisants<\/a>, confirm\u00e9 en appel en janvier. Mardi, son avocate a rappel\u00e9 qu\u2019il \u00e9tait \u00ab\u00a0innocent\u00a0\u00bb aux yeux de la justice. Interrog\u00e9 par l\u2019AFP, l\u2019entourage de Brigitte Macron avait assur\u00e9 qu\u2019il ne fallait \u00ab\u00a0voir dans cet \u00e9change qu\u2019une critique de la m\u00e9thode radicale employ\u00e9e\u00a0\u00bb par les militantes.<\/p>\n","protected":false},"excerpt":{"rendered":"M\u00e9fiez-vous de vos amis, ils peuvent vous trahir (sans le faire expr\u00e8s). Brigitte Macron en sait quelque chose.&hellip;\n","protected":false},"author":2,"featured_media":590225,"comment_status":"","ping_status":"","sticky":false,"template":"","format":"standard","meta":{"footnotes":""},"categories":[1356],"tags":[47,986,70325,251,58,59,6757,1011,27,500,5818,973,316,252,1364,799],"class_list":{"0":"post-590224","1":"post","2":"type-post","3":"status-publish","4":"format-standard","5":"has-post-thumbnail","7":"category-television","8":"tag-actualite","9":"tag-brigitte-macron","10":"tag-closer","11":"tag-culture","12":"tag-divertissement","13":"tag-entertainment","14":"tag-feminisme","15":"tag-fr","16":"tag-france","17":"tag-medias","18":"tag-paris-match","19":"tag-people","20":"tag-politique","21":"tag-television","22":"tag-tv","23":"tag-violences-sexuelles"},"share_on_mastodon":{"url":"https:\/\/pubeurope.com\/@fr\/115694217797891823","error":""},"_links":{"self":[{"href":"https:\/\/www.europesays.com\/fr\/wp-json\/wp\/v2\/posts\/590224","targetHints":{"allow":["GET"]}}],"collection":[{"href":"https:\/\/www.europesays.com\/fr\/wp-json\/wp\/v2\/posts"}],"about":[{"href":"https:\/\/www.europesays.com\/fr\/wp-json\/wp\/v2\/types\/post"}],"author":[{"embeddable":true,"href":"https:\/\/www.europesays.com\/fr\/wp-json\/wp\/v2\/users\/2"}],"replies":[{"embeddable":true,"href":"https:\/\/www.europesays.com\/fr\/wp-json\/wp\/v2\/comments?post=590224"}],"version-history":[{"count":0,"href":"https:\/\/www.europesays.com\/fr\/wp-json\/wp\/v2\/posts\/590224\/revisions"}],"wp:featuredmedia":[{"embeddable":true,"href":"https:\/\/www.europesays.com\/fr\/wp-json\/wp\/v2\/media\/590225"}],"wp:attachment":[{"href":"https:\/\/www.europesays.com\/fr\/wp-json\/wp\/v2\/media?parent=590224"}],"wp:term":[{"taxonomy":"category","embeddable":true,"href":"https:\/\/www.europesays.com\/fr\/wp-json\/wp\/v2\/categories?post=590224"},{"taxonomy":"post_tag","embeddable":true,"href":"https:\/\/www.europesays.com\/fr\/wp-json\/wp\/v2\/tags?post=590224"}],"curies":[{"name":"wp","href":"https:\/\/api.w.org\/{rel}","templated":true}]}}