{"id":590226,"date":"2025-12-10T08:00:38","date_gmt":"2025-12-10T08:00:38","guid":{"rendered":"https:\/\/www.europesays.com\/fr\/590226\/"},"modified":"2025-12-10T08:00:38","modified_gmt":"2025-12-10T08:00:38","slug":"alissa-white-gluz-le-clip-officiel-de-the-room-where-she-died","status":"publish","type":"post","link":"https:\/\/www.europesays.com\/fr\/590226\/","title":{"rendered":"ALISSA WHITE-GLUZ Le clip officiel de \u00ab\u00a0The Room Where She Died\u00a0\u00bb"},"content":{"rendered":"<p>\t\t\t\t\t<img decoding=\"async\" src=\"https:\/\/www.europesays.com\/fr\/wp-content\/uploads\/2025\/12\/Heilemania.jpg\" style=\"height: 485px; width: 850px;\"\/>&#13;<\/p>\n<p>\u00a9 RHeilemania | Napalm Records<\/p>\n<p>&#13;<\/p>\n<p>&#13;<br \/>\nLa Canadienne <strong>Alissa White-Gluz<\/strong>, v\u00e9ritable force de la nature, lance sa carri\u00e8re solo tant attendue avec son nouveau single, \u00ab\u00a0The Room Where She Died\u00a0\u00bb, chez Napalm Records.<\/p>\n<p>Pendant des ann\u00e9es, <strong>Alissa <\/strong>a partag\u00e9 sa musique originale et r\u00e9alis\u00e9 ses propres clips en exclusivit\u00e9 avec sa communaut\u00e9 Patreon. Aujourd&rsquo;hui, cette artiste aux multiples talents a d\u00e9voil\u00e9 le clip de son nouveau single. Forte d&rsquo;une exp\u00e9rience sur les plus grandes sc\u00e8nes internationales, reconnue comme l&rsquo;une des voix les plus embl\u00e9matiques du death metal m\u00e9lodique et figure incontournable de cette sc\u00e8ne, <strong>Alissa <\/strong>s&rsquo;associe cette fois-ci \u00e0 <strong>Oliver Palotai<\/strong>, du groupe KAMELOT, avec qui elle a d\u00e9j\u00e0 collabor\u00e9 \u00e0 plusieurs reprises sur sc\u00e8ne et en tant que co-auteure et compositrice.<\/p>\n<p>\u00ab\u00a0The Room Where She Died\u00a0\u00bb marque une rupture avec le style qui l&rsquo;a rendue c\u00e9l\u00e8bre ces derni\u00e8res ann\u00e9es : exploitant toute l&rsquo;\u00e9tendue de sa voix, aussi bien claire que gutturale, elle enrichit cette composition sophistiqu\u00e9e d&rsquo;une introduction orchestrale, de riffs accrocheurs et m\u00eame d&rsquo;un interlude jazzy. \u00c0 la fois puissant et entra\u00eenant, ce titre, port\u00e9 par le charisme de la chanteuse, insuffle une nouvelle \u00e9nergie \u00e0 la sc\u00e8ne metal. Un seul single suffit \u00e0 <strong>Alissa <\/strong>pour conqu\u00e9rir le monde du metal et prouver \u00e0 tous et toutes que cette ic\u00f4ne est l\u00e0 pour durer.<\/p>\n<p>\u00ab \u00ab\u00a0The Room Where She Died\u00a0\u00bb marque le d\u00e9but d&rsquo;un nouveau chapitre pour moi, n\u00e9 d&rsquo;une cr\u00e9ativit\u00e9 intense et d&rsquo;une flamme renouvel\u00e9e, commente <strong>Alissa\u00a0White-Gluz<\/strong>. C&rsquo;est le premier pas vers un univers que je construis discr\u00e8tement depuis des ann\u00e9es, et l&rsquo;une de mes nombreuses collaborations avec Oliver Palotai, mon camarade de KAMELOT, avec qui j&rsquo;ai trouv\u00e9 une formidable alchimie cr\u00e9ative. Composer cette musique, \u00e9crire le clip et m\u00eame r\u00e9aliser moi-m\u00eame la pochette du single m&rsquo;a revigor\u00e9 d&rsquo;une mani\u00e8re inattendue, me rappelant pr\u00e9cis\u00e9ment pourquoi j&rsquo;aime cr\u00e9er. J&rsquo;affine mes comp\u00e9tences d&rsquo;interpr\u00e8te, de chanteuse et d&rsquo;auteure-compositrice depuis de nombreuses ann\u00e9es, et j&rsquo;ai le sentiment d&rsquo;\u00eatre enfin pr\u00eat \u00e0 laisser mon travail s&rsquo;exprimer pleinement. J&rsquo;y ai mis toute ma passion, toute ma douleur et toute ma d\u00e9termination, et je ne me suis jamais senti aussi inspir\u00e9. J&rsquo;esp\u00e8re que vous ressentirez vous aussi cette \u00e9tincelle, car ce n&rsquo;est que le d\u00e9but ! Je suis infiniment reconnaissante de l&rsquo;accueil incroyable r\u00e9serv\u00e9 \u00e0 \u00ab\u00a0The Room Where She Died\u00a0\u00bb, et de tout l&rsquo;amour et les encouragements que j&rsquo;ai d\u00e9j\u00e0 re\u00e7us de mes pairs, de mes fans et de la communaut\u00e9 metal en g\u00e9n\u00e9ral. Merci !\u00a0\u00bb<\/p>\n<p style=\"text-align: center;\">\u200b<\/p>\n<p>\t\t\t\t\t\t<img loading=\"lazy\" decoding=\"async\" src=\"https:\/\/www.europesays.com\/fr\/wp-content\/uploads\/2025\/08\/WP_20140517_012_200x200.png\" width=\"100\" height=\"100\" class=\"circle\" alt=\"Blogger : Christophe Droit\" title=\"Christophe Droit\"\/>\t\t\t\t\t\t<\/p>\n<p>Au sujet de l&rsquo;auteur<\/p>\n<p>Christophe Droit<\/p>\n<p>Animateur radio chevronn\u00e9 de la r\u00e9gion toulousaine, fid\u00e8le partenaire de HARD FORCE depuis toujours, Christophe, alias \u00ab\u00a0Godzilla\u00a0\u00bb, a particip\u00e9 \u00e0 l&rsquo;\u00e9laboration du projet Radio Force (CD &amp; Musique) encart\u00e9 dans le magazine jusqu&rsquo;en 2000. &#13;<br \/>\nDepuis 2008, il supervise l&rsquo;\u00e9quipe et l&rsquo;actualit\u00e9 dans HARD FORCE et sur Facebook et anime de tr\u00e8s nombreuses \u00e9missions sur HEAVY1, notamment NOISEWEEK tous les vendredis soirs, consacr\u00e9e \u00e0 l&rsquo;actualit\u00e9 discographique de la semaine.<\/p>\n<p>\t\t\t\t\t\t<a href=\"https:\/\/hardforce.com\/blogger\/christophe-droit\" title=\"Christophe Droit\" target=\"_blank\" rel=\"noopener\">Ses autres publications<\/a>\t\t\t\t\t<\/p>\n","protected":false},"excerpt":{"rendered":"&#13; \u00a9 RHeilemania | Napalm Records &#13; &#13; La Canadienne Alissa White-Gluz, v\u00e9ritable force de la nature, lance&hellip;\n","protected":false},"author":2,"featured_media":590227,"comment_status":"","ping_status":"","sticky":false,"template":"","format":"standard","meta":{"footnotes":""},"categories":[1355],"tags":[67062,58,59,1011,27,1361,873,70326],"class_list":{"0":"post-590226","1":"post","2":"type-post","3":"status-publish","4":"format-standard","5":"has-post-thumbnail","7":"category-musique","8":"tag-alissa-white-gluz","9":"tag-divertissement","10":"tag-entertainment","11":"tag-fr","12":"tag-france","13":"tag-music","14":"tag-musique","15":"tag-napalm-records"},"share_on_mastodon":{"url":"https:\/\/pubeurope.com\/@fr\/115694222526490699","error":""},"_links":{"self":[{"href":"https:\/\/www.europesays.com\/fr\/wp-json\/wp\/v2\/posts\/590226","targetHints":{"allow":["GET"]}}],"collection":[{"href":"https:\/\/www.europesays.com\/fr\/wp-json\/wp\/v2\/posts"}],"about":[{"href":"https:\/\/www.europesays.com\/fr\/wp-json\/wp\/v2\/types\/post"}],"author":[{"embeddable":true,"href":"https:\/\/www.europesays.com\/fr\/wp-json\/wp\/v2\/users\/2"}],"replies":[{"embeddable":true,"href":"https:\/\/www.europesays.com\/fr\/wp-json\/wp\/v2\/comments?post=590226"}],"version-history":[{"count":0,"href":"https:\/\/www.europesays.com\/fr\/wp-json\/wp\/v2\/posts\/590226\/revisions"}],"wp:featuredmedia":[{"embeddable":true,"href":"https:\/\/www.europesays.com\/fr\/wp-json\/wp\/v2\/media\/590227"}],"wp:attachment":[{"href":"https:\/\/www.europesays.com\/fr\/wp-json\/wp\/v2\/media?parent=590226"}],"wp:term":[{"taxonomy":"category","embeddable":true,"href":"https:\/\/www.europesays.com\/fr\/wp-json\/wp\/v2\/categories?post=590226"},{"taxonomy":"post_tag","embeddable":true,"href":"https:\/\/www.europesays.com\/fr\/wp-json\/wp\/v2\/tags?post=590226"}],"curies":[{"name":"wp","href":"https:\/\/api.w.org\/{rel}","templated":true}]}}