{"id":590241,"date":"2025-12-10T08:08:12","date_gmt":"2025-12-10T08:08:12","guid":{"rendered":"https:\/\/www.europesays.com\/fr\/590241\/"},"modified":"2025-12-10T08:08:12","modified_gmt":"2025-12-10T08:08:12","slug":"premier-cas-de-dermatose-nodulaire-en-ariege-plus-de-200-vaches-doivent-etre-abattues-des-eleveurs-se-mobilisent-pour-bloquer-la-ferme","status":"publish","type":"post","link":"https:\/\/www.europesays.com\/fr\/590241\/","title":{"rendered":"Premier cas de dermatose nodulaire en Ari\u00e8ge\u00a0: plus de 200 vaches doivent \u00eatre abattues, des \u00e9leveurs se mobilisent pour bloquer la ferme"},"content":{"rendered":"<p>\n                                                                    l&rsquo;essentiel<br \/>\n                                                                INFO LA DEPECHE. La tension est mont\u00e9e cette nuit de mercredi 10\u00a0d\u00e9cembre 2025 aux Bordes-sur-Arize, en Ari\u00e8ge. Une centaine d\u2019agriculteurs ont pass\u00e9 la nuit dans\u00a0une exploitation o\u00f9 plus de 200 vaches devraient \u00eatre abattues.\n                            <\/p>\n<p>La nuit a \u00e9t\u00e9 courte et la journ\u00e9e risque d\u2019\u00eatre longue. Une centaine d\u2019agriculteurs ont pass\u00e9 la nuit de mardi \u00e0 mercredi 10\u00a0d\u00e9cembre 2025 dans une exploitation des Bordes-sur-Arize (Ari\u00e8ge) o\u00f9 quelque 200 vaches devraient \u00eatre abattues aujourd\u2019hui ou demain, apr\u00e8s la d\u00e9tection d\u2019un cas de dermatose nodulaire contagieuse. Une mesure radicale, d\u00e9cid\u00e9e par les autorit\u00e9s sanitaires, qui a provoqu\u00e9 une vague de solidarit\u00e9 parmi les \u00e9leveurs, craignant une intervention d\u00e8s l\u2019aube.<\/p>\n<p class=\"std-elt__inline\">\n        <strong>\u00c0 lire aussi :<\/strong><br \/>\n        <a href=\"https:\/\/www.ladepeche.fr\/2025\/12\/10\/grippe-aviaire-dermatose-bovine-peste-porcine-les-eleveurs-face-aux-epidemies-13100405.php\" target=\"_blank\" rel=\"noopener\">Dermatose nodulaire, grippe aviaire, peste porcine\u2026 les \u00e9leveurs face \u00e0 la menace des nouvelles \u00e9pid\u00e9mies<\/a>\n    <\/p>\n<p>D\u00e8s 22\u00a0h, des \u00e9leveurs venus de plusieurs d\u00e9partements ont <a href=\"https:\/\/www.ladepeche.fr\/2025\/12\/09\/info-la-depeche-ils-vont-abattre-tout-le-troupeau-premier-cas-de-dermatose-nodulaire-en-ariege-plus-dune-centaine-de-bovins-concernes-13100870.php\" target=\"_self\" rel=\"noopener\">converg\u00e9 vers l\u2019exploitation concern\u00e9e<\/a>. Sur place, environ une centaine de personnes se sont rassembl\u00e9es, \u00ab\u00a0pas uniquement des syndiqu\u00e9s\u00a0\u00bb, rappellent des agriculteurs sur place.<\/p>\n<p>Pour manifester leur soutien et tenter d\u2019emp\u00eacher l\u2019intervention des services v\u00e9t\u00e9rinaires, les agriculteurs ont barr\u00e9 les acc\u00e8s de la ferme avec des tracteurs et des tas de fumier, formant un v\u00e9ritable rempart autour de l\u2019\u00e9levage. Les gendarmes \u00e9taient sur place.<\/p>\n<p class=\"std-elt__inline\">\n        <strong>\u00c0 lire aussi :<\/strong><br \/>\n        <a href=\"https:\/\/www.ladepeche.fr\/2025\/12\/10\/reportage-dermatose-nodulaire-il-faut-se-sacrifier-pour-sauver-les-autres-en-ariege-la-filiere-sous-tension-13100747.php\" target=\"_blank\" rel=\"noopener\">REPORTAGE. Dermatose nodulaire\u00a0: \u201cIl faut se sacrifier pour sauver les autres\u201d\u2026 En Ari\u00e8ge, la fili\u00e8re sous tension<\/a>\n    <\/p>\n<p>Une action\u00a0\u00ab\u00a0disproportionn\u00e9\u00a0\u00bb<\/p>\n<p>Les manifestants assurent vouloir rester dans le calme et affirment qu\u2019ils respecteront le choix des propri\u00e9taires du troupeau. Mais ils se disent d\u00e9termin\u00e9s \u00e0 ne pas laisser entrer les services v\u00e9t\u00e9rinaires si ceux-ci tentent de proc\u00e9der \u00e0 la mise \u00e0 mort du troupeau contre la volont\u00e9 de la famille. Selon eux, l\u2019abattage massif serait \u00ab\u00a0disproportionn\u00e9\u00a0\u00bb et mettrait en p\u00e9ril la survie \u00e9conomique de l\u2019exploitation.<\/p>\n<p class=\"std-elt__inline\">\n        <strong>\u00c0 lire aussi :<\/strong><br \/>\n        <a href=\"https:\/\/www.ladepeche.fr\/2025\/12\/09\/dermatose-nodulaire-bovine-pas-de-vaccination-generale-a-ce-stade-selon-le-ministere-de-lagriculture-13100220.php\" target=\"_blank\" rel=\"noopener\">Dermatose nodulaire bovine\u00a0: pas de vaccination g\u00e9n\u00e9rale \u00e0 ce stade, selon le minist\u00e8re de l\u2019Agriculture<\/a>\n    <\/p>\n<p>La situation r\u00e9pond \u00e0 un protocole sanitaire strict\u00a0: apr\u00e8s la confirmation d\u2019un premier cas de dermatose nodulaire dans le d\u00e9partement, les services de l\u2019\u00c9tat ont d\u00e9cid\u00e9 l\u2019abattage int\u00e9gral du troupeau, une proc\u00e9dure pr\u00e9vue pour \u00e9viter toute propagation.<\/p>\n<p>Mais \u00e0 7h du matin ce mercredi 10\u00a0d\u00e9cembre, coup de th\u00e9\u00e2tre. Sous le coup de la col\u00e8re et de l\u2019\u00e9motion, le propri\u00e9taire de l\u2019exploitation a somm\u00e9 les agriculteurs de quitter les lieux.<\/p>\n","protected":false},"excerpt":{"rendered":"l&rsquo;essentiel INFO LA DEPECHE. La tension est mont\u00e9e cette nuit de mercredi 10\u00a0d\u00e9cembre 2025 aux Bordes-sur-Arize, en Ari\u00e8ge.&hellip;\n","protected":false},"author":2,"featured_media":590242,"comment_status":"","ping_status":"","sticky":false,"template":"","format":"standard","meta":{"footnotes":""},"categories":[4],"tags":[11,327,2720,33,1011,27,70240,12,25],"class_list":{"0":"post-590241","1":"post","2":"type-post","3":"status-publish","4":"format-standard","5":"has-post-thumbnail","7":"category-france","8":"tag-actualites","9":"tag-agriculture","10":"tag-ariege","11":"tag-economie","12":"tag-fr","13":"tag-france","14":"tag-lesbordessurarize","15":"tag-news","16":"tag-republique-francaise"},"share_on_mastodon":{"url":"https:\/\/pubeurope.com\/@fr\/115694253189324115","error":""},"_links":{"self":[{"href":"https:\/\/www.europesays.com\/fr\/wp-json\/wp\/v2\/posts\/590241","targetHints":{"allow":["GET"]}}],"collection":[{"href":"https:\/\/www.europesays.com\/fr\/wp-json\/wp\/v2\/posts"}],"about":[{"href":"https:\/\/www.europesays.com\/fr\/wp-json\/wp\/v2\/types\/post"}],"author":[{"embeddable":true,"href":"https:\/\/www.europesays.com\/fr\/wp-json\/wp\/v2\/users\/2"}],"replies":[{"embeddable":true,"href":"https:\/\/www.europesays.com\/fr\/wp-json\/wp\/v2\/comments?post=590241"}],"version-history":[{"count":0,"href":"https:\/\/www.europesays.com\/fr\/wp-json\/wp\/v2\/posts\/590241\/revisions"}],"wp:featuredmedia":[{"embeddable":true,"href":"https:\/\/www.europesays.com\/fr\/wp-json\/wp\/v2\/media\/590242"}],"wp:attachment":[{"href":"https:\/\/www.europesays.com\/fr\/wp-json\/wp\/v2\/media?parent=590241"}],"wp:term":[{"taxonomy":"category","embeddable":true,"href":"https:\/\/www.europesays.com\/fr\/wp-json\/wp\/v2\/categories?post=590241"},{"taxonomy":"post_tag","embeddable":true,"href":"https:\/\/www.europesays.com\/fr\/wp-json\/wp\/v2\/tags?post=590241"}],"curies":[{"name":"wp","href":"https:\/\/api.w.org\/{rel}","templated":true}]}}