{"id":590244,"date":"2025-12-10T08:10:16","date_gmt":"2025-12-10T08:10:16","guid":{"rendered":"https:\/\/www.europesays.com\/fr\/590244\/"},"modified":"2025-12-10T08:10:16","modified_gmt":"2025-12-10T08:10:16","slug":"le-scabb-debarque-a-steel-ce-mercredi","status":"publish","type":"post","link":"https:\/\/www.europesays.com\/fr\/590244\/","title":{"rendered":"Le SCABB d\u00e9barque \u00e0 Steel ce mercredi"},"content":{"rendered":"<p><img decoding=\"async\" class=\"\" style=\"width:100%\" src=\"https:\/\/www.europesays.com\/fr\/wp-content\/uploads\/2025\/12\/581404915_1658084758819853_3043805010002511082_n1762928685648.jpg\" alt=\"Le SCABB doit d\u00e9sormais se concentrer sur le championnat. \"\/><\/p>\n<p>Le SCABB doit d\u00e9sormais se concentrer sur le championnat. <\/p>\n<p>Cr\u00e9dit : Facebook \/ SCABB Saint Chamond Andr\u00e9zieux Bouth\u00e9on Basket<\/p>\n<p>Si vous \u00eates fans de basket et particuli\u00e8rement du SCABB, le Saint-Chamond Andr\u00e9zieux-Bouth\u00e9on Basket, vous avez rendez-vous au centre commercial st\u00e9phanois STEEL ce mercredi 10 d\u00e9cembre. D\u00e8s 11 heures ce matin, vous allez pouvoir participer \u00e0 tout un tas d\u2019animations ou encore d\u00e9couvrir une boutique \u00e9ph\u00e9m\u00e8re sp\u00e9cialement install\u00e9e pour l&rsquo;occasion.<\/p>\n<p>Par ailleurs, et c&rsquo;est une belle surprise, certains joueurs seront \u00e9galement pr\u00e9sents. Pr\u00e9parez vos posters \u00e0 faire d\u00e9dicacer et vos plus beaux sourires pour faire des photos car, d\u00e8s 15h30, vous pourrez rencontrer S\u00e9bastien Cape, Badr Moujib, Ludovic Dufeal, Joshua Uduje, Carlos Pepin ou encore Maxime Yomi.\u00a0<\/p>\n","protected":false},"excerpt":{"rendered":"Le SCABB doit d\u00e9sormais se concentrer sur le championnat. Cr\u00e9dit : Facebook \/ SCABB Saint Chamond Andr\u00e9zieux Bouth\u00e9on&hellip;\n","protected":false},"author":2,"featured_media":590245,"comment_status":"","ping_status":"","sticky":false,"template":"","format":"standard","meta":{"footnotes":""},"categories":[9653],"tags":[1111,11,2430,1465,1777,674,1011,27,3367,12,25,4001,56352,3686,8666],"class_list":{"0":"post-590244","1":"post","2":"type-post","3":"status-publish","4":"format-standard","5":"has-post-thumbnail","7":"category-saint-etienne","8":"tag-actu","9":"tag-actualites","10":"tag-auvergne-rhone-alpes","11":"tag-basket","12":"tag-eu","13":"tag-europe","14":"tag-fr","15":"tag-france","16":"tag-loire","17":"tag-news","18":"tag-republique-francaise","19":"tag-saint-etienne","20":"tag-scabb","21":"tag-sortie","22":"tag-steel"},"share_on_mastodon":{"url":"https:\/\/pubeurope.com\/@fr\/115694261918046017","error":""},"_links":{"self":[{"href":"https:\/\/www.europesays.com\/fr\/wp-json\/wp\/v2\/posts\/590244","targetHints":{"allow":["GET"]}}],"collection":[{"href":"https:\/\/www.europesays.com\/fr\/wp-json\/wp\/v2\/posts"}],"about":[{"href":"https:\/\/www.europesays.com\/fr\/wp-json\/wp\/v2\/types\/post"}],"author":[{"embeddable":true,"href":"https:\/\/www.europesays.com\/fr\/wp-json\/wp\/v2\/users\/2"}],"replies":[{"embeddable":true,"href":"https:\/\/www.europesays.com\/fr\/wp-json\/wp\/v2\/comments?post=590244"}],"version-history":[{"count":0,"href":"https:\/\/www.europesays.com\/fr\/wp-json\/wp\/v2\/posts\/590244\/revisions"}],"wp:featuredmedia":[{"embeddable":true,"href":"https:\/\/www.europesays.com\/fr\/wp-json\/wp\/v2\/media\/590245"}],"wp:attachment":[{"href":"https:\/\/www.europesays.com\/fr\/wp-json\/wp\/v2\/media?parent=590244"}],"wp:term":[{"taxonomy":"category","embeddable":true,"href":"https:\/\/www.europesays.com\/fr\/wp-json\/wp\/v2\/categories?post=590244"},{"taxonomy":"post_tag","embeddable":true,"href":"https:\/\/www.europesays.com\/fr\/wp-json\/wp\/v2\/tags?post=590244"}],"curies":[{"name":"wp","href":"https:\/\/api.w.org\/{rel}","templated":true}]}}