{"id":590250,"date":"2025-12-10T08:14:46","date_gmt":"2025-12-10T08:14:46","guid":{"rendered":"https:\/\/www.europesays.com\/fr\/590250\/"},"modified":"2025-12-10T08:14:46","modified_gmt":"2025-12-10T08:14:46","slug":"des-navettes-entre-metz-nancy-et-lorraine-aeroport-par-coutarel","status":"publish","type":"post","link":"https:\/\/www.europesays.com\/fr\/590250\/","title":{"rendered":"Des navettes entre Metz, Nancy et Lorraine A\u00e9roport par Coutarel"},"content":{"rendered":"<p>Annonc\u00e9e comme suspendue il y a quelques semaines, la<strong> liaison en navette entre Metz, Nancy et Lorraine A\u00e9roport va finalement \u00eatre maintenue<\/strong> gr\u00e2ce \u00e0 l\u2019arriv\u00e9e d\u2019un nouvel op\u00e9rateur en d\u00e9but d\u2019ann\u00e9e prochaine.<\/p>\n<p><img fetchpriority=\"high\" decoding=\"async\" width=\"1200\" height=\"675\" src=\"https:\/\/www.europesays.com\/fr\/wp-content\/uploads\/2025\/12\/pixabay-bus-ecole-enfants-1200x675.jpg\" alt=\"\" class=\"wp-image-255493\"  \/>Photo : libre de droits<\/p>\n<p>C\u2019est le <strong>voyagiste Coutarel qui assurera le transport des voyageurs<\/strong> au d\u00e9part des gares de Metz, depuis le p\u00f4le multimodal, et de Nancy, depuis l\u2019arr\u00eat Saint-L\u00e9on, vers l\u2019a\u00e9roport. Selon l\u2019affluence, le <strong>trajet pourra se faire \u00e0 bord de v\u00e9hicules l\u00e9gers 9 places ou par autocar<\/strong>.<\/p>\n<p>\u00ab Ce service d\u00e9butera d\u00e8s le 5 janvier 2026 dans la continuit\u00e9 du programme actuel et sera propos\u00e9 pour desservir tous les vols commerciaux de la plateforme \u00bb, indique l\u2019a\u00e9roport dans un communiqu\u00e9. Le transporteur proposera \u00e9galement <strong>une nouveaut\u00e9 : un arr\u00eat \u00e0 la gare Lorraine TGV<\/strong>.<\/p>\n<p>La<strong> r\u00e9servation sera obligatoire<\/strong> pour utiliser le service, avec un paiement \u00e0 la commande. Il faudra <strong>appeler au 03 29 90 75 79 au minimum 48h00 avant le d\u00e9part <\/strong>pour r\u00e9server sa place. Le standard sera ouvert du lundi au vendredi, de 9h00 \u00e0 12h00 et de 14h00 \u00e0 17h00.<\/p>\n<p>Le voyage au d\u00e9part ou \u00e0 l\u2019arriv\u00e9e de Metz et de Nancy sera <strong>factur\u00e9 15 \u20ac par adulte et 10 \u20ac pour les enfants de moins de 15 ans<\/strong>. \u00ab Une premi\u00e8re phase de test sera r\u00e9alis\u00e9e jusqu\u2019\u00e0 fin mars. Durant cette p\u00e9riode, la navette circulera pour toute r\u00e9servation effectu\u00e9e \u00bb, pr\u00e9cise Lorraine A\u00e9roport.<\/p>\n<p>Toutes les informations sur les nouvelles modalit\u00e9s de la liaison sont \u00e0 retrouver sur le <a href=\"https:\/\/lorraineaeroport.com\/parkings-transports\/\" target=\"_blank\" rel=\"noreferrer noopener nofollow\">site de Lorraine A\u00e9roport en cliquant ici.<\/a> <\/p>\n","protected":false},"excerpt":{"rendered":"Annonc\u00e9e comme suspendue il y a quelques semaines, la liaison en navette entre Metz, Nancy et Lorraine A\u00e9roport&hellip;\n","protected":false},"author":2,"featured_media":590251,"comment_status":"","ping_status":"","sticky":false,"template":"","format":"standard","meta":{"footnotes":""},"categories":[9635],"tags":[1111,11,1777,674,1011,27,775,1702,12,25],"class_list":{"0":"post-590250","1":"post","2":"type-post","3":"status-publish","4":"format-standard","5":"has-post-thumbnail","7":"category-nancy","8":"tag-actu","9":"tag-actualites","10":"tag-eu","11":"tag-europe","12":"tag-fr","13":"tag-france","14":"tag-grand-est","15":"tag-nancy","16":"tag-news","17":"tag-republique-francaise"},"share_on_mastodon":{"url":"https:\/\/pubeurope.com\/@fr\/115694281453228486","error":""},"_links":{"self":[{"href":"https:\/\/www.europesays.com\/fr\/wp-json\/wp\/v2\/posts\/590250","targetHints":{"allow":["GET"]}}],"collection":[{"href":"https:\/\/www.europesays.com\/fr\/wp-json\/wp\/v2\/posts"}],"about":[{"href":"https:\/\/www.europesays.com\/fr\/wp-json\/wp\/v2\/types\/post"}],"author":[{"embeddable":true,"href":"https:\/\/www.europesays.com\/fr\/wp-json\/wp\/v2\/users\/2"}],"replies":[{"embeddable":true,"href":"https:\/\/www.europesays.com\/fr\/wp-json\/wp\/v2\/comments?post=590250"}],"version-history":[{"count":0,"href":"https:\/\/www.europesays.com\/fr\/wp-json\/wp\/v2\/posts\/590250\/revisions"}],"wp:featuredmedia":[{"embeddable":true,"href":"https:\/\/www.europesays.com\/fr\/wp-json\/wp\/v2\/media\/590251"}],"wp:attachment":[{"href":"https:\/\/www.europesays.com\/fr\/wp-json\/wp\/v2\/media?parent=590250"}],"wp:term":[{"taxonomy":"category","embeddable":true,"href":"https:\/\/www.europesays.com\/fr\/wp-json\/wp\/v2\/categories?post=590250"},{"taxonomy":"post_tag","embeddable":true,"href":"https:\/\/www.europesays.com\/fr\/wp-json\/wp\/v2\/tags?post=590250"}],"curies":[{"name":"wp","href":"https:\/\/api.w.org\/{rel}","templated":true}]}}