{"id":590256,"date":"2025-12-10T08:18:16","date_gmt":"2025-12-10T08:18:16","guid":{"rendered":"https:\/\/www.europesays.com\/fr\/590256\/"},"modified":"2025-12-10T08:18:16","modified_gmt":"2025-12-10T08:18:16","slug":"du-sceptre-qing-au-bodhisattva-serein-trente-chefs-doeuvre-chinois-reenchantent-lhotel-de-cabrieres-sabatier-despeyran-a-montpellier","status":"publish","type":"post","link":"https:\/\/www.europesays.com\/fr\/590256\/","title":{"rendered":"Du sceptre Qing au Bodhisattva serein\u00a0: trente chefs-d\u2019\u0153uvre chinois r\u00e9enchantent l\u2019H\u00f4tel de Cabri\u00e8res-Sabatier d\u2019Espeyran \u00e0 Montpellier"},"content":{"rendered":"<p>\n                                                                L\u2019exposition Guimet +, La Chine ouvre au Mus\u00e9e Fabre offrant un panorama in\u00e9dit de l\u2019art chinois, r\u00e9unissant une trentaine de chefs-d\u2019\u0153uvre nationaux pour retracer plusieurs mill\u00e9naires de cr\u00e9ation. Du bronze rituel du XIIIe\u00a0si\u00e8cle avant notre \u00e8re aux porcelaines imp\u00e9riales du XVIIIe\u00a0si\u00e8cle, ce parcours th\u00e9matique d\u00e9voile \u00e0 Montpellier un concentr\u00e9 rare de prestige, de beaut\u00e9 et de savoir-faire.\n                            <\/p>\n<p>Que sait-on vraiment de l\u2019art chinois\u00a0? Les vases Ming, la peinture \u00e0 l\u2019encre, la calligraphie\u2026 et peut-\u00eatre l\u2019impressionnante arm\u00e9e de terre cuite de Xi\u2019an. Gr\u00e2ce au dispositif Guimet +\u00a0(d\u00e9j\u00e0 en place \u00e0 Clermont-Ferrand et Digne-les-Bains), qui d\u00e9bute ce week-end au d\u00e9partement des arts d\u00e9coratifs du Mus\u00e9e Fabre, une trentaine de chefs-d\u2019\u0153uvre issus des collections nationales y d\u00e9voilent plusieurs mill\u00e9naires de cr\u00e9ation chinoise. Ce condens\u00e9 d\u2019\u0153uvres occupe tout le deuxi\u00e8me \u00e9tage du b\u00e2timent, r\u00e9am\u00e9nag\u00e9 pour l\u2019occasion.<br \/>Les quatre expositions pr\u00e9vues jusqu\u2019en fin 2029 \u2013 apr\u00e8s la Chine, le Monde indien, le Japon et le Monde himalayen \u2013 sont pr\u00e9sent\u00e9es sous un angle th\u00e9matique\u00a0: Prestige, Beaut\u00e9, Sacr\u00e9 et Transgression. Elles incluront des dispositifs interactifs et sensoriels et les chefs-d\u2019\u0153uvre originaux seront enrichis d\u2019\u0153uvres des collections territoriales.<\/p>\n<p>        <img decoding=\"async\" class=\"std-img__img responsive-img\" src=\"https:\/\/www.europesays.com\/fr\/wp-content\/uploads\/2025\/12\/1765354693_431_image.jpg\" alt=\"La collection d\u2019objets de Colette Richarme avec les petits chaussons.\"\/><\/p>\n<p>                La collection d\u2019objets de Colette Richarme avec les petits chaussons.<br \/>\n                                    Midi Libre &#8211; Tom Serrano<\/p>\n<p>Des objets collectionn\u00e9s \u00e0 Montpellier<\/p>\n<p>Dans ce cadre, cette premi\u00e8re exposition pr\u00e9sente des objets ayant appartenu \u00e0 l\u2019artiste montpelli\u00e9raine Colette Richarme, issus des malles de son p\u00e8re, n\u00e9gociant en soie (chaussures miniatures, \u00e9ventails, grande tenture repr\u00e9sentant des figures de l\u2019op\u00e9ra chinois). Au sein de la m\u00eame pi\u00e8ce introductive, est \u00e9voqu\u00e9e l\u2019importance du lettr\u00e9 (comme le fut Confucius), avec un environnement visuel \u00ab\u00a0tr\u00e8s zen\u00a0\u00bb \u00e9voquant la pens\u00e9e et la po\u00e9sie.<\/p>\n<p>        <img decoding=\"async\" class=\"std-img__img responsive-img\" src=\"https:\/\/www.europesays.com\/fr\/wp-content\/uploads\/2025\/12\/1765354694_842_image.jpg\" alt=\"\u00ab\u00a0dames de cour\u00a0\u00bb de la p\u00e9riode Tang.\"\/><\/p>\n<p>                \u00ab\u00a0dames de cour\u00a0\u00bb de la p\u00e9riode Tang.<br \/>\n                                    Midi Libre &#8211; Tom Serrano<\/p>\n<p>Trangression et Beaut\u00e9<\/p>\n<p>Dans les sections Transgression et Beaut\u00e9, sont pr\u00e9sent\u00e9es diff\u00e9rentes c\u00e9ramiques (assiettes, \u00ab\u00a0dames de cour\u00a0\u00bb de la p\u00e9riode Tang), un petit miroir, un grand vase carr\u00e9 rassemblant de nombreux personnages, ainsi qu\u2019une \u00e9tonnante plaque de jade sculpt\u00e9 mettant en sc\u00e8ne les Sept Sages de la for\u00eat de bambous. De petites vid\u00e9os racontent des histoires transgressives, tandis qu\u2019une section olfactive propose des fragrances typiques (fleur de p\u00eacher, bois d\u2019aigle).<\/p>\n<p>        <img decoding=\"async\" class=\"std-img__img responsive-img\" src=\"https:\/\/www.europesays.com\/fr\/wp-content\/uploads\/2025\/12\/1765354695_611_image.jpg\" alt=\"L\u2019un des nombreux vases de l\u2019exposition.\"\/><\/p>\n<p>                L\u2019un des nombreux vases de l\u2019exposition.<br \/>\n                                    Midi Libre &#8211; Tom Serrano<\/p>\n<p>Des vases remarquables<\/p>\n<p>La section Prestige pr\u00e9sente des objets symbolisant la puissance et le luxe de l\u2019Empire. On y voit un sceptre en jade de la dynastie Qing, entre deux vases remarquables, dont un quadrangulaire en \u00e9mail \u00e0 dominante bleue. On y d\u00e9couvre aussi des vases en porcelaine du XVIIIe\u00a0si\u00e8cle d\u2019une finesse remarquable\u00a0: une paire au d\u00e9cor \u00ab\u00a0mille fleurs\u00a0\u00bb et un grand vase imp\u00e9rial orn\u00e9 de ph\u00e9nix et de dragon, tel un yin et un yang. C\u2019est \u00e9galement dans cette section que se trouve la pi\u00e8ce la plus ancienne\u00a0: un bronze datant du XIIIe\u00a0si\u00e8cle avant notre \u00e8re.<\/p>\n<p>        <img decoding=\"async\" class=\"std-img__img responsive-img\" src=\"https:\/\/www.europesays.com\/fr\/wp-content\/uploads\/2025\/12\/1765354696_747_image.jpg\" alt=\"Sculpture d\u2019un ermitage dans du bois de bambou.\"\/><\/p>\n<p>                Sculpture d\u2019un ermitage dans du bois de bambou.<br \/>\n                                    Midi Libre &#8211; Tom Serrano<\/p>\n<p>Le religieux<\/p>\n<p>La derni\u00e8re section se tourne vers le Sacr\u00e9, \u00e9voquant les trois grandes traditions religieuses chinoises historiques (confucianisme, tao\u00efsme et bouddhisme). On y d\u00e9couvre un petit bronze repr\u00e9sentant Laozi assis, proche d\u2019une sc\u00e8ne d\u2019ermitage dans les montagnes taill\u00e9e dans le bambou, d\u2019une d\u00e9licatesse saisissante, ainsi qu\u2019une autre plaque de jade sculpt\u00e9 symbolisant les liens entre la terre et le cosmos. On quitte l\u2019exposition en croisant le regard d\u2019un Bodhisattva serein. Nous voil\u00e0 apais\u00e9.<\/p>\n<p>Guimet +, La Chine, du 13\u00a0d\u00e9cembre au 1er\u00a0novembre 2026, du mardi au dimanche de 14\u00a0h \u00e0 18\u00a0h. H\u00f4tel de Cabri\u00e8res-Sabatier d\u2019Espeyran, 6 rue Montpelli\u00e9ret, Montpellier. Tarifs\u00a0: 3 et 5\u00a0\u20ac.<\/p>\n","protected":false},"excerpt":{"rendered":"L\u2019exposition Guimet +, La Chine ouvre au Mus\u00e9e Fabre offrant un panorama in\u00e9dit de l\u2019art chinois, r\u00e9unissant une&hellip;\n","protected":false},"author":2,"featured_media":590257,"comment_status":"","ping_status":"","sticky":false,"template":"","format":"standard","meta":{"footnotes":""},"categories":[9599],"tags":[1111,11,872,1777,674,1011,27,7089,2208,12,2680,25],"class_list":{"0":"post-590256","1":"post","2":"type-post","3":"status-publish","4":"format-standard","5":"has-post-thumbnail","7":"category-montpellier","8":"tag-actu","9":"tag-actualites","10":"tag-culture-et-loisirs","11":"tag-eu","12":"tag-europe","13":"tag-fr","14":"tag-france","15":"tag-herault","16":"tag-montpellier","17":"tag-news","18":"tag-occitanie","19":"tag-republique-francaise"},"share_on_mastodon":{"url":"https:\/\/pubeurope.com\/@fr\/115694294418381757","error":""},"_links":{"self":[{"href":"https:\/\/www.europesays.com\/fr\/wp-json\/wp\/v2\/posts\/590256","targetHints":{"allow":["GET"]}}],"collection":[{"href":"https:\/\/www.europesays.com\/fr\/wp-json\/wp\/v2\/posts"}],"about":[{"href":"https:\/\/www.europesays.com\/fr\/wp-json\/wp\/v2\/types\/post"}],"author":[{"embeddable":true,"href":"https:\/\/www.europesays.com\/fr\/wp-json\/wp\/v2\/users\/2"}],"replies":[{"embeddable":true,"href":"https:\/\/www.europesays.com\/fr\/wp-json\/wp\/v2\/comments?post=590256"}],"version-history":[{"count":0,"href":"https:\/\/www.europesays.com\/fr\/wp-json\/wp\/v2\/posts\/590256\/revisions"}],"wp:featuredmedia":[{"embeddable":true,"href":"https:\/\/www.europesays.com\/fr\/wp-json\/wp\/v2\/media\/590257"}],"wp:attachment":[{"href":"https:\/\/www.europesays.com\/fr\/wp-json\/wp\/v2\/media?parent=590256"}],"wp:term":[{"taxonomy":"category","embeddable":true,"href":"https:\/\/www.europesays.com\/fr\/wp-json\/wp\/v2\/categories?post=590256"},{"taxonomy":"post_tag","embeddable":true,"href":"https:\/\/www.europesays.com\/fr\/wp-json\/wp\/v2\/tags?post=590256"}],"curies":[{"name":"wp","href":"https:\/\/api.w.org\/{rel}","templated":true}]}}