{"id":590258,"date":"2025-12-10T08:19:15","date_gmt":"2025-12-10T08:19:15","guid":{"rendered":"https:\/\/www.europesays.com\/fr\/590258\/"},"modified":"2025-12-10T08:19:15","modified_gmt":"2025-12-10T08:19:15","slug":"sortir-a-montpellier-le-mauvais-sort-petrichor-faire-la-nique-victorien-des-idees-pour-ce-jeudi-11-decembre","status":"publish","type":"post","link":"https:\/\/www.europesays.com\/fr\/590258\/","title":{"rendered":"Sortir \u00e0 Montpellier\u00a0: Le Mauvais Sort, P\u00e9trichor, Faire la nique, Victorien\u2026 des id\u00e9es pour ce jeudi 11\u00a0d\u00e9cembre"},"content":{"rendered":"<p>\n                                                                \u00ab\u00a0P\u00e9trichor\u00a0\u00bb de Cyril Duret \u00e0 l\u2019Iconoscope, Ap\u00e9ro BD \u00e0 Zola, \u00ab\u00a0L\u2019H\u00e9rault apr\u00e8s Montoire\u00a0\u00bb \u00e0 Pierresvives, \u00ab\u00a0Le Mauvais Sort\u00a0\u00bb au th\u00e9\u00e2tre des 13 vents, \u00ab\u00a0Le Parrain, 2e partie\u00a0\u00bb dans les cin\u00e9mas Path\u00e9, \u00ab\u00a0Faire la nique\u00a0\u00bb au Trioletto ou Victorien \u00e0 Victoire 2.\n                            <\/p>\n<p>D\u00e9couvrez notre s\u00e9lection de sorties pour ce jeudi 11\u00a0d\u00e9cembre du c\u00f4t\u00e9 de <a href=\"https:\/\/www.midilibre.fr\/herault\/montpellier\/\" target=\"_blank\" rel=\"noopener\">Montpellier<\/a> et faites le plein d\u2019id\u00e9es avec notre <a href=\"https:\/\/www.midilibre.fr\/agenda\/?path=&amp;q=&amp;where=herault%3Amontpellier&amp;insee=34172&amp;from=2025-12-11&amp;to=2025-12-11&amp;agendapg=15#4160657\" target=\"_blank\" rel=\"noopener\">agenda en ligne<\/a>.<\/p>\n<p>\u00ab\u00a0P\u00e9trichor\u00a0\u00bb, Cyril Duret<\/p>\n<blockquote data-instgrm-captioned=\"\" data-instgrm-permalink=\"https:\/\/www.instagram.com\/p\/DQ-Mec-CGd0\/?utm_source=ig_embed&amp;utm_campaign=loading\" data-instgrm-version=\"14\" style=\" background:#FFF; border:0; border-radius:3px; box-shadow:0 0 1px 0 rgba(0,0,0,0.5),0 1px 10px 0 rgba(0,0,0,0.15); margin: 1px; max-width:540px; min-width:326px; padding:0; width:99.375%; width:-webkit-calc(100% - 2px); width:calc(100% - 2px);\" data-class=\"instagram-media\"\/>\n<p><strong>Exposition.<\/strong> L\u2019exposition r\u00e9unit un ensemble r\u00e9cent de dessins \u00e0 la sanguine dans lesquels Cyril Duret propose une exploration des liens entre architecture et paysage. Le terme p\u00e9trichor provient du grec ancien petra (la pierre) et ichor (le fluide divin des dieux). Ce mot rare, d\u00e9signe cette odeur si particuli\u00e8re que d\u00e9gage la terre lorsqu\u2019elle est touch\u00e9e par la pluie.<\/p>\n<p>&gt;\u00a0Du mercredi au vendredi jusqu\u2019au 11\u00a0janvier de <strong>14\u00a0h \u00e0 18\u00a0heures<\/strong> \u00e0 la <a href=\"https:\/\/www.iconoscope.fr\/site\/accueil\/\" target=\"_blank\" rel=\"noopener\">galerie Iconoscope<\/a>, 18 rue Chaptal \u00e0 <a href=\"https:\/\/www.midilibre.fr\/herault\/montpellier\/\" target=\"_blank\" rel=\"noopener\">Montpellier<\/a>. Entr\u00e9e libre. Contact au\u00a006\u00a020\u00a036\u00a057\u00a047.<\/p>\n<p>Ap\u00e9ro BD<\/p>\n<p><strong>Club de lecture.<\/strong>\u00a0100\u00a0% de bandes dessin\u00e9es enivrantes, \u00e0 consommer sans mod\u00e9ration, bonne ambiance \u00ab\u00a0garantie\u00a0\u00bb\u2026<\/p>\n<p>&gt; Ce jeudi 11\u00a0d\u00e9cembre de <strong>18\u00a0h \u00e0 19\u00a0heures <\/strong>\u00e0 la <a href=\"https:\/\/mediatheques.montpellier3m.fr\/Default\/mediatheque-emile-zola.aspx\" target=\"_blank\" rel=\"noopener\">m\u00e9diath\u00e8que \u00c9mile-Zola<\/a>, espace Litt\u00e9ratures et arts, \u00e9tage 2, 218 boulevard\u00a0de l\u2019A\u00e9roport-International \u00e0\u00a0<a href=\"https:\/\/www.midilibre.fr\/herault\/montpellier\/\" target=\"_blank\" rel=\"noopener\">Montpellier<\/a>. Entr\u00e9e libre. Contact au\u00a004\u00a067\u00a034\u00a087\u00a000.<\/p>\n<p>L\u2019H\u00e9rault apr\u00e8s Montoire<\/p>\n<p><strong>Les Jeudis de l\u2019Histoire.<\/strong>\u00a0La date du 24\u00a0octobre 1940 n\u2019est pas rest\u00e9e dans les m\u00e9moires comme celle du 18\u00a0juin. Cependant, l\u2019image de la poign\u00e9e de mains entre Hitler et P\u00e9tain est c\u00e9l\u00e8bre. Comment la rencontre de Montoire organis\u00e9e quatre mois apr\u00e8s la signature de l\u2019armistice a-t-elle \u00e9t\u00e9 interpr\u00e9t\u00e9e dans l\u2019H\u00e9rault\u00a0? Par H\u00e9l\u00e8ne Chaubin, correspondante d\u00e9partementale du comit\u00e9 d\u2019histoire de la Seconde Guerre mondiale et de l\u2019Institut d\u2019histoire du temps pr\u00e9sent (CNRS).<\/p>\n<p>&gt;\u00a0Ce jeudi 11\u00a0d\u00e9cembre \u00e0 <strong>18\u00a0h\u00a030<\/strong> \u00e0 l\u2019amphith\u00e9\u00e2tre de <a href=\"https:\/\/pierresvives.herault.fr\/\" target=\"_blank\" rel=\"noopener\">Pierresvives<\/a>, 907 rue Professeur Blayac \u00e0 <a href=\"https:\/\/www.midilibre.fr\/herault\/montpellier\/\" target=\"_blank\" rel=\"noopener\">Montpellier<\/a>. Gratuit, entr\u00e9e libre. Contact au\u00a004\u00a067\u00a067\u00a030\u00a000.<\/p>\n<p>\u00ab\u00a0Le Mauvais Sort\u00a0\u00bb<\/p>\n<blockquote data-instgrm-captioned=\"\" data-instgrm-permalink=\"https:\/\/www.instagram.com\/p\/DSCoQ7Ajgi0\/?utm_source=ig_embed&amp;utm_campaign=loading\" data-instgrm-version=\"14\" style=\" background:#FFF; border:0; border-radius:3px; box-shadow:0 0 1px 0 rgba(0,0,0,0.5),0 1px 10px 0 rgba(0,0,0,0.15); margin: 1px; max-width:540px; min-width:326px; padding:0; width:99.375%; width:-webkit-calc(100% - 2px); width:calc(100% - 2px);\" data-class=\"instagram-media\"\/>\n<p><strong>Th\u00e9\u00e2tre.<\/strong> Il y a presque toujours une catastrophe qui plane dans les histoires et les chansons de grands amoureux, c\u2019est sans doute ce qu\u2019on aime. Au moins chez les autres. Parlant d\u2019amour avec cette grave l\u00e9g\u00e8ret\u00e9 dont ils et elles ont le secret, entre cabaret burlesque et agit-prop, C\u00e9line Champinot et ses acteurs, nous font chanter. En paroles et musiques, dans une bousculade joueuse et joyeuse de transfor\u00admations, la pi\u00e8ce interroge l\u2019air de rien l\u2019\u00e9tat des amours et de nos libidos.<\/p>\n<p>&gt;\u00a0Ce\u00a0jeudi 11\u00a0d\u00e9cembre \u00e0 <strong>19\u00a0heures<\/strong>, vendredi\u00a012, mardi\u00a016 et\u00a0mercredi 17\u00a0d\u00e9cembre \u00e0 20\u00a0heures, et\u00a0jeudi 18\u00a0d\u00e9cembre \u00e0 19\u00a0heures au\u00a0<a href=\"https:\/\/www.13vents.fr\/\" target=\"_blank\" rel=\"noopener\">Th\u00e9\u00e2tre des 13 vents<\/a>, domaine de Grammont, avenue Albert-Einstein \u00e0 <a href=\"https:\/\/www.midilibre.fr\/herault\/montpellier\/\" target=\"_blank\" rel=\"noopener\">Montpellier<\/a>.\u00a0De 8 \u00e0 25\u00a0\u20ac. Contact au\u00a004\u00a067\u00a099\u00a025\u00a000.<\/p>\n<p>Il \u00e9tait une fois\u2026 \u00ab\u00a0Le Parrain, 2e partie\u00a0\u00bb<\/p>\n<p><strong>Cin\u00e9ma.\u00a0<\/strong>Pr\u00e9sentation de Philippe Rouyer, journaliste et critique de cin\u00e9ma. Drame, policier (3h20, 1975, VOST, interdit aux moins de 12 ans) de Francis Ford Coppola, avec Al Pacino, Robert De Niro, Diane Keaton. Depuis la mort de Don Vito Corleone, son fils Michael r\u00e8gne sur la famille. Amen\u00e9 \u00e0 n\u00e9gocier avec la mafia juive, il perd alors le soutien d\u2019un de ses lieutenants. \u00c9chappant de justesse \u00e0 un attentat, Michael tente de retrouver le coupable.<\/p>\n<p>&gt;\u00a0Ce jeudi 11\u00a0d\u00e9cembre \u00e0 <strong>19\u00a0heures<\/strong> au cin\u00e9ma<a href=\"https:\/\/www.pathe.fr\/cinemas\/cinema-pathe-comedie\" target=\"_blank\" rel=\"noopener\"> Path\u00e9 Com\u00e9die<\/a>, 10 place de la Com\u00e9die, et \u00e0 <strong>20\u00a0heures<\/strong> au cin\u00e9ma <a href=\"https:\/\/www.pathe.fr\/cinemas\/cinema-pathe-odysseum\" target=\"_blank\" rel=\"noopener\">Path\u00e9 Odysseum<\/a>, 235 rue Georges M\u00e9li\u00e8s \u00e0 <a href=\"https:\/\/www.midilibre.fr\/herault\/montpellier\/\" target=\"_blank\" rel=\"noopener\">Montpellier<\/a>. Tarif sp\u00e9cial 8\u00a0\u20ac, moins de 14 ans 6\u00a0\u20ac.<\/p>\n<p>\u00ab\u00a0Faire la nique\u00a0\u00bb<\/p>\n<p><strong>Th\u00e9\u00e2tre.<\/strong>\u00a0\u00c0 partir de quatre\u00a0\u0153uvres majeures de l\u2019artiste Niki de Saint Phalle, quatre\u00a0com\u00e9diennes s\u2019emparent d\u2019une mani\u00e8re de faire art par la po\u00e9sie et la joie. Elles font le pari de transposer ces \u0153uvres au th\u00e9\u00e2tre pour rendre sensible le processus de cr\u00e9ation. Faire la nique, ce sont quatre\u00a0femmes qui occupent le th\u00e9\u00e2tre pour s\u2019aimer, jouir, cr\u00e9er, rire et lutter.<\/p>\n<p>&gt;\u00a0Ce\u00a0jeudi 11\u00a0d\u00e9cembre \u00e0 <strong>20\u00a0heures<\/strong> au\u00a0<a href=\"https:\/\/www.crous-montpellier.fr\/sortir-bouger-creer\/programmation-trioletto\/\" target=\"_blank\" rel=\"noopener\">Trioletto<\/a>, 75 avenue Augustin-Fliche \u00e0 <a href=\"https:\/\/www.midilibre.fr\/herault\/montpellier\/\" target=\"_blank\" rel=\"noopener\">Montpellier<\/a>. Gratuit,<a href=\"https:\/\/yp.events\/bf86ad93-ca77-4edb-a1c4-d80ae11e8f9d\/Faire-la-Nique-Collectif-la-Vivace\" target=\"_blank\" rel=\"noopener\"> sur r\u00e9servation<\/a>. Contact au\u00a004\u00a067\u00a041\u00a050\u00a076. <\/p>\n<p>Victorien +\u00a0Victor<\/p>\n<p><strong>Concert.<\/strong> Tous les matins, il r\u00eave. Il r\u00eave d\u2019\u00eatre un peu partout dans vos oreilles mais aussi et surtout sur sc\u00e8ne. Lui, c\u2019est Victorien.\u00a0Ancien ostr\u00e9iculteur, le voici aujourd\u2019hui r\u00eaveur et surtout chanteur. Victor est en premi\u00e8re partie\u00a0de Victorien.<\/p>\n<p>&gt;\u00a0Ce jeudi 11\u00a0d\u00e9cembre \u00e0 <strong>20\u00a0heures<\/strong> \u00e0 <a href=\"https:\/\/www.victoire2.com\/\" target=\"_blank\" rel=\"noopener\">Victoire 2<\/a>, 2 rue Th\u00e9ophraste Renaudot \u00e0 <a href=\"https:\/\/www.midilibre.fr\/herault\/saint-jean-de-vedas\/\" target=\"_blank\" rel=\"noopener\">Saint-Jean-de-V\u00e9das<\/a>. Tarif plein 22\u00a0\u20ac, tarif r\u00e9duit 19\u00a0\u20ac, sur place 25\u00a0\u20ac. Contact au\u00a004\u00a067\u00a047\u00a091\u00a000.<\/p>\n<p>                                                                                                                                                                                                        <script async src=\"\/\/www.instagram.com\/embed.js\"><\/script><\/p>\n","protected":false},"excerpt":{"rendered":"\u00ab\u00a0P\u00e9trichor\u00a0\u00bb de Cyril Duret \u00e0 l\u2019Iconoscope, Ap\u00e9ro BD \u00e0 Zola, \u00ab\u00a0L\u2019H\u00e9rault apr\u00e8s Montoire\u00a0\u00bb \u00e0 Pierresvives, \u00ab\u00a0Le Mauvais Sort\u00a0\u00bb&hellip;\n","protected":false},"author":2,"featured_media":590259,"comment_status":"","ping_status":"","sticky":false,"template":"","format":"standard","meta":{"footnotes":""},"categories":[9599],"tags":[1111,11,872,1777,674,1011,27,7089,2208,12,2680,25],"class_list":{"0":"post-590258","1":"post","2":"type-post","3":"status-publish","4":"format-standard","5":"has-post-thumbnail","7":"category-montpellier","8":"tag-actu","9":"tag-actualites","10":"tag-culture-et-loisirs","11":"tag-eu","12":"tag-europe","13":"tag-fr","14":"tag-france","15":"tag-herault","16":"tag-montpellier","17":"tag-news","18":"tag-occitanie","19":"tag-republique-francaise"},"share_on_mastodon":{"url":"https:\/\/pubeurope.com\/@fr\/115694296481628560","error":""},"_links":{"self":[{"href":"https:\/\/www.europesays.com\/fr\/wp-json\/wp\/v2\/posts\/590258","targetHints":{"allow":["GET"]}}],"collection":[{"href":"https:\/\/www.europesays.com\/fr\/wp-json\/wp\/v2\/posts"}],"about":[{"href":"https:\/\/www.europesays.com\/fr\/wp-json\/wp\/v2\/types\/post"}],"author":[{"embeddable":true,"href":"https:\/\/www.europesays.com\/fr\/wp-json\/wp\/v2\/users\/2"}],"replies":[{"embeddable":true,"href":"https:\/\/www.europesays.com\/fr\/wp-json\/wp\/v2\/comments?post=590258"}],"version-history":[{"count":0,"href":"https:\/\/www.europesays.com\/fr\/wp-json\/wp\/v2\/posts\/590258\/revisions"}],"wp:featuredmedia":[{"embeddable":true,"href":"https:\/\/www.europesays.com\/fr\/wp-json\/wp\/v2\/media\/590259"}],"wp:attachment":[{"href":"https:\/\/www.europesays.com\/fr\/wp-json\/wp\/v2\/media?parent=590258"}],"wp:term":[{"taxonomy":"category","embeddable":true,"href":"https:\/\/www.europesays.com\/fr\/wp-json\/wp\/v2\/categories?post=590258"},{"taxonomy":"post_tag","embeddable":true,"href":"https:\/\/www.europesays.com\/fr\/wp-json\/wp\/v2\/tags?post=590258"}],"curies":[{"name":"wp","href":"https:\/\/api.w.org\/{rel}","templated":true}]}}