{"id":59026,"date":"2025-04-28T10:40:12","date_gmt":"2025-04-28T10:40:12","guid":{"rendered":"https:\/\/www.europesays.com\/fr\/59026\/"},"modified":"2025-04-28T10:40:12","modified_gmt":"2025-04-28T10:40:12","slug":"solitude-pression-epuisement-le-ras-le-bol-dune-infirmiere-toulousaine-qui-quitte-le-liberal","status":"publish","type":"post","link":"https:\/\/www.europesays.com\/fr\/59026\/","title":{"rendered":"Solitude, pression, \u00e9puisement\u2026 Le ras-le-bol d&rsquo;une infirmi\u00e8re toulousaine qui quitte le lib\u00e9ral"},"content":{"rendered":"<p><strong>Revenir travailler \u00e0 l\u2019h\u00f4pital apr\u00e8s avoir \u00e9t\u00e9 en lib\u00e9ral, c\u2019est ce qu\u2019a fait Marie, ex-infirmi\u00e8re lib\u00e9rale dans le Nord de Toulouse. Plus de vie personnelle, charge de travail intense et t\u00e2ches administratives cons\u00e9quentes\u2026 Autant de contraintes qui l\u2019ont pouss\u00e9e \u00e0 retourner en \u00e9tablissement hospitalier.<\/strong><\/p>\n<p>Apr\u00e8s dix ans, adieu le lib\u00e9ral. Marie a pris la d\u00e9cision de retourner \u00e0 l\u2019h\u00f4pital. Infirmi\u00e8re dipl\u00f4m\u00e9e d\u2019Etat en 2012, la Toulousaine a travaill\u00e9 en \u00e9tablissement hospitalier durant trois ans avant de se diriger vers le lib\u00e9ral. Mais apr\u00e8s plus de dix ans en tant qu\u2019ind\u00e9pendante, elle a fait le choix de retourner en \u00e9tablissement hospitalier pour retrouver un cadre. En effet, l\u2019infirmi\u00e8re effectuait bien souvent des t\u00e2ches qui n\u2019incombait pas \u00e0 sa profession. \u00ab Je me rendais chez mes patients pour une piq\u00fbre et pouvait me retrouver \u00e0 aller chercher le courrier, ouvrir la fen\u00eatre ou r\u00e9parer la t\u00e9l\u00e9 \u00bb, t\u00e9moigne t-elle avant d\u2019ajouter : \u00ab Au d\u00e9but cela me faisait plaisir de les aider. Mais en faisant \u00e7a pour tous les patients, je perdais beaucoup de temps \u00bb.<\/p>\n<p>Au-del\u00e0 de \u00e7a, Marie souhaite retourner en structure hospitali\u00e8re pour briser la solitude inh\u00e9rente au statut d\u2019ind\u00e9pendant qui implique certains choix loin d\u2019\u00eatre ais\u00e9s. \u00ab Qu\u2019est-ce que je fais si un patient perd connaissance ? Je r\u00e9anime ? J\u2019appelle les pompiers ? Les deux en m\u00eame temps ? C\u2019est compliqu\u00e9 \u00bb, explique Marie qui poursuit : \u00ab En structure, les m\u00e9decins sur site et les coll\u00e8gues infirmiers ne sont jamais bien loin \u00bb. En tant qu\u2019infirmi\u00e8re lib\u00e9rale, la Toulousaine estime par ailleurs ne pas avoir le droit \u00e0 l\u2019absence. \u00ab On ne peut pas \u00eatre malade. Si je ne vais pas faire ma tourn\u00e9e, personne ne la fera \u00e0 ma place \u00bb. M\u00eame souffrante, Marie rend donc visite \u00e0 ses patients \u00ab avec un masque, un bonnet et deux de tension \u00bb. Et m\u00eame en cong\u00e9s ou en soir\u00e9es, l\u2019infirmi\u00e8re est sollicit\u00e9e. \u00ab C\u2019est tr\u00e8s envahissant \u00bb, d\u00e9plore-t-elle.<\/p>\n<p>La proposition de loi sur la profession d\u2019infirmier adopt\u00e9e \u00e0 l\u2019unanimit\u00e9 par les d\u00e9put\u00e9s<\/p>\n<p>Une lueur d\u2019espoir se dessine toutefois \u00e0 l\u2019horizon pour la profession. Attendue depuis deux ans par le corps m\u00e9dical, la proposition de loi visant \u00e0 r\u00e9nover le m\u00e9tier d\u2019infirmier a \u00e9t\u00e9 adopt\u00e9e \u00e0 l\u2019unanimit\u00e9 mardi 11 mars par les d\u00e9put\u00e9s en premi\u00e8re lecture. Les auteurs de ce texte souhaitent notamment une meilleure reconnaissance des missions des infirmiers, mais \u00e9galement une \u00e9volution de leurs comp\u00e9tences. Ce qui passe par l\u2019autonomisation de cette profession qui endosse d\u00e9j\u00e0 des responsabilit\u00e9s allant au-del\u00e0 de ses missions.<\/p>\n","protected":false},"excerpt":{"rendered":"Revenir travailler \u00e0 l\u2019h\u00f4pital apr\u00e8s avoir \u00e9t\u00e9 en lib\u00e9ral, c\u2019est ce qu\u2019a fait Marie, ex-infirmi\u00e8re lib\u00e9rale dans le&hellip;\n","protected":false},"author":2,"featured_media":59027,"comment_status":"","ping_status":"","sticky":false,"template":"","format":"standard","meta":{"footnotes":""},"categories":[2816],"tags":[1111,11,1777,674,1011,27,12,2680,14363,25,15563,2312,15564],"class_list":{"0":"post-59026","1":"post","2":"type-post","3":"status-publish","4":"format-standard","5":"has-post-thumbnail","7":"category-toulouse","8":"tag-actu","9":"tag-actualites","10":"tag-eu","11":"tag-europe","12":"tag-fr","13":"tag-france","14":"tag-news","15":"tag-occitanie","16":"tag-pression","17":"tag-republique-francaise","18":"tag-solitude","19":"tag-toulouse","20":"tag-u00e9puisementu2026-le-ras-le-bol-dune-infirmiu00e8re-toulousaine-qui-quitte-le-libu00e9ral"},"share_on_mastodon":{"url":"https:\/\/pubeurope.com\/@fr\/114415168652847278","error":""},"_links":{"self":[{"href":"https:\/\/www.europesays.com\/fr\/wp-json\/wp\/v2\/posts\/59026","targetHints":{"allow":["GET"]}}],"collection":[{"href":"https:\/\/www.europesays.com\/fr\/wp-json\/wp\/v2\/posts"}],"about":[{"href":"https:\/\/www.europesays.com\/fr\/wp-json\/wp\/v2\/types\/post"}],"author":[{"embeddable":true,"href":"https:\/\/www.europesays.com\/fr\/wp-json\/wp\/v2\/users\/2"}],"replies":[{"embeddable":true,"href":"https:\/\/www.europesays.com\/fr\/wp-json\/wp\/v2\/comments?post=59026"}],"version-history":[{"count":0,"href":"https:\/\/www.europesays.com\/fr\/wp-json\/wp\/v2\/posts\/59026\/revisions"}],"wp:featuredmedia":[{"embeddable":true,"href":"https:\/\/www.europesays.com\/fr\/wp-json\/wp\/v2\/media\/59027"}],"wp:attachment":[{"href":"https:\/\/www.europesays.com\/fr\/wp-json\/wp\/v2\/media?parent=59026"}],"wp:term":[{"taxonomy":"category","embeddable":true,"href":"https:\/\/www.europesays.com\/fr\/wp-json\/wp\/v2\/categories?post=59026"},{"taxonomy":"post_tag","embeddable":true,"href":"https:\/\/www.europesays.com\/fr\/wp-json\/wp\/v2\/tags?post=59026"}],"curies":[{"name":"wp","href":"https:\/\/api.w.org\/{rel}","templated":true}]}}