{"id":590264,"date":"2025-12-10T08:25:40","date_gmt":"2025-12-10T08:25:40","guid":{"rendered":"https:\/\/www.europesays.com\/fr\/590264\/"},"modified":"2025-12-10T08:25:40","modified_gmt":"2025-12-10T08:25:40","slug":"municipales-2026-a-grenoble-le-rassemblement-national-lance-sa-campagne","status":"publish","type":"post","link":"https:\/\/www.europesays.com\/fr\/590264\/","title":{"rendered":"Municipales 2026 \u00e0 Grenoble : le Rassemblement National lance sa campagne"},"content":{"rendered":"<p>09\/12\/2025 &#8211; 12:10<\/p>\n<p>\t\t\t\t\t\t\t\t&#13;<br \/>\n&#13;<br \/>\n&#13;<br \/>\n&#13;<br \/>\n&#13;<\/p>\n<p>Lundi 8 d\u00e9cembre au Park Hotel de Grenoble, <strong>Valentin Gabriac<\/strong>, entour\u00e9 de Thierry P\u00e9rez, d\u00e9l\u00e9gu\u00e9 d\u00e9partemental du Rassemblement National et d\u00e9put\u00e9, a <strong>lanc\u00e9 officiellement sa campagne pour les municipales de 2026<\/strong>. Il a expos\u00e9 sa vision d\u2019une ville redress\u00e9e, ax\u00e9e sur la s\u00e9curit\u00e9 et la relance \u00e9conomique, tout en critiquant le maire sortant Eric Piolle et certains de ses rivaux.<\/p>\n<p>Assis derri\u00e8re une table sobrement d\u00e9cor\u00e9e d&rsquo;affiches de <strong>Marine Le Pen et de Jordan Bardella<\/strong>, Valentin Gabriac n\u2019a pas tard\u00e9 \u00e0 poser les bases de sa campagne : \u00ab\u202fNous avons r\u00e9ussi \u00e0 constituer une liste compl\u00e8te, et plus t\u00f4t que pr\u00e9vu.\u202f\u00bb Une liste de 58 candidats paritairement r\u00e9partis, qu\u2019il d\u00e9crit comme un m\u00e9lange de militants historiques et de citoyens de la soci\u00e9t\u00e9 civile \u00ab<strong>\u202f qui en ont marre de la gauche et de cette droite molle \u202f<\/strong>\u00bb. Pour lui, Grenoble est \u00ab\u202fdans une mauvaise situation budg\u00e9taire, s\u00e9curitaire, \u00e9conomique, au niveau de l\u2019image \u00e9galement\u202f\u00bb.<\/p>\n<p>Thierry P\u00e9rez, d\u00e9l\u00e9gu\u00e9 d\u00e9partemental du Rassemblement National, a rench\u00e9ri : \u00ab\u202fLes municipales, c\u2019est l\u2019une des \u00e9lections les plus difficiles. On est tout de suite d\u00e9masqu\u00e9 si on ne dit pas des choses que l\u2019on pense et si on ne dit pas des choses coh\u00e9rentes.\u202f\u00bb Une mani\u00e8re de rappeler que la cr\u00e9dibilit\u00e9 de Gabriac sera scrut\u00e9e d\u00e8s les premiers jours de campagne.<\/p>\n<p><strong>S\u00e9curit\u00e9 et\u00a0propret\u00e9 des rues : priorit\u00e9 absolue<\/strong><\/p>\n<p>La s\u00e9curit\u00e9 occupe une place centrale dans l\u2019intervention du candidat. Gabriac promet de <strong>r\u00e9armer la police municipale \u00ab\u202fphysiquement, mais aussi moralement\u202f\u00bb<\/strong>, et d\u2019installer une mairie \u00ab\u202fpro-s\u00e9curit\u00e9\u202f\u00bb. Les critiques envers Eric Piolle fusent : \u00ab\u202fMonsieur Piolle n\u2019a pas \u00e9t\u00e9 un maire pro-s\u00e9curit\u00e9. La ville est sinistr\u00e9e et a besoin d\u2019un vrai renouveau.\u202f\u00bb Selon le candidat, les probl\u00e8mes ne se limitent pas au narcotrafic, mais englobent \u00ab\u202fles incivilit\u00e9s, les cambriolages et toutes les difficult\u00e9s que rencontrent les Grenoblois honn\u00eates qui veulent vivre sereinement\u202f\u00bb.<\/p>\n<p>Thierry P\u00e9rez souligne le r\u00f4le du maire dans ce domaine : \u00ab\u202fLe maire est le garant de la s\u00e9curit\u00e9. Il ne peut pas se contenter de regarder, il doit se battre pour sa commune, pour obtenir des effectifs policiers suppl\u00e9mentaires et les moyens n\u00e9cessaires.\u202f\u00bb Une d\u00e9claration qui pr\u00e9figure la ligne dure de Gabriac sur ce sujet.<\/p>\n<p><strong>Relance \u00e9conomique et identit\u00e9 locale<\/strong><\/p>\n<p>Le deuxi\u00e8me axe de la campagne repose sur la relance \u00e9conomique et commerciale de Grenoble. Gabriac se montre tr\u00e8s critique envers le centre-ville : \u00ab<strong>\u202fIl y a trop de commerces vacants, trop de vitrines ferm\u00e9es. Nous voulons que les commerces reviennent \u00e0 Grenoble.\u202f\u00bb<\/strong> Pour cela, il propose une baisse de la fiscalit\u00e9 et des dispositifs incitatifs, ainsi qu\u2019une lutte contre les tags et l\u2019insalubrit\u00e9.<\/p>\n<p>La ville, selon lui, a un potentiel inexploit\u00e9 : \u00ab\u202fNous avons une grande ville avec un savoir-faire technologique, le CEA, un p\u00f4le universitaire et scientifique. Elle a un potentiel immense, et cette ville, je l\u2019aime, c\u2019est la mienne.\u202f\u00bb Une d\u00e9claration qui m\u00eale attachement personnel et projection politique, visant \u00e0 capter l\u2019identit\u00e9 locale comme moteur de campagne.<\/p>\n<p><strong>Qui est Valentin Gabriac ?<\/strong><\/p>\n<p>Valentin Gabriac, 33 ans, est un Grenoblois de longue date, son p\u00e8re commercial, sa m\u00e8re professeure de piano il revendique un attachement profond \u00e0 sa ville. Apr\u00e8s avoir grandi \u00e0 Meylan et suivi ses \u00e9tudes \u00e0 Grenoble, il y est revenu pour porter la liste du Rassemblement National aux municipales de 2026. Il \u00e9tait jusqu&rsquo;ici attach\u00e9 parlementaire de Thierry Perez, d\u00e9put\u00e9 de la 10\u00e8me circonscription de l&rsquo;Is\u00e8re.\u00a0<\/p>\n<p><strong>\u00ab\u00a0Eric Piolle a divis\u00e9 les Grenoblois entre eux\u00a0\u00bb<\/strong><\/p>\n<p>Gabriac n\u2019a pas h\u00e9sit\u00e9 \u00e0 interpeller directement ses rivaux. L\u2019ancien maire <strong>Alain Carignon<\/strong> est ainsi questionn\u00e9 sur son positionnement \u00e9lectoral futur : <strong>\u00ab\u202fQuelle serait sa position face \u00e0 un candidat RN au second tour\u202f?<\/strong> Appellerait-il \u00e0 voter Rassemblement National, Parti socialiste, ou s\u2019abstiendrait-il\u202f?\u202f\u00bb Gabriac met \u00e9galement en avant la division laiss\u00e9e par Eric Piolle : \u00ab\u202fLes automobilistes et les cyclistes, les propri\u00e9taires et les locataires, les \u00e9tudiants et les classes sup\u00e9rieures\u2026 il a divis\u00e9 les Grenoblois entre eux.\u202f\u00bb<\/p>\n<p>Selon lui, la liste qu\u2019il dirige doit redonner de la coh\u00e9rence et de la pluralit\u00e9 dans une ville trop fragment\u00e9e : \u00ab\u202fNous voulons rapporter et ramener de la d\u00e9mocratie, de la tol\u00e9rance, dans cette ville qui a \u00e9t\u00e9 trop divis\u00e9e et trop sectaire.\u202f\u00bb<\/p>\n<p><strong>Une campagne encadr\u00e9e et orient\u00e9e national<\/strong><\/p>\n<p>Si Gabriac insiste sur le programme local, il n\u2019oublie pas le volet national. Des alliances sont envisag\u00e9es, notamment avec <strong>l\u2019UDR d\u2019\u00c9ric Ciotti<\/strong>, et le parti pr\u00e9voit de jouer de ses r\u00e9seaux d\u00e9partementaux et europ\u00e9ens pour soutenir la candidature. \u00ab\u202fNous avons une \u00e9tiquette politique claire et une dynamique qui nous permettra d\u2019acc\u00e9der au conseil municipal et de porter la voix des Grenoblois m\u00e9pris\u00e9s par M. Piolle\u202f\u00bb, assure-t-il.\u00a0<\/p>\n<p>\u00a0<\/p>\n<p>\u2935\ufe0f Les interviews de Valentin Gabriac,\u00a0candidat \u00e0 la mairie de Grenoble et Thierry P\u00e9rez, d\u00e9l\u00e9gu\u00e9 d\u00e9partemental du RN<\/p><\/p>\n","protected":false},"excerpt":{"rendered":"09\/12\/2025 &#8211; 12:10 &#13; &#13; &#13; &#13; &#13; Lundi 8 d\u00e9cembre au Park Hotel de Grenoble, Valentin Gabriac,&hellip;\n","protected":false},"author":2,"featured_media":590265,"comment_status":"","ping_status":"","sticky":false,"template":"","format":"standard","meta":{"footnotes":""},"categories":[9566],"tags":[1111,11,2430,1777,674,1011,27,2731,12,25],"class_list":{"0":"post-590264","1":"post","2":"type-post","3":"status-publish","4":"format-standard","5":"has-post-thumbnail","7":"category-grenoble","8":"tag-actu","9":"tag-actualites","10":"tag-auvergne-rhone-alpes","11":"tag-eu","12":"tag-europe","13":"tag-fr","14":"tag-france","15":"tag-grenoble","16":"tag-news","17":"tag-republique-francaise"},"share_on_mastodon":{"url":"https:\/\/pubeurope.com\/@fr\/115694320065376361","error":""},"_links":{"self":[{"href":"https:\/\/www.europesays.com\/fr\/wp-json\/wp\/v2\/posts\/590264","targetHints":{"allow":["GET"]}}],"collection":[{"href":"https:\/\/www.europesays.com\/fr\/wp-json\/wp\/v2\/posts"}],"about":[{"href":"https:\/\/www.europesays.com\/fr\/wp-json\/wp\/v2\/types\/post"}],"author":[{"embeddable":true,"href":"https:\/\/www.europesays.com\/fr\/wp-json\/wp\/v2\/users\/2"}],"replies":[{"embeddable":true,"href":"https:\/\/www.europesays.com\/fr\/wp-json\/wp\/v2\/comments?post=590264"}],"version-history":[{"count":0,"href":"https:\/\/www.europesays.com\/fr\/wp-json\/wp\/v2\/posts\/590264\/revisions"}],"wp:featuredmedia":[{"embeddable":true,"href":"https:\/\/www.europesays.com\/fr\/wp-json\/wp\/v2\/media\/590265"}],"wp:attachment":[{"href":"https:\/\/www.europesays.com\/fr\/wp-json\/wp\/v2\/media?parent=590264"}],"wp:term":[{"taxonomy":"category","embeddable":true,"href":"https:\/\/www.europesays.com\/fr\/wp-json\/wp\/v2\/categories?post=590264"},{"taxonomy":"post_tag","embeddable":true,"href":"https:\/\/www.europesays.com\/fr\/wp-json\/wp\/v2\/tags?post=590264"}],"curies":[{"name":"wp","href":"https:\/\/api.w.org\/{rel}","templated":true}]}}