{"id":590266,"date":"2025-12-10T08:26:13","date_gmt":"2025-12-10T08:26:13","guid":{"rendered":"https:\/\/www.europesays.com\/fr\/590266\/"},"modified":"2025-12-10T08:26:13","modified_gmt":"2025-12-10T08:26:13","slug":"un-spectacle-pour-tous-les-enfants-les-parents-et-les-grands-parents-a-saint-gregoire","status":"publish","type":"post","link":"https:\/\/www.europesays.com\/fr\/590266\/","title":{"rendered":"Un spectacle pour \u00ab\u00a0tous les enfants, les parents et les grands-parents\u00a0\u00bb \u00e0 Saint-Gr\u00e9goire,"},"content":{"rendered":"<p>Entretien avec l\u2019artiste Damien Robert, qui propose, samedi 13\u00a0d\u00e9cembre 2025, un spectacle <a href=\"https:\/\/rennes.maville.com\/actu\/actudet_-marche-de-createurs-spectacles...-la-magie-de-noel-s-empare-de-saint-gregoire-_7-7099756_actu.Htm\" target=\"_blank\" rel=\"noopener\">pour les f\u00eates de fin d\u2019ann\u00e9e<\/a>.<\/p>\n<p><strong> <strong>Qui est ce L\u00e9on Satache\u00a0?<\/strong> <\/strong><\/p>\n<p>C\u2019est un petit bonhomme \u00e2g\u00e9 entre 8 et 10\u00a0ans et qui a un caract\u00e8re bien tremp\u00e9. Il repr\u00e9sente finalement un citadin moderne qui va se retrouver \u00e0 la campagne lointaine chez sa grand-m\u00e8re. La confrontation des g\u00e9n\u00e9rations va engendrer des conflits. Les deux personnages vont s\u2019appr\u00e9hender. Avec L\u00e9on Satache, le lien interg\u00e9n\u00e9rationnel est mis en avant. Ce lien est tr\u00e8s beau et tr\u00e8s important.<\/p>\n<p><strong> <strong>En quoi ce spectacle de No\u00ebl est-il \u00e9tonnant\u00a0?<\/strong> <\/strong><\/p>\n<p>Les spectateurs de tous les \u00e2ges vont faire la d\u00e9couverte d\u2019un livre magique. \u00a0C\u2019est un livre incroyable\u00a0, annonce la grand-m\u00e8re \u00e0 L\u00e9on. \u00c0 un moment donn\u00e9, L\u00e9on va se rendre compte d\u2019un univers d\u2019\u00e9motions. Il va d\u00e9velopper une connaissance de lui-m\u00eame et fera un voyage initiatique en d\u00e9couvrant ce livre. Il va se transformer au contact du livre et de la grand-m\u00e8re. Le lien interg\u00e9n\u00e9rationnel est tr\u00e8s important.<\/p>\n<p><strong> <strong>\u00c0 qui s\u2019adresse votre spectacle\u00a0?<\/strong> <\/strong><\/p>\n<p>\u00c0 tous les enfants, leurs parents et grands-parents bien s\u00fbr. Je suis accompagn\u00e9 d\u2019un pianiste sur sc\u00e8ne. J\u2019interagis avec les voix de la grand-m\u00e8re. Il y a plusieurs niveaux de lecture et de compr\u00e9hension. Parents et grands-parents s\u2019y retrouvent en g\u00e9n\u00e9ral. Il y a aussi des petits tours de magie. Ils permettent d\u2019appuyer certains points de la narration.<\/p>\n<p>Le spectacle compte huit\u00a0chansons. Je l\u2019ai bien am\u00e9lior\u00e9 depuis un an. Il y a eu beaucoup de changements. Je travaille avec Sylvain Levey, auteur jeunesse originaire de Foug\u00e8res.<\/p>\n<p><strong>L\u2019\u00e9tonnant No\u00ebl de L\u00e9on Satache, <\/strong>samedi 13\u00a0d\u00e9cembre 2025, \u00e0 15\u00a0h, salle EMC\u00b2, zone Alphasis, \u00e0 <a href=\"https:\/\/rennes.maville.com\/bretagne\/ille-et-vilaine\/saint-gregoire\/\" target=\"_blank\" rel=\"noopener\">Saint-Gr\u00e9goire<\/a>. Tarif\u00a0: \u00e0 partir de 15\u00a0\u20ac<\/p>\n<p>\u00a0<\/p>\n","protected":false},"excerpt":{"rendered":"Entretien avec l\u2019artiste Damien Robert, qui propose, samedi 13\u00a0d\u00e9cembre 2025, un spectacle pour les f\u00eates de fin d\u2019ann\u00e9e.&hellip;\n","protected":false},"author":2,"featured_media":590267,"comment_status":"","ping_status":"","sticky":false,"template":"","format":"standard","meta":{"footnotes":""},"categories":[2821],"tags":[1111,11,829,1719,1777,674,1011,27,50038,12,3306,3086,584,25,5372,3982,3140],"class_list":{"0":"post-590266","1":"post","2":"type-post","3":"status-publish","4":"format-standard","5":"has-post-thumbnail","7":"category-rennes","8":"tag-actu","9":"tag-actualites","10":"tag-bretagne","11":"tag-enfants","12":"tag-eu","13":"tag-europe","14":"tag-fr","15":"tag-france","16":"tag-grands-parents","17":"tag-news","18":"tag-parents","19":"tag-redon","20":"tag-rennes","21":"tag-republique-francaise","22":"tag-saint-gregoire","23":"tag-samedi","24":"tag-spectacle"},"share_on_mastodon":{"url":"https:\/\/pubeurope.com\/@fr\/115694323994594785","error":""},"_links":{"self":[{"href":"https:\/\/www.europesays.com\/fr\/wp-json\/wp\/v2\/posts\/590266","targetHints":{"allow":["GET"]}}],"collection":[{"href":"https:\/\/www.europesays.com\/fr\/wp-json\/wp\/v2\/posts"}],"about":[{"href":"https:\/\/www.europesays.com\/fr\/wp-json\/wp\/v2\/types\/post"}],"author":[{"embeddable":true,"href":"https:\/\/www.europesays.com\/fr\/wp-json\/wp\/v2\/users\/2"}],"replies":[{"embeddable":true,"href":"https:\/\/www.europesays.com\/fr\/wp-json\/wp\/v2\/comments?post=590266"}],"version-history":[{"count":0,"href":"https:\/\/www.europesays.com\/fr\/wp-json\/wp\/v2\/posts\/590266\/revisions"}],"wp:featuredmedia":[{"embeddable":true,"href":"https:\/\/www.europesays.com\/fr\/wp-json\/wp\/v2\/media\/590267"}],"wp:attachment":[{"href":"https:\/\/www.europesays.com\/fr\/wp-json\/wp\/v2\/media?parent=590266"}],"wp:term":[{"taxonomy":"category","embeddable":true,"href":"https:\/\/www.europesays.com\/fr\/wp-json\/wp\/v2\/categories?post=590266"},{"taxonomy":"post_tag","embeddable":true,"href":"https:\/\/www.europesays.com\/fr\/wp-json\/wp\/v2\/tags?post=590266"}],"curies":[{"name":"wp","href":"https:\/\/api.w.org\/{rel}","templated":true}]}}