{"id":590268,"date":"2025-12-10T08:27:27","date_gmt":"2025-12-10T08:27:27","guid":{"rendered":"https:\/\/www.europesays.com\/fr\/590268\/"},"modified":"2025-12-10T08:27:27","modified_gmt":"2025-12-10T08:27:27","slug":"le-surprenant-secret-des-animaux-du-grand-nord","status":"publish","type":"post","link":"https:\/\/www.europesays.com\/fr\/590268\/","title":{"rendered":"le surprenant secret des animaux du Grand Nord"},"content":{"rendered":"<p>Dans les r\u00e9gions polaires, l\u2019alternance jour-nuit dispara\u00eet plusieurs mois par an\u00a0: obscurit\u00e9 totale en hiver, lumi\u00e8re continue en \u00e9t\u00e9. Dans ces conditions extr\u00eames, les rep\u00e8res lumineux qui r\u00e9gulent l\u2019horloge circadienne \u2013 cette cadence biologique de 24 heures pr\u00e9sente chez la plupart des animaux \u2013 deviennent inutilisables.<\/p>\n<p>Des \u00e9tudes men\u00e9es en Norv\u00e8ge et au Svalbard ont montr\u00e9 que les rennes ne pr\u00e9sentent aucune variation circadienne quotidienne stable de m\u00e9latonine, l\u2019hormone qui signale normalement le passage du jour \u00e0 la nuit. R\u00e9sultat\u00a0: ils mangent, se d\u00e9placent et dorment en courtes siestes, \u00e0 n\u2019importe quelle heure.<\/p>\n<p class=\"mb-m@xs text-l@xs\">En cliquant sur\u00ab J\u2019accepte \u00bb, vous acceptez le d\u00e9p\u00f4t de cookies par des services externes et aurez ainsi acc\u00e8s aux contenus de nos partenaires.<\/p>\n<p class=\"mb-xl@xs text-s@xs\">Plus d\u2019informations sur la page<a href=\"https:\/\/www.20minutes.fr\/gestion-cookies\" class=\"mx-xxs@xs color-ultramarine\" target=\"_blank\" rel=\"noopener\">Politique de gestion des cookies<\/a><\/p>\n<p>J\u2019accepteUn quotidien flexible\u2026 mais une saison \u00e0 ne pas rater<\/p>\n<p>Si \u00ab\u00a0savoir l\u2019heure\u00a0\u00bb n\u2019a aucun int\u00e9r\u00eat pour eux, conna\u00eetre la saison, en revanche, est vital. La reproduction doit \u00eatre synchronis\u00e9e pour que les femelles allaitent leurs petits au moment o\u00f9 la v\u00e9g\u00e9tation est la plus nutritive. Comment s\u2019y prennent-ils sans horloge journali\u00e8re\u00a0? Les chercheurs pensent que les rennes utilisent les variations saisonni\u00e8res de la m\u00e9latonine (donc sur le long terme), qui restent perceptibles m\u00eame sous lumi\u00e8re constante\u00a0: un signal suffisant pour d\u00e9tecter l\u2019arriv\u00e9e du printemps ou de l\u2019automne.<\/p>\n<p>Une adaptation fine \u00e0 un milieu extr\u00eame<\/p>\n<p>Dans un environnement o\u00f9 les rep\u00e8res lumineux disparaissent, les rennes s\u2019appuient sur d\u2019autres signaux pour rester synchronis\u00e9s avec les saisons. Leur organisme r\u00e9agit notamment aux variations de temp\u00e9rature, \u00e0 la progression de la couverture neigeuse ou encore \u00e0 la disponibilit\u00e9 du lichen, leur ressource alimentaire essentielle. Ces indicateurs environnementaux, beaucoup plus fiables que la lumi\u00e8re en Arctique, leur permettent d\u2019ajuster leur comportement, d\u2019anticiper la p\u00e9riode de reproduction et de conserver une organisation sociale coh\u00e9rente malgr\u00e9 l\u2019absence de cycle jour-nuit.<\/p>\n<p>Cet article vous a plu\u00a0? Retrouvez le magazine \u00ab\u00a0<a href=\"https:\/\/www.monmag.fr\/categorie\/maison-loisirs-et-nature\/le-monde-des-animaux\/\" target=\"_blank\" class=\"c-link c-link--is-underlined\" rel=\"noopener\">Le Monde des Animaux<\/a>\u00a0\u00bb en kiosque et sur monmag.fr (versions papier et num\u00e9rique, et abonnements).<\/p>\n<p><img decoding=\"async\" alt=\"Le Monde des Animaux &amp; de la Nature est un magazine trimestriel.\" class=\"c-img\" loading=\"lazy\" fetchpriority=\"auto\" width=\"718\"  src=\"https:\/\/img.20mn.fr\/56tKDxd7RP2vghToaU1FISk\/718x0\" \/>Le Monde des Animaux &amp; de la Nature est un magazine trimestriel.\u2002-\u00a0Le Monde des Animaux &amp; de la Nature n\u00b055<\/p>\n<p><a href=\"https:\/\/www.lemondedesanimaux-magazine.fr\/\" target=\"_blank\" class=\"c-link c-link--is-underlined\" rel=\"noopener\">Le Monde des Animaux &amp; de la Nature<\/a> est un magazine d\u00e9di\u00e9 \u00e0 la faune et \u00e0 la flore sauvages du monde entier. \u00c0 travers des histoires captivantes et de sublimes photographies, le magazine offre un v\u00e9ritable safari visuel au c\u0153ur de la nature.<\/p>\n","protected":false},"excerpt":{"rendered":"Dans les r\u00e9gions polaires, l\u2019alternance jour-nuit dispara\u00eet plusieurs mois par an\u00a0: obscurit\u00e9 totale en hiver, lumi\u00e8re continue en&hellip;\n","protected":false},"author":2,"featured_media":590269,"comment_status":"","ping_status":"","sticky":false,"template":"","format":"standard","meta":{"footnotes":""},"categories":[2821],"tags":[1111,11,1867,20931,829,58,1777,674,1011,27,6736,848,1393,70332,12,673,584,25],"class_list":{"0":"post-590268","1":"post","2":"type-post","3":"status-publish","4":"format-standard","5":"has-post-thumbnail","7":"category-rennes","8":"tag-actu","9":"tag-actualites","10":"tag-animaux","11":"tag-arctique","12":"tag-bretagne","13":"tag-divertissement","14":"tag-eu","15":"tag-europe","16":"tag-fr","17":"tag-france","18":"tag-hiver","19":"tag-ille-et-vilaine","20":"tag-loisirs","21":"tag-minutes-animaux","22":"tag-news","23":"tag-norvege","24":"tag-rennes","25":"tag-republique-francaise"},"share_on_mastodon":{"url":"https:\/\/pubeurope.com\/@fr\/115694328829864548","error":""},"_links":{"self":[{"href":"https:\/\/www.europesays.com\/fr\/wp-json\/wp\/v2\/posts\/590268","targetHints":{"allow":["GET"]}}],"collection":[{"href":"https:\/\/www.europesays.com\/fr\/wp-json\/wp\/v2\/posts"}],"about":[{"href":"https:\/\/www.europesays.com\/fr\/wp-json\/wp\/v2\/types\/post"}],"author":[{"embeddable":true,"href":"https:\/\/www.europesays.com\/fr\/wp-json\/wp\/v2\/users\/2"}],"replies":[{"embeddable":true,"href":"https:\/\/www.europesays.com\/fr\/wp-json\/wp\/v2\/comments?post=590268"}],"version-history":[{"count":0,"href":"https:\/\/www.europesays.com\/fr\/wp-json\/wp\/v2\/posts\/590268\/revisions"}],"wp:featuredmedia":[{"embeddable":true,"href":"https:\/\/www.europesays.com\/fr\/wp-json\/wp\/v2\/media\/590269"}],"wp:attachment":[{"href":"https:\/\/www.europesays.com\/fr\/wp-json\/wp\/v2\/media?parent=590268"}],"wp:term":[{"taxonomy":"category","embeddable":true,"href":"https:\/\/www.europesays.com\/fr\/wp-json\/wp\/v2\/categories?post=590268"},{"taxonomy":"post_tag","embeddable":true,"href":"https:\/\/www.europesays.com\/fr\/wp-json\/wp\/v2\/tags?post=590268"}],"curies":[{"name":"wp","href":"https:\/\/api.w.org\/{rel}","templated":true}]}}