{"id":590277,"date":"2025-12-10T08:33:16","date_gmt":"2025-12-10T08:33:16","guid":{"rendered":"https:\/\/www.europesays.com\/fr\/590277\/"},"modified":"2025-12-10T08:33:16","modified_gmt":"2025-12-10T08:33:16","slug":"40-pompiers-mobilises-pour-eteindre-lincendie","status":"publish","type":"post","link":"https:\/\/www.europesays.com\/fr\/590277\/","title":{"rendered":"40 pompiers mobilis\u00e9s pour \u00e9teindre l\u2019incendie"},"content":{"rendered":"<p>                    Par<br \/>\n        <strong><br \/>\n            <a href=\"https:\/\/actu.fr\/auteur\/gwendal-lepriellec\" title=\"Consulter tous les articles de Gwendal Le Priellec\" target=\"_blank\" rel=\"noopener\">Gwendal Le Priellec<\/a><br \/>\n                    <\/strong><\/p>\n<p>        Publi\u00e9 le<\/p>\n<p>            10 d\u00e9c. 2025 \u00e0 8h26        <\/p>\n<p>Un <b>incendie <\/b>s\u2019est d\u00e9clench\u00e9 \u00e0 <b>Saint-Herblain<\/b> (Loire-Atlantique), au niveau de l\u2019avenue des Th\u00e9baudi\u00e8res et du <b>Sillon de Bretagne<\/b>, mardi 9\u00a0d\u00e9cembre 2025 peu avant 14\u2009h.<\/p>\n<p>Feu de voiture pr\u00e8s de Nantes\u2009: 40 pompiers mobilis\u00e9s pour \u00e9teindre l\u2019incendie<\/p>\n<p class=\" wall-content\">C\u2019est en effet une <b>voiture <\/b>qui a pris <b>feu<\/b>, dans un <b>parking<\/b> souterrain. \u00ab\u2009Le feu a pris au deuxi\u00e8me niveau du parc souterrain de stationnement couvert\u2009\u00bb, expliquent les <b>40 pompiers <\/b>\u00e0 \u00eatre intervenus sur place.<\/p>\n<p class=\" wall-content\">Finalement, le feu a \u00e9t\u00e9 \u00e9teint \u00e0 l\u2019aide de deux lances.<b> 10 engins<\/b> ont \u00e9t\u00e9 mobilis\u00e9s par les pompiers. Les services de la <b>Police nationale <\/b>\u00e9taient \u00e9galement pr\u00e9sents sur les lieux.<\/p>\n<p class=\" wall-content\">L\u2019incendie n\u2019a pas fait de <b>bless\u00e9s<\/b>.<\/p>\n<p class=\" wall-content\">Personnalisez votre actualit\u00e9 en ajoutant vos villes et m\u00e9dias en favori avec <a href=\"https:\/\/moncompte.actu.fr\" title=\"D\u00e9couvez Mon Actu\" rel=\"nofollow noopener\" data-trk=\"{&quot;cta&quot;:{&quot;action&quot;:&quot;https:\\\/\\\/moncompte.actu.fr&quot;,&quot;category&quot;:&quot;mon compte&quot;,&quot;from&quot;:&quot;article footer&quot;,&quot;name&quot;:&quot;Mon actu&quot;,&quot;type&quot;:&quot;cta&quot;}}\" target=\"_blank\">Mon Actu<\/a>.<\/p>\n","protected":false},"excerpt":{"rendered":"Par Gwendal Le Priellec Publi\u00e9 le 10 d\u00e9c. 2025 \u00e0 8h26 Un incendie s\u2019est d\u00e9clench\u00e9 \u00e0 Saint-Herblain (Loire-Atlantique),&hellip;\n","protected":false},"author":2,"featured_media":590278,"comment_status":"","ping_status":"","sticky":false,"template":"","format":"standard","meta":{"footnotes":""},"categories":[2818],"tags":[1111,11,1777,674,118,1011,27,1310,766,12,2636,1072,1311,25],"class_list":{"0":"post-590277","1":"post","2":"type-post","3":"status-publish","4":"format-standard","5":"has-post-thumbnail","7":"category-nantes","8":"tag-actu","9":"tag-actualites","10":"tag-eu","11":"tag-europe","12":"tag-faits-divers","13":"tag-fr","14":"tag-france","15":"tag-incendie","16":"tag-nantes","17":"tag-news","18":"tag-pays-de-la-loire","19":"tag-police","20":"tag-pompiers","21":"tag-republique-francaise"},"share_on_mastodon":{"url":"https:\/\/pubeurope.com\/@fr\/115694351443308637","error":""},"_links":{"self":[{"href":"https:\/\/www.europesays.com\/fr\/wp-json\/wp\/v2\/posts\/590277","targetHints":{"allow":["GET"]}}],"collection":[{"href":"https:\/\/www.europesays.com\/fr\/wp-json\/wp\/v2\/posts"}],"about":[{"href":"https:\/\/www.europesays.com\/fr\/wp-json\/wp\/v2\/types\/post"}],"author":[{"embeddable":true,"href":"https:\/\/www.europesays.com\/fr\/wp-json\/wp\/v2\/users\/2"}],"replies":[{"embeddable":true,"href":"https:\/\/www.europesays.com\/fr\/wp-json\/wp\/v2\/comments?post=590277"}],"version-history":[{"count":0,"href":"https:\/\/www.europesays.com\/fr\/wp-json\/wp\/v2\/posts\/590277\/revisions"}],"wp:featuredmedia":[{"embeddable":true,"href":"https:\/\/www.europesays.com\/fr\/wp-json\/wp\/v2\/media\/590278"}],"wp:attachment":[{"href":"https:\/\/www.europesays.com\/fr\/wp-json\/wp\/v2\/media?parent=590277"}],"wp:term":[{"taxonomy":"category","embeddable":true,"href":"https:\/\/www.europesays.com\/fr\/wp-json\/wp\/v2\/categories?post=590277"},{"taxonomy":"post_tag","embeddable":true,"href":"https:\/\/www.europesays.com\/fr\/wp-json\/wp\/v2\/tags?post=590277"}],"curies":[{"name":"wp","href":"https:\/\/api.w.org\/{rel}","templated":true}]}}