{"id":590279,"date":"2025-12-10T08:34:17","date_gmt":"2025-12-10T08:34:17","guid":{"rendered":"https:\/\/www.europesays.com\/fr\/590279\/"},"modified":"2025-12-10T08:34:17","modified_gmt":"2025-12-10T08:34:17","slug":"une-revue-litteraire-et-bientot-une-nouvelle-maison-dedition-a-nantes","status":"publish","type":"post","link":"https:\/\/www.europesays.com\/fr\/590279\/","title":{"rendered":"Une revue litt\u00e9raire et bient\u00f4t une nouvelle maison d\u2019\u00e9dition \u00e0 Nantes"},"content":{"rendered":"<p>C\u2019est lors d\u2019un atelier de la NRF (Nouvelle revue fran\u00e7aise), dispens\u00e9 \u00e0 Paris par Sylvain Prudhomme, que Christophe Angot et Lo\u00efc Le Gac se sont rencontr\u00e9s. Si le premier travaille dans l\u2019enseignement sup\u00e9rieur pour Nantes m\u00e9tropole et que le second est ind\u00e9pendant dans le digital learning, l\u2019amour commun de l\u2019\u00e9criture a rapproch\u00e9 les deux Nantais.<\/p>\n<p>En avril\u00a02025, lors d\u2019un d\u00e9jeuner, Christophe Angot lance l\u2019id\u00e9e d\u2019une revue consacr\u00e9e aux formats courts, et s\u00e9duit imm\u00e9diatement Lo\u00efc Le Gac qui avait par le pass\u00e9 travaill\u00e9 sur le magazine scientifique Thinkovery. \u00a0Je me suis empress\u00e9 d\u2019aller acheter tout ce que je pouvais comme revues de cr\u00e9ation litt\u00e9raire, se souvient-il. J\u2019ai eu le sentiment d\u2019\u00eatre mis \u00e0 l\u2019\u00e9cart, soit parce qu\u2019on \u00e9tait vraiment dans l\u2019expertise litt\u00e9raire, soit parce que c\u2019\u00e9tait hyper exp\u00e9rimental ou ultra militant.\u00a0<\/p>\n<p>Bien d\u00e9cid\u00e9 \u00e0 \u00e9viter ces cr\u00e9neaux, le voil\u00e0 qui peaufine un projet \u00a0ouvert et surtout accessible \u00e0 tous\u00a0. La maquette, confi\u00e9e \u00e0 Laurence Frelat, est soign\u00e9e et laisse une belle place aux arts plastiques, le rubriquage est pens\u00e9 comme celui d\u2019un magazine, \u00a0avec du rythme et des points d\u2019entr\u00e9e pour donner envie\u00a0. Au sommaire, on retrouve un entretien \u00a0dans un coin de l\u2019atelier\u00a0 o\u00f9 un \u00e9crivain livre ses techniques d\u2019\u00e9criture et <strong>\u00ab\u00a0l\u2019interview au long court\u00a0\u00bb<\/strong> (sic) avec un artiste multi-casquettes, quatre nouvelles mais aussi des pr\u00e9textes \u00e0 des formats courts\u00a0: <strong>\u00ab\u00a0\u00c9cris vin\u00a0!\u00a0\u00bb<\/strong> (une bouteille, deux \u00e9crivains), <strong>\u00ab\u00a0Litt\u00e9ratures artificielles\u00a0\u00bb<\/strong> (IA ou pas IA\u00a0?), <strong>\u00ab\u00a0Phon\u00e8mes\u00a0\u00bb<\/strong> (photos illustr\u00e9es par des po\u00e8mes)\u2026<\/p>\n<p>Le premier num\u00e9ro est paru en novembre avec en couverture, Sylvain Prudhomme et Albin de la Simone. Le second sortira d\u00e9but mai, avec une interview de <a href=\"https:\/\/www.ouest-france.fr\/culture\/musiques\/podcast-newsroom-les-invites-de-la-redaction-d-ouest-france-jeanne-cherhal-mon-sujet-de-predilection-cest-etre-une-femme-4447aa29-0182-4a13-9c45-897b7c532940\" target=\"_blank\" rel=\"noopener\">Jeanne Cherhal<\/a>, des textes de Laura Chomet et Marina de Van, mais aussi des contributions re\u00e7ues apr\u00e8s l\u2019appel lanc\u00e9 sur le site internet. En 2026, une maison d\u2019\u00e9dition donnera une autre envergure au projet, trois manuscrits sont d\u00e9j\u00e0 dans les tiroirs. Son nom\u00a0? \u00a0L\u2019Imprudence, s\u2019amuse Lo\u00efc Le Gac. Le secteur est en crise mais je pense qu\u2019il y a des mani\u00e8res agiles et cr\u00e9atives de r\u00e9occuper le terrain, de l\u2019enchanter un petit peu.\u00a0<\/p>\n<p>Volutes, en librairie, 18\u00a0\u20ac, <a href=\"https:\/\/revue-volutes.fr\/\" target=\"_blank\" rel=\"noopener\">www.revue-volutes.fr<\/a><\/p>\n<p>\u00a0<\/p>\n","protected":false},"excerpt":{"rendered":"C\u2019est lors d\u2019un atelier de la NRF (Nouvelle revue fran\u00e7aise), dispens\u00e9 \u00e0 Paris par Sylvain Prudhomme, que Christophe&hellip;\n","protected":false},"author":2,"featured_media":590280,"comment_status":"","ping_status":"","sticky":false,"template":"","format":"standard","meta":{"footnotes":""},"categories":[2818],"tags":[1111,11,10334,4660,1777,674,1011,27,19951,2142,766,12,2043,2636,25,4053],"class_list":{"0":"post-590279","1":"post","2":"type-post","3":"status-publish","4":"format-standard","5":"has-post-thumbnail","7":"category-nantes","8":"tag-actu","9":"tag-actualites","10":"tag-bientot","11":"tag-edition","12":"tag-eu","13":"tag-europe","14":"tag-fr","15":"tag-france","16":"tag-litteraire","17":"tag-maison","18":"tag-nantes","19":"tag-news","20":"tag-nouvelle","21":"tag-pays-de-la-loire","22":"tag-republique-francaise","23":"tag-revue"},"share_on_mastodon":{"url":"https:\/\/pubeurope.com\/@fr\/115694355594787389","error":""},"_links":{"self":[{"href":"https:\/\/www.europesays.com\/fr\/wp-json\/wp\/v2\/posts\/590279","targetHints":{"allow":["GET"]}}],"collection":[{"href":"https:\/\/www.europesays.com\/fr\/wp-json\/wp\/v2\/posts"}],"about":[{"href":"https:\/\/www.europesays.com\/fr\/wp-json\/wp\/v2\/types\/post"}],"author":[{"embeddable":true,"href":"https:\/\/www.europesays.com\/fr\/wp-json\/wp\/v2\/users\/2"}],"replies":[{"embeddable":true,"href":"https:\/\/www.europesays.com\/fr\/wp-json\/wp\/v2\/comments?post=590279"}],"version-history":[{"count":0,"href":"https:\/\/www.europesays.com\/fr\/wp-json\/wp\/v2\/posts\/590279\/revisions"}],"wp:featuredmedia":[{"embeddable":true,"href":"https:\/\/www.europesays.com\/fr\/wp-json\/wp\/v2\/media\/590280"}],"wp:attachment":[{"href":"https:\/\/www.europesays.com\/fr\/wp-json\/wp\/v2\/media?parent=590279"}],"wp:term":[{"taxonomy":"category","embeddable":true,"href":"https:\/\/www.europesays.com\/fr\/wp-json\/wp\/v2\/categories?post=590279"},{"taxonomy":"post_tag","embeddable":true,"href":"https:\/\/www.europesays.com\/fr\/wp-json\/wp\/v2\/tags?post=590279"}],"curies":[{"name":"wp","href":"https:\/\/api.w.org\/{rel}","templated":true}]}}