{"id":59028,"date":"2025-04-28T10:41:09","date_gmt":"2025-04-28T10:41:09","guid":{"rendered":"https:\/\/www.europesays.com\/fr\/59028\/"},"modified":"2025-04-28T10:41:09","modified_gmt":"2025-04-28T10:41:09","slug":"brocantes-vide-greniers-foire-a-tout-les-rendez-vous-de-la-chine-a-toulouse-et-aux-alentours","status":"publish","type":"post","link":"https:\/\/www.europesays.com\/fr\/59028\/","title":{"rendered":"Brocantes, vide-greniers, foire \u00e0 tout\u2026 Les rendez-vous de la chine \u00e0 Toulouse et aux alentours"},"content":{"rendered":"<p>            Par<br \/>\n        <strong><br \/>\n            <a href=\"https:\/\/actu.fr\/auteur\/lucie-2\" title=\"Consulter tous les articles de Lucie Fraisse\" rel=\"nofollow noopener\" target=\"_blank\">Lucie Fraisse<\/a><br \/>\n        <\/strong><\/p>\n<p>        Publi\u00e9 le<\/p>\n<p>            28 avr. 2025 \u00e0 12h39        <\/p>\n<p>La saison des vide-greniers bat son plein et ce premier week-end prolong\u00e9 de mai propose de nombreux rendez-vous pour chiner. La m\u00e9t\u00e9o s\u2019annonce plut\u00f4t cl\u00e9mente, voici donc notre s\u00e9lection de rendez-vous \u00e0 <strong><a href=\"https:\/\/actu.fr\/toulouse\/dernieres-actus\" rel=\"nofollow noopener\" target=\"_blank\">Toulouse<\/a> <\/strong>et aux alentours.<\/p>\n<p>D\u00e8s le jeudi 1er mai<\/p>\n<p class=\" wall-content\">Le 1er mai 2025, rendez-vous \u00e0<strong> L\u2019Union<\/strong> pour un vide-greniers au centre commercial Loubet, ou encore \u00e0 <strong>Lespinasse<\/strong>, pour le vide-grenier du Football club canal nord, au complexe sportif chemin de Beldou.<\/p>\n<p>      <img   decoding=\"async\" loading=\"lazy\" src=\"https:\/\/www.europesays.com\/fr\/wp-content\/uploads\/2025\/04\/photo-3-960x640.jpeg\" alt=\"La brocante des all\u00e9es est un rendez-vous particuli\u00e8rement appr\u00e9ci\u00e9 \u00e0 Toulouse.\" width=\"960\" height=\"640\"\/><br \/>\n    La brocante des all\u00e9es est un rendez-vous particuli\u00e8rement appr\u00e9ci\u00e9 \u00e0 Toulouse. (\u00a9Brocante les all\u00e9es)<\/p>\n<p class=\" wall-content\">C\u2019est une tradition \u00e0 chaque d\u00e9but de mois et un rendez-vous que les amateurs de brocante affectionnent particuli\u00e8rement : du 2 au 4 mai, c\u2019est sur les all\u00e9es Fran\u00e7ois-Verdier \u00e0 <strong>Toulouse<\/strong> qu\u2019il faudra se rendre pour la Brocante des all\u00e9es.<\/p>\n<p>Vide-greniers geek et vide-greniers des pompiers<\/p>\n<p class=\" wall-content\">Les 3 et 4 mai, <strong><a href=\"https:\/\/actu.fr\/occitanie\/balma_31044\" rel=\"nofollow noopener\" target=\"_blank\">Balma<\/a> <\/strong>accueille un vide-greniers geek, \u00e0 l\u2019Odyss\u00e9e. \u00c0 <strong>Castelginest<\/strong>, c\u2019est le club de tir \u00e0 l\u2019arc qui organise un vide-grenier samedi 3 mai. Rendez-vous \u00e0 <strong>Pinsaguel<\/strong> pour un grand d\u00e9ballage de printemps samedi 3 mai, place de la Libert\u00e9.<\/p>\n<p class=\" wall-content\">Dimanche 4 mai, rendez-vous \u00e0 <strong>Toulouse<\/strong>, avec les pompiers de la caserne Lougnon, pour un vide-grenier sur le cours Dillon.<\/p>\n<p class=\" wall-content\">Un vide-greniers est aussi organis\u00e9 par les Jardins Monplaisir, le long du canal du Midi face \u00e0 la p\u00e9niche Samsara. \u00c0 <strong>Seilh<\/strong>, vide ta chambre esplanade espace Ferrat. Le m\u00eame jour, vide-grenier \u00e0 la salle des f\u00eates de Seysses.<\/p>\n<p>Foire artisanale<\/p>\n<p class=\" wall-content\">\u00c0 <strong>Merville<\/strong>, le dimanche 4 mai, le vide-greniers sera accompagn\u00e9 d\u2019une foire artisanale, sous la halle. Rendez-vous aussi \u00e0 Montjoire (place de la mairie), \u00e0 Castelnau-d\u2019Estr\u00e9tefonds (parking salle des f\u00eates), \u00e0 Bessi\u00e8res (route de Montauban).<\/p>\n<p class=\" wall-content\">Suivez toute l\u2019actualit\u00e9 de vos villes et m\u00e9dias favoris en vous inscrivant \u00e0 <a href=\"https:\/\/moncompte.actu.fr\" title=\"D\u00e9couvez Mon Actu\" rel=\"nofollow noopener\" data-trk=\"{&quot;cta&quot;:{&quot;action&quot;:&quot;https:\\\/\\\/moncompte.actu.fr&quot;,&quot;category&quot;:&quot;mon compte&quot;,&quot;from&quot;:&quot;article footer&quot;,&quot;name&quot;:&quot;Mon actu&quot;,&quot;type&quot;:&quot;cta&quot;}}\" target=\"_blank\">Mon Actu<\/a>.<\/p>\n<ul class=\"ac-article-tag wall-content\">\n<li><a href=\"https:\/\/actu.fr\/tag\/sortir-a-toulouse\" data-trk=\"{&quot;cta&quot;:{&quot;action&quot;:&quot;Sortir \\u00e0 Toulouse&quot;,&quot;category&quot;:&quot;tag&quot;,&quot;from&quot;:&quot;article footer&quot;,&quot;name&quot;:&quot;Sortir \\u00e0 Toulouse&quot;,&quot;type&quot;:&quot;cta&quot;}}\" rel=\"nofollow noopener\" target=\"_blank\">#Sortir \u00e0 Toulouse<\/a><\/li>\n<li><a href=\"https:\/\/actu.fr\/tag\/vide-greniers\" data-trk=\"{&quot;cta&quot;:{&quot;action&quot;:&quot;Vide-greniers&quot;,&quot;category&quot;:&quot;tag&quot;,&quot;from&quot;:&quot;article footer&quot;,&quot;name&quot;:&quot;Vide-greniers&quot;,&quot;type&quot;:&quot;cta&quot;}}\" rel=\"nofollow noopener\" target=\"_blank\">#Vide-greniers<\/a><\/li>\n<\/ul>\n","protected":false},"excerpt":{"rendered":"Par Lucie Fraisse Publi\u00e9 le 28 avr. 2025 \u00e0 12h39 La saison des vide-greniers bat son plein et&hellip;\n","protected":false},"author":2,"featured_media":59029,"comment_status":"","ping_status":"","sticky":false,"template":"","format":"standard","meta":{"footnotes":""},"categories":[2816],"tags":[1111,11,1777,674,1011,27,1652,12,2680,25,1341,2312,3365],"class_list":{"0":"post-59028","1":"post","2":"type-post","3":"status-publish","4":"format-standard","5":"has-post-thumbnail","7":"category-toulouse","8":"tag-actu","9":"tag-actualites","10":"tag-eu","11":"tag-europe","12":"tag-fr","13":"tag-france","14":"tag-loisirs-culture","15":"tag-news","16":"tag-occitanie","17":"tag-republique-francaise","18":"tag-sortir-a-toulouse","19":"tag-toulouse","20":"tag-vide-greniers"},"share_on_mastodon":{"url":"https:\/\/pubeurope.com\/@fr\/114415172612585346","error":""},"_links":{"self":[{"href":"https:\/\/www.europesays.com\/fr\/wp-json\/wp\/v2\/posts\/59028","targetHints":{"allow":["GET"]}}],"collection":[{"href":"https:\/\/www.europesays.com\/fr\/wp-json\/wp\/v2\/posts"}],"about":[{"href":"https:\/\/www.europesays.com\/fr\/wp-json\/wp\/v2\/types\/post"}],"author":[{"embeddable":true,"href":"https:\/\/www.europesays.com\/fr\/wp-json\/wp\/v2\/users\/2"}],"replies":[{"embeddable":true,"href":"https:\/\/www.europesays.com\/fr\/wp-json\/wp\/v2\/comments?post=59028"}],"version-history":[{"count":0,"href":"https:\/\/www.europesays.com\/fr\/wp-json\/wp\/v2\/posts\/59028\/revisions"}],"wp:featuredmedia":[{"embeddable":true,"href":"https:\/\/www.europesays.com\/fr\/wp-json\/wp\/v2\/media\/59029"}],"wp:attachment":[{"href":"https:\/\/www.europesays.com\/fr\/wp-json\/wp\/v2\/media?parent=59028"}],"wp:term":[{"taxonomy":"category","embeddable":true,"href":"https:\/\/www.europesays.com\/fr\/wp-json\/wp\/v2\/categories?post=59028"},{"taxonomy":"post_tag","embeddable":true,"href":"https:\/\/www.europesays.com\/fr\/wp-json\/wp\/v2\/tags?post=59028"}],"curies":[{"name":"wp","href":"https:\/\/api.w.org\/{rel}","templated":true}]}}