{"id":590289,"date":"2025-12-10T08:39:13","date_gmt":"2025-12-10T08:39:13","guid":{"rendered":"https:\/\/www.europesays.com\/fr\/590289\/"},"modified":"2025-12-10T08:39:13","modified_gmt":"2025-12-10T08:39:13","slug":"roubaix-ville-ambassadrice-du-don-dorganes","status":"publish","type":"post","link":"https:\/\/www.europesays.com\/fr\/590289\/","title":{"rendered":"Roubaix : Ville ambassadrice du don d\u2019organes"},"content":{"rendered":"<p class=\"introduction\">Depuis quelques semaines, 3 panneaux \u00ab Ville ambassadrice du don d\u2019organes \u00bb ont \u00e9t\u00e9 pos\u00e9s aux entr\u00e9es de Roubaix pour marquer l\u2019engagement de la ville qui est devenue Ville ambassadrice en 2024. Cette initiative, lanc\u00e9e par le collectif Greffes+ depuis janvier 2023 et symbolis\u00e9e par un ruban vert, vise \u00e0 sensibiliser les citoyens \u00e0 l\u2019importance du don d\u2019organes et de tissus, pour d\u00e9velopper ce geste de solidarit\u00e9.<\/p>\n<p>En France, la loi indique que nous sommes tous donneurs d\u2019organes et de tissus, sauf si nous avons exprim\u00e9 de notre vivant notre refus de donner. Cependant, les proches sont n\u00e9cessairement interrog\u00e9s si la situation se pr\u00e9sente. De l\u2019avis des professionnels, lorsque le sujet a \u00e9t\u00e9 discut\u00e9 au pr\u00e9alable, les choses sont plus simples, et l\u2019on a \u00e0 c\u0153ur de retranscrire la discussion. En parler \u00e0 ses proches, c\u2019est donc s\u2019assurer que sa volont\u00e9 sera respect\u00e9e. Le dialogue est le moyen le plus efficace pour am\u00e9liorer la situation et augmenter les dons. <strong>Chaque jour, 2 \u00e0 3 personnes d\u00e9c\u00e8dent en France faute d\u2019organes<\/strong>. Le nombre de patients en attente d\u2019une greffe, qui augmente chaque ann\u00e9e, est de 27\u00a0000 alors que le nombre de greffes r\u00e9alis\u00e9es par an est de l\u2019ordre de 6\u00a0000 et l\u2019on constate plus de 1000 d\u00e9c\u00e8s par manque de greffons.<\/p>\n<p>Pour plus d\u2019informations, consulter le site du collectif Greffes+\u00a0: <a href=\"http:\/\/www.greffesplus.fr\/\" target=\"_blank\" rel=\"noopener\">greffesplus.fr<\/a>, t\u00e9l\u00e9charger l\u2019application du don d\u2019organes ou le site <a href=\"https:\/\/www.dondorganes.fr\/\" target=\"_blank\" rel=\"noopener\">dondorganes.fr<\/a><\/p>\n","protected":false},"excerpt":{"rendered":"Depuis quelques semaines, 3 panneaux \u00ab Ville ambassadrice du don d\u2019organes \u00bb ont \u00e9t\u00e9 pos\u00e9s aux entr\u00e9es de&hellip;\n","protected":false},"author":2,"featured_media":590290,"comment_status":"","ping_status":"","sticky":false,"template":"","format":"standard","meta":{"footnotes":""},"categories":[2815],"tags":[1111,11,32096,1777,674,1011,27,811,1307,12,25,71],"class_list":{"0":"post-590289","1":"post","2":"type-post","3":"status-publish","4":"format-standard","5":"has-post-thumbnail","7":"category-lille","8":"tag-actu","9":"tag-actualites","10":"tag-don-dorganes","11":"tag-eu","12":"tag-europe","13":"tag-fr","14":"tag-france","15":"tag-hauts-de-france","16":"tag-lille","17":"tag-news","18":"tag-republique-francaise","19":"tag-sante"},"share_on_mastodon":{"url":"https:\/\/pubeurope.com\/@fr\/115694375118493357","error":""},"_links":{"self":[{"href":"https:\/\/www.europesays.com\/fr\/wp-json\/wp\/v2\/posts\/590289","targetHints":{"allow":["GET"]}}],"collection":[{"href":"https:\/\/www.europesays.com\/fr\/wp-json\/wp\/v2\/posts"}],"about":[{"href":"https:\/\/www.europesays.com\/fr\/wp-json\/wp\/v2\/types\/post"}],"author":[{"embeddable":true,"href":"https:\/\/www.europesays.com\/fr\/wp-json\/wp\/v2\/users\/2"}],"replies":[{"embeddable":true,"href":"https:\/\/www.europesays.com\/fr\/wp-json\/wp\/v2\/comments?post=590289"}],"version-history":[{"count":0,"href":"https:\/\/www.europesays.com\/fr\/wp-json\/wp\/v2\/posts\/590289\/revisions"}],"wp:featuredmedia":[{"embeddable":true,"href":"https:\/\/www.europesays.com\/fr\/wp-json\/wp\/v2\/media\/590290"}],"wp:attachment":[{"href":"https:\/\/www.europesays.com\/fr\/wp-json\/wp\/v2\/media?parent=590289"}],"wp:term":[{"taxonomy":"category","embeddable":true,"href":"https:\/\/www.europesays.com\/fr\/wp-json\/wp\/v2\/categories?post=590289"},{"taxonomy":"post_tag","embeddable":true,"href":"https:\/\/www.europesays.com\/fr\/wp-json\/wp\/v2\/tags?post=590289"}],"curies":[{"name":"wp","href":"https:\/\/api.w.org\/{rel}","templated":true}]}}