{"id":590291,"date":"2025-12-10T08:40:14","date_gmt":"2025-12-10T08:40:14","guid":{"rendered":"https:\/\/www.europesays.com\/fr\/590291\/"},"modified":"2025-12-10T08:40:14","modified_gmt":"2025-12-10T08:40:14","slug":"a-lille-les-brocantes-a-velo-contribuent-a-renforcer-la-pratique-cycliste","status":"publish","type":"post","link":"https:\/\/www.europesays.com\/fr\/590291\/","title":{"rendered":"A Lille, les brocantes \u00e0 v\u00e9lo contribuent \u00e0 renforcer la pratique cycliste"},"content":{"rendered":"<p>Les \u00e9v\u00e9nements v\u00e9lo parviennent-ils r\u00e9ellement \u00e0 d\u00e9velopper sa pratique\u00a0? Le Cerema des Hauts-de-France vient d\u2019apporter de premi\u00e8res r\u00e9ponses \u00e0 cette question, en conduisant une \u00e9tude sur la Broc\u2019 \u00e0 v\u00e9los de Lille (Nord). Cette brocante sp\u00e9cialis\u00e9e est organis\u00e9e une fois par mois par la Maison des mobilit\u00e9s durables (MMD), ouverte par la ville de Lille en 2023, devant ses locaux.<\/p>\n<p>L\u2019\u00e9tablissement public publie les r\u00e9sultats de cette \u00e9tude conduite par Olwenn Penn\u00e9, \u00e9tudiant en master Villes et nouvelles questions sociales \u00e0 l\u2019Universit\u00e9 de Lille, sous la direction d\u2019Alexandre Rigal, sociologue charg\u00e9 de recherche sur les habitudes de d\u00e9placement et le report modal au sein de l\u2019unit\u00e9 mixte Matris (1). Ils les ont \u00e9galement pr\u00e9sent\u00e9s \u00e0 la ville de Lille, ainsi qu\u2019\u00e0 l\u2019Eurom\u00e9tropole &#8230;<\/p>\n<p class=\"blocCut__title\">\n\t\t\t\t\t\t\t\t\t[80% reste \u00e0 lire]\n\t\t\t\t\t\t\t<\/p>\n<p class=\"blocCut__title--type2\">Article r\u00e9serv\u00e9 aux abonn\u00e9s<\/p>\n<p class=\"blocCut__title--type3\">Club Acteurs du sport<\/p>\n<p class=\"blocCut__title--type2\">VOUS N&rsquo;\u00eaTES PAS ABONN\u00e9 ?<\/p>\n<p class=\"blocCut__title--type4\">Testez notre Offre D\u00e9couverte Club acteurs du sport pendant 15 jours<\/p>\n<p>\t\t\t\t\t\t\t\t<a href=\"https:\/\/www.abonnement.infopro-digital.com\/offre-decouverte-du-club-acteurs-du-sport\/inscription\/628\/3418#xtor=CS5-305-[site_paywall]-[https:\/\/www.lagazettedescommunes.com\/1014753\/a-lille-les-brocantes-a-velo-contribuent-a-renforcer-la-pratique-cycliste\/]-[page_article]-[a]\" target=\"_blank\" class=\"btn__full buttonTypeA buttonTypeA--1\" rel=\"nofollow noopener\">J\u2019en profite<\/a><\/p>\n","protected":false},"excerpt":{"rendered":"Les \u00e9v\u00e9nements v\u00e9lo parviennent-ils r\u00e9ellement \u00e0 d\u00e9velopper sa pratique\u00a0? Le Cerema des Hauts-de-France vient d\u2019apporter de premi\u00e8res r\u00e9ponses&hellip;\n","protected":false},"author":2,"featured_media":590292,"comment_status":"","ping_status":"","sticky":false,"template":"","format":"standard","meta":{"footnotes":""},"categories":[2815],"tags":[15618,1111,15620,47,11,15617,15616,1777,674,1011,27,811,1307,13341,12,1308,15623,1306,25,15619,70333],"class_list":{"0":"post-590291","1":"post","2":"type-post","3":"status-publish","4":"format-standard","5":"has-post-thumbnail","7":"category-lille","8":"tag-a-la-une-acteurs-du-sport","9":"tag-actu","10":"tag-actu-expert-acteurs-du-sport","11":"tag-actualite","12":"tag-actualites","13":"tag-actualites-acteurs-du-sport","14":"tag-club-acteurs-du-sport","15":"tag-eu","16":"tag-europe","17":"tag-fr","18":"tag-france","19":"tag-hauts-de-france","20":"tag-lille","21":"tag-mobilite-transports","22":"tag-news","23":"tag-nord","24":"tag-pratiques-sportives","25":"tag-regions","26":"tag-republique-francaise","27":"tag-toute-lactu-acteurs-du-sport","28":"tag-vvignelepage"},"share_on_mastodon":{"url":"https:\/\/pubeurope.com\/@fr\/115694378985798082","error":""},"_links":{"self":[{"href":"https:\/\/www.europesays.com\/fr\/wp-json\/wp\/v2\/posts\/590291","targetHints":{"allow":["GET"]}}],"collection":[{"href":"https:\/\/www.europesays.com\/fr\/wp-json\/wp\/v2\/posts"}],"about":[{"href":"https:\/\/www.europesays.com\/fr\/wp-json\/wp\/v2\/types\/post"}],"author":[{"embeddable":true,"href":"https:\/\/www.europesays.com\/fr\/wp-json\/wp\/v2\/users\/2"}],"replies":[{"embeddable":true,"href":"https:\/\/www.europesays.com\/fr\/wp-json\/wp\/v2\/comments?post=590291"}],"version-history":[{"count":0,"href":"https:\/\/www.europesays.com\/fr\/wp-json\/wp\/v2\/posts\/590291\/revisions"}],"wp:featuredmedia":[{"embeddable":true,"href":"https:\/\/www.europesays.com\/fr\/wp-json\/wp\/v2\/media\/590292"}],"wp:attachment":[{"href":"https:\/\/www.europesays.com\/fr\/wp-json\/wp\/v2\/media?parent=590291"}],"wp:term":[{"taxonomy":"category","embeddable":true,"href":"https:\/\/www.europesays.com\/fr\/wp-json\/wp\/v2\/categories?post=590291"},{"taxonomy":"post_tag","embeddable":true,"href":"https:\/\/www.europesays.com\/fr\/wp-json\/wp\/v2\/tags?post=590291"}],"curies":[{"name":"wp","href":"https:\/\/api.w.org\/{rel}","templated":true}]}}