{"id":590295,"date":"2025-12-10T08:42:13","date_gmt":"2025-12-10T08:42:13","guid":{"rendered":"https:\/\/www.europesays.com\/fr\/590295\/"},"modified":"2025-12-10T08:42:13","modified_gmt":"2025-12-10T08:42:13","slug":"la-comedienne-louise-chevillotte-est-a-laffiche-du-film-la-condition","status":"publish","type":"post","link":"https:\/\/www.europesays.com\/fr\/590295\/","title":{"rendered":"la com\u00e9dienne Louise Chevillotte est \u00e0 l&rsquo;affiche du film \u00ab\u00a0La Condition\u00a0\u00bb"},"content":{"rendered":"<p><strong>L&rsquo;\u00e9mancipation de Victoire, une \u00e9pouse mod\u00e8le qui, en 1908, est sous le joug de son mari, interpr\u00e9t\u00e9 par Swann Arlaud, et de son environnement bourgeois vous a particuli\u00e8rement parl\u00e9 ?<\/strong>&#13;\n<\/p>\n<p>Victoire est, comme l&rsquo;indique le titre, dans sa condition, c&rsquo;est-\u00e0-dire qu&rsquo;elle a \u00e9t\u00e9 \u00e9lev\u00e9e dans la bourgeoisie, ses codes et qu&rsquo;elle n&rsquo;a presque pas acc\u00e8s \u00e0 son inconscient. Elle n&rsquo;a pas cern\u00e9 son d\u00e9sir, ni ses r\u00eaves, et n&rsquo;a m\u00eame pas pu se connecter \u00e0 son intuition. Cette femme est donc assez opaque au d\u00e9part et petit \u00e0 petit, par le bouleversement des \u00e9v\u00e9nements, de l&rsquo;alt\u00e9rit\u00e9, va rencontrer l&rsquo;autre, mais d&rsquo;abord se rencontrer elle-m\u00eame. Ce cheminement \u00e9tait difficile, je me suis demand\u00e9 par quel biais il fallait que j&rsquo;entre dans le personnage. Parfois il fallait que je n&rsquo;en donne pas assez, puis que j&rsquo;en donne beaucoup&#8230; Soit un maillage tr\u00e8s pr\u00e9cis sur la propre conscience qu&rsquo;on a de soi. Donc oui, je vois dans ce r\u00f4le un parcours d&rsquo;\u00e9mancipation, mais intime, tr\u00e8s t\u00e9nu, tr\u00e8s discret, c&rsquo;est vraiment de la dentelle.<\/p>\n<p><strong>Le fait qu&rsquo;il s&rsquo;agisse d&rsquo;un film d&rsquo;\u00e9poque a-t-il aussi influ\u00e9 dans votre jeu et pouss\u00e9 \u00e0 voir cette \u00e9mancipation comme diff\u00e9rente de celle vue dans\u00a0\u00c0 mon seul d\u00e9sir,\u00a0o\u00f9 Aurore se d\u00e9co<\/strong>&#8230;<\/p>\n","protected":false},"excerpt":{"rendered":"L&rsquo;\u00e9mancipation de Victoire, une \u00e9pouse mod\u00e8le qui, en 1908, est sous le joug de son mari, interpr\u00e9t\u00e9 par&hellip;\n","protected":false},"author":2,"featured_media":590296,"comment_status":"","ping_status":"","sticky":false,"template":"","format":"standard","meta":{"footnotes":""},"categories":[2814],"tags":[17,1111,11,14057,251,70334,3170,1777,674,1011,27,62156,70335,884,12,5261,882,25],"class_list":{"0":"post-590295","1":"post","2":"type-post","3":"status-publish","4":"format-standard","5":"has-post-thumbnail","7":"category-marseille","8":"tag-17","9":"tag-actu","10":"tag-actualites","11":"tag-comedienne","12":"tag-culture","13":"tag-delle","14":"tag-elle","15":"tag-eu","16":"tag-europe","17":"tag-fr","18":"tag-france","19":"tag-lasse","20":"tag-menivre","21":"tag-marseille","22":"tag-news","23":"tag-pas","24":"tag-provence-alpes-cote-dazur","25":"tag-republique-francaise"},"share_on_mastodon":{"url":"https:\/\/pubeurope.com\/@fr\/115694386818322607","error":""},"_links":{"self":[{"href":"https:\/\/www.europesays.com\/fr\/wp-json\/wp\/v2\/posts\/590295","targetHints":{"allow":["GET"]}}],"collection":[{"href":"https:\/\/www.europesays.com\/fr\/wp-json\/wp\/v2\/posts"}],"about":[{"href":"https:\/\/www.europesays.com\/fr\/wp-json\/wp\/v2\/types\/post"}],"author":[{"embeddable":true,"href":"https:\/\/www.europesays.com\/fr\/wp-json\/wp\/v2\/users\/2"}],"replies":[{"embeddable":true,"href":"https:\/\/www.europesays.com\/fr\/wp-json\/wp\/v2\/comments?post=590295"}],"version-history":[{"count":0,"href":"https:\/\/www.europesays.com\/fr\/wp-json\/wp\/v2\/posts\/590295\/revisions"}],"wp:featuredmedia":[{"embeddable":true,"href":"https:\/\/www.europesays.com\/fr\/wp-json\/wp\/v2\/media\/590296"}],"wp:attachment":[{"href":"https:\/\/www.europesays.com\/fr\/wp-json\/wp\/v2\/media?parent=590295"}],"wp:term":[{"taxonomy":"category","embeddable":true,"href":"https:\/\/www.europesays.com\/fr\/wp-json\/wp\/v2\/categories?post=590295"},{"taxonomy":"post_tag","embeddable":true,"href":"https:\/\/www.europesays.com\/fr\/wp-json\/wp\/v2\/tags?post=590295"}],"curies":[{"name":"wp","href":"https:\/\/api.w.org\/{rel}","templated":true}]}}