{"id":590299,"date":"2025-12-10T08:44:12","date_gmt":"2025-12-10T08:44:12","guid":{"rendered":"https:\/\/www.europesays.com\/fr\/590299\/"},"modified":"2025-12-10T08:44:12","modified_gmt":"2025-12-10T08:44:12","slug":"lyon-l214-manifestera-ce-mercredi-contre-lelevage-en-cage-des-truies","status":"publish","type":"post","link":"https:\/\/www.europesays.com\/fr\/590299\/","title":{"rendered":"Lyon : L214 manifestera ce mercredi contre l&rsquo;\u00e9levage en cage des truies"},"content":{"rendered":"<p class=\"content\" style=\"font-size:1.2em;font-weight:700\">L214 organise ce mercredi une action devant l\u2019Aparthotel Adagio de Confluence pour d\u00e9noncer les conditions d\u2019\u00e9levage des porcs li\u00e9s \u00e0 l\u2019approvisionnement du groupe. L\u2019association r\u00e9clame la fin des cages et des mutilations, et appelle le public \u00e0 soutenir sa p\u00e9tition d\u00e9j\u00e0 largement relay\u00e9e.<\/p>\n<p>\u00ab\u00a0Chez Aparthotel Adagio, ce n\u2019est pas les vacances pour tout le monde\u00a0\u00bb. C&rsquo;est le slogan que clamera l&rsquo;association L214 ce mercredi 10 d\u00e9cembre devant<strong>\u00a0<\/strong>l\u2019h\u00f4tel Aparthotel Adagio de Lyon Confluence. Leur objectif ? Interpeller l\u2019enseigne et son groupe, Pierre et Vacances Center Parcs. En effet, L214 d\u00e9nonce l\u2019\u00e9levage des truies reproductrices en cage, mais aussi la mutilation de porcelets.<\/p>\n<p>Parmi les revendications de l&rsquo;association de d\u00e9fense des animaux, le respect du <a href=\"https:\/\/www.l214.com\/animaux\/cochons\/pig-minimum-standards\/?utm_medium=email&amp;utm_source=newsletter&amp;utm_campaign=%2F2025%2F12%2F09-manifestation-l214-pms-adagio-lyon\" target=\"_blank\" rel=\"noreferrer noopener nofollow\">Pig Minimum Standards (PMS)<\/a> qui comprend plusieurs crit\u00e8res li\u00e9s \u00e0 l&rsquo;\u00e9levage et l&rsquo;abattage des cochons comme l&rsquo;interdiction de toute mutilation, ou encore le refus des cages individuelles. A noter que ce n&rsquo;est pas la premi\u00e8re fois que l&rsquo;association s&rsquo;appr\u00eate \u00e0 manifester. En effet, L214 a d\u00e9j\u00e0 r\u00e9alis\u00e9 une pratique similaire <a href=\"https:\/\/www.actu44.fr\/l214-interpelle-center-parcs-contre-lelevage-en-cage-des-truies\/\" target=\"_blank\" rel=\"noreferrer noopener nofollow\">\u00e0 Nantes<\/a> d\u00e9but novembre. Dans le but de d\u00e9noncer l&rsquo;\u00e9levage de cochons en cage, l&rsquo;organisation a lanc\u00e9 une p\u00e9tition. A l&rsquo;heure o\u00f9 nous \u00e9crivons, celle-ci a d\u00e9j\u00e0 recueilli <a href=\"https:\/\/www.l214.com\/stop-cruaute\/pierre-et-vacances-center-parcs\/?utm_source=newsletter&amp;utm_medium=email&amp;utm_campaign=%2F2025%2F12%2F09-manifestation-l214-pms-adagio-lyon\" target=\"_blank\" rel=\"noopener\">20.000 signatures. <\/a><\/p>\n","protected":false},"excerpt":{"rendered":"L214 organise ce mercredi une action devant l\u2019Aparthotel Adagio de Confluence pour d\u00e9noncer les conditions d\u2019\u00e9levage des porcs&hellip;\n","protected":false},"author":2,"featured_media":590300,"comment_status":"","ping_status":"","sticky":false,"template":"","format":"standard","meta":{"footnotes":""},"categories":[1889],"tags":[1111,11,2430,1777,674,1011,27,2428,12,25],"class_list":{"0":"post-590299","1":"post","2":"type-post","3":"status-publish","4":"format-standard","5":"has-post-thumbnail","7":"category-lyon","8":"tag-actu","9":"tag-actualites","10":"tag-auvergne-rhone-alpes","11":"tag-eu","12":"tag-europe","13":"tag-fr","14":"tag-france","15":"tag-lyon","16":"tag-news","17":"tag-republique-francaise"},"share_on_mastodon":{"url":"https:\/\/pubeurope.com\/@fr\/115694394616118117","error":""},"_links":{"self":[{"href":"https:\/\/www.europesays.com\/fr\/wp-json\/wp\/v2\/posts\/590299","targetHints":{"allow":["GET"]}}],"collection":[{"href":"https:\/\/www.europesays.com\/fr\/wp-json\/wp\/v2\/posts"}],"about":[{"href":"https:\/\/www.europesays.com\/fr\/wp-json\/wp\/v2\/types\/post"}],"author":[{"embeddable":true,"href":"https:\/\/www.europesays.com\/fr\/wp-json\/wp\/v2\/users\/2"}],"replies":[{"embeddable":true,"href":"https:\/\/www.europesays.com\/fr\/wp-json\/wp\/v2\/comments?post=590299"}],"version-history":[{"count":0,"href":"https:\/\/www.europesays.com\/fr\/wp-json\/wp\/v2\/posts\/590299\/revisions"}],"wp:featuredmedia":[{"embeddable":true,"href":"https:\/\/www.europesays.com\/fr\/wp-json\/wp\/v2\/media\/590300"}],"wp:attachment":[{"href":"https:\/\/www.europesays.com\/fr\/wp-json\/wp\/v2\/media?parent=590299"}],"wp:term":[{"taxonomy":"category","embeddable":true,"href":"https:\/\/www.europesays.com\/fr\/wp-json\/wp\/v2\/categories?post=590299"},{"taxonomy":"post_tag","embeddable":true,"href":"https:\/\/www.europesays.com\/fr\/wp-json\/wp\/v2\/tags?post=590299"}],"curies":[{"name":"wp","href":"https:\/\/api.w.org\/{rel}","templated":true}]}}