{"id":590307,"date":"2025-12-10T08:49:30","date_gmt":"2025-12-10T08:49:30","guid":{"rendered":"https:\/\/www.europesays.com\/fr\/590307\/"},"modified":"2025-12-10T08:49:30","modified_gmt":"2025-12-10T08:49:30","slug":"il-raconte-sa-mission-a-matignon","status":"publish","type":"post","link":"https:\/\/www.europesays.com\/fr\/590307\/","title":{"rendered":"il raconte sa mission \u00e0 Matignon"},"content":{"rendered":"<p>                    Par<br \/>\n        <strong><br \/>\n            <a href=\"https:\/\/actu.fr\/auteur\/j-munoz\" title=\"Consulter tous les articles de Julien Munoz\" target=\"_blank\" rel=\"noopener\">Julien Munoz<\/a><br \/>\n                    <\/strong><\/p>\n<p>        Publi\u00e9 le<\/p>\n<p>            10 d\u00e9c. 2025 \u00e0 6h10        <\/p>\n<p>Originaire de <a href=\"https:\/\/actu.fr\/normandie\/saint-germain-le-gaillard_50480\" target=\"_blank\" rel=\"noopener\">Saint-Germain-le-Gaillard <\/a>(Manche), pr\u00e8s des <a href=\"https:\/\/actu.fr\/normandie\/les-pieux_50402\" target=\"_blank\" rel=\"noopener\">Pieux<\/a>, o\u00f9 ses <b>parents <\/b>\u00e9taient <b>agriculteurs<\/b>, Vincent Le Biez, <b>ing\u00e9nieur g\u00e9n\u00e9ral <\/b>des Mines, a occup\u00e9 plusieurs postes dans la <b>haute fonction publique<\/b> en quinze ans, souvent li\u00e9s \u00e0 <b>l\u2019\u00e9nergie <\/b>et <b>l\u2019environnement<\/b>.<\/p>\n<p class=\" wall-content\">Il vient de quitter l\u2019h\u00f4tel de <b>Matignon<\/b>, apr\u00e8s <a href=\"https:\/\/actu.fr\/normandie\/cherbourg-en-cotentin_50129\/un-cherbourgeois-etait-au-cote-de-michel-barnier_62028592.html\" target=\"_blank\" rel=\"noopener\">quinze mois pass\u00e9s<\/a> au sein du cabinet de <b>trois Premiers ministres<\/b> successifs.<\/p>\n<blockquote class=\"ac-article-quote wall-content\">\n<p>J\u2019ai ador\u00e9 cette p\u00e9riode. Les journ\u00e9es sont tr\u00e8s longues, c\u2019est vrai, mais c\u2019est enthousiasmant de se retrouver l\u00e0 o\u00f9 se concentrent les d\u00e9cisions les plus importantes. Je n\u2019en ressors ni blas\u00e9, ni d\u00e9\u00e7u par la politique. Je suis m\u00eame admiratif de ceux qui veulent faire avancer le pays et leurs id\u00e9es.<\/p>\n<p>Vincent Le Biez<\/p><\/blockquote>\n<p>L\u2019arriv\u00e9e<\/p>\n<p class=\" wall-content\">Plusieurs fois, au fil de sa <b>carri\u00e8re<\/b>, Vincent Le Biez avait esquiss\u00e9 l\u2019id\u00e9e de rejoindre les cabinets minist\u00e9riels, guid\u00e9 par l\u2019envie d\u2019\u00eatre \u00ab\u2009\u00e0 l\u2019interface entre la technique et le <b>politique\u2009<\/b>\u00bb.<\/p>\n<p class=\" wall-content\">En septembre\u00a02024, apr\u00e8s la <a href=\"https:\/\/actu.fr\/politique\/europeennes-2024-emmanuel-macron-annonce-le-dissolution-de-l-assemblee-nationale_61180634.html\" target=\"_blank\" rel=\"noopener\">dissolution de l\u2019Assembl\u00e9e nationale <\/a>et les l\u00e9gislatives qui ont suivi, <a href=\"https:\/\/actu.fr\/tag\/michel-barnier\" target=\"_blank\" rel=\"noopener\">Michel Barnier <\/a>est nomm\u00e9 Premier ministre. Vincent Le Biez raconte avoir \u00ab\u2009une bonne image\u2009\u00bb du nouveau locataire de Matignon. Il se trouve qu\u2019il conna\u00eet bien le <b>directeur <\/b>de cabinet nouvellement nomm\u00e9, J\u00e9r\u00f4me Fournel.<\/p>\n<p class=\" wall-content\">Dans ses fonctions pr\u00e9c\u00e9dentes \u00e0 la <a href=\"https:\/\/www.info.gouv.fr\/organisation\/delegation-interministerielle-au-nouveau-nucleaire\" target=\"_blank\" rel=\"noopener\">d\u00e9l\u00e9gation interminist\u00e9rielle au Nouveau nucl\u00e9aire<\/a>, le Cotentinais \u00e9tait souvent en relation avec ce dernier, alors directeur de cabinet de <a href=\"https:\/\/actu.fr\/tag\/bruno-le-maire\" target=\"_blank\" rel=\"noopener\">Bruno Le Maire<\/a> au minist\u00e8re de <b>l\u2019\u00c9conomie<\/b>.<\/p>\n<blockquote class=\"ac-article-quote wall-content\">\n<p>Je me suis permis de lui \u00e9crire. Il m\u2019a tout de suite propos\u00e9 un rendez-vous \u00e0 Matignon.<\/p>\n<p>Vincent Le Biez<\/p><\/blockquote>\n<p class=\" wall-content\">Le cabinet surplombe diff\u00e9rents p\u00f4les, \u00e0 la fois politiques et techniques. Vincent Le Biez accepte assez rapidement la proposition de devenir chef du<b> p\u00f4le \u00ab\u2009Vert\u2009\u00bb<\/b>, qui correspond \u00e0 son parcours. Sous sa responsabilit\u00e9, <b>l\u2019environnement<\/b>, l\u2019\u00e9nergie, les <b>transports <\/b>et le <b>logement<\/b>. Une nouvelle aventure commence alors.<\/p>\n<p>Votre r\u00e9gion, votre actu !<\/p>\n<p>Recevez chaque jour les infos qui comptent pour vous.<\/p>\n<p>\t<a href=\"https:\/\/actu.fr\/newsletter\" class=\"ac-btn ac-btn--corner ac-btn--medium ac-btn--blue800\" target=\"_blank\" rel=\"noopener\">S&rsquo;incrire<\/a><\/p>\n<p class=\" wall-content\">Avant la dissolution, <b>l\u2019\u00c9lys\u00e9e <\/b>et Matignon avaient des conseillers partag\u00e9s. Avec la nomination de Barnier, Matignon reprenant son autonomie, les \u00e9quipes sont s\u00e9par\u00e9es pour correspondre \u00e0 la nouvelle situation politique.<\/p>\n<p>Les locataires<\/p>\n<p class=\" wall-content\">Trois Premiers ministres en un peu plus d\u2019un an, et chacun son style. Un jour, le p\u00f4le \u00ab\u2009driv\u00e9\u2009\u00bb par Vincent Le Biez pr\u00e9pare un d\u00e9placement de Michel Barnier dans le <b>Rh\u00f4ne<\/b>. \u00ab\u2009On le pr\u00e9pare avec lui, on lui fait son dossier, on \u00e9change avec lui jusque dans le <b>train <\/b>qui conduit au d\u00e9placement pour balayer les diff\u00e9rents \u00e9l\u00e9ments, raconte le Cotentinois. G\u00e9n\u00e9ralement, dans ces moments-l\u00e0, il en profitait pour nous poser des questions\u2009: qui on est, d\u2019o\u00f9 on vient\u2026\u2009\u00bb<\/p>\n<p class=\" wall-content\">Dans le cadre de sa nomination sous Michel Barnier, puis de sa reconduction par <a href=\"https:\/\/actu.fr\/tag\/francois-bayrou\" target=\"_blank\" rel=\"noopener\">Fran\u00e7ois Bayrou<\/a>, Vincent Le Biez a eu un entretien final avec le directeur de cabinet.<\/p>\n<p class=\" wall-content\">Lorsque <a href=\"https:\/\/actu.fr\/tag\/sebastien-lecornu\" target=\"_blank\" rel=\"noopener\">S\u00e9bastien Lecornu<\/a> arrivera, il s\u2019imposera un <b>entretien personnel <\/b>avec les <b>chefs <\/b>de p\u00f4le avant de les nommer.<\/p>\n<blockquote class=\"ac-article-quote wall-content\">\n<p>C\u2019est finalement le Premier ministre que j\u2019ai le plus vu. Au-del\u00e0 des points bilat\u00e9raux, que faisaient aussi ses pr\u00e9d\u00e9cesseurs, il r\u00e9unit chaque mardi et mercredi tous ses chefs de p\u00f4le autour d\u2019un d\u00e9jeuner pour pr\u00e9parer les questions au gouvernement. C\u2019est l\u2019occasion pour lui de donner ses directives, et d\u2019\u00e9changer sur les gros sujets d\u2019actualit\u00e9.<\/p>\n<p>Vincent Le Biez<\/p><\/blockquote>\n<p>Le quotidien<\/p>\n<p class=\" wall-content\">Une machinerie complexe, au sommet de la <b>pyramide administrative<\/b>. Rien n\u2019est laiss\u00e9 au hasard. \u00c0 Matignon, il y a le directeur de cabinet, v\u00e9ritable chef d\u2019orchestre et parfois arbitre.<\/p>\n<p class=\" wall-content\">Avec, pour chacun, leurs <b>sp\u00e9cificit\u00e9s<\/b>. Autour de lui, des adjoints, et des conseillers sp\u00e9ciaux. Des p\u00f4les politiques (parlementaire, communication, discours\/argumentaire) et une quinzaine de p\u00f4les techniques.<\/p>\n<blockquote class=\"ac-article-quote wall-content\">\n<p>Le travail d\u2019un chef de p\u00f4le, c\u2019est d\u2019animer son \u00e9quipe et d\u2019\u00eatre l\u2019interface avec la direction de cabinet, via des r\u00e9unions qui ont lieu au moins une fois par semaine. Quand S\u00e9bastien Lecornu a \u00e9t\u00e9 nomm\u00e9, nous avons commenc\u00e9 \u00e0 avoir des r\u00e9unions tous les jours, courtes, dans le bureau du directeur de cabinet. Tous les matins, pour s\u2019aligner sur les priorit\u00e9s de la journ\u00e9e, et faire remonter les informations les plus sensibles.<\/p>\n<p>Vincent Le Biez<\/p><\/blockquote>\n<p class=\" wall-content\">L\u2019essentiel de la journ\u00e9e se passe dans les bureaux. Quand on y travaille, on se d\u00e9place tr\u00e8s rarement. C\u2019est aussi, d\u2019un coup, \u00eatre tr\u00e8s courtis\u00e9. \u00ab\u2009Quand on vient d\u2019\u00eatre nomm\u00e9 \u00e0 Matignon,<b> <\/b>la terre enti\u00e8re veut un rendez-vous pour se pr\u00e9senter, sourit le Manchois. Certaines administrations, fili\u00e8res \u00e9conomiques, <b>formations professionnelles<\/b>, ONG, Think tank\u2026 Au d\u00e9but, nous sommes oblig\u00e9s de r\u00e9guler, pour tout faire rentrer dans <b>l\u2019agenda<\/b>.\u2009\u00bb<\/p>\n<p class=\" wall-content\">Au jour au jour, les entretiens s\u2019encha\u00eenent et, r\u00e9guli\u00e8rement, des <b>r\u00e9unions <\/b>interminist\u00e9rielles s\u2019organisent. \u00ab\u2009Chaque semaine, nous voyions les directeurs de cabinet des quatre minist\u00e8res li\u00e9s \u00e0 mon p\u00f4le, dans mon bureau, pour faire le point, indique Vincent Le Biez. Sur l\u2019actualit\u00e9, sur les enjeux, sur les sujets autour desquels des arbitrages \u00e9taient attendus.\u2009\u00bb<\/p>\n<p class=\" wall-content\">Trouver les voies de passage. Sujet par sujet.<\/p>\n<p>La fragilit\u00e9<\/p>\n<blockquote class=\"ac-article-quote wall-content\">\n<p>Je n\u2019ai connu Matignon que dans un r\u00e9gime sans majorit\u00e9 \u00e0 l\u2019Assembl\u00e9e nationale. J\u2019ai vu cette situation chaotique au Parlement, cette \u00e9p\u00e9e de Damocl\u00e8s permanente, cette difficult\u00e9 \u00e0 trouver des compromis\u2026 Quelque part, cela rend l\u2019exercice encore plus stimulant.<\/p>\n<p>Vincent Le Biez<\/p><\/blockquote>\n<p class=\" wall-content\">\u00c0 son arriv\u00e9e, Vincent Le Biez recrute quatre conseillers pour le p\u00f4le qu\u2019il pilote. Sur recommandations, sur CV qui remontaient, en d\u00e9marchant des membres de cabinets minist\u00e9riels sortants.<\/p>\n<p class=\" wall-content\">\u00ab\u2009Globalement, il y a pas mal de <b>candidatures<\/b>. M\u00eame si, avec l\u2019instabilit\u00e9 politique que l\u2019on conna\u00eet, j\u2019imagine qu\u2019il y a des gens, dans le priv\u00e9 ou \u00e0 des postes importants dans l\u2019administration, qui vont plus h\u00e9siter qu\u2019avant parce qu\u2019ils se demandent combien de temps cela peut durer.\u2009\u00bb<\/p>\n<p class=\" wall-content\">Cela dit, \u00e0 l\u2019\u00e9poque, \u00ab\u2009personne n\u2019imaginait que l\u2019exp\u00e9rience avec Michel Barnier durerait aussi peu de temps\u2009\u00bb. Dans les cabinets qui ont suivi, une forme de <b>stabilit\u00e9 <\/b>appara\u00eet dans la composition des \u00e9quipes. Comme si la fragilit\u00e9 des <b>gouvernements <\/b>et des situations \u00e9tait devenue plus consciente apr\u00e8s la <a href=\"https:\/\/actu.fr\/politique\/les-deputes-adoptent-la-motion-de-censure-le-gouvernement-barnier-va-demissionner_61956234.html\" target=\"_blank\" rel=\"noopener\">censure de Michel Barnier<\/a>.<\/p>\n<p class=\" wall-content\">\u00ab\u2009Il nous est fr\u00e9quemment rappel\u00e9 de<b> s\u2019adapter \u00e0 ce contexte <\/b>politique, poursuit le Manchois. Au quotidien, l\u2019objectif est de d\u00e9miner un certain nombre de sujets pour \u00e9viter que les petites crises ne deviennent grandes.\u2009\u00bb<\/p>\n<p>Les urgences<\/p>\n<p class=\" wall-content\">La <b>temp\u00eate <\/b>n\u2019est jamais loin. \u00ab\u2009Sinc\u00e8rement, dans les phases difficiles, je n\u2019ai vu que des gens \u00e9pris de <b>l\u2019int\u00e9r\u00eat g\u00e9n\u00e9ral<\/b>\u2009\u00bb. \u00c0 Matignon, quand on sent qu\u2019un sujet \u00ab\u2009monte\u2009\u00bb, ou que l\u2019on pr\u00e9pare une annonce importante, des \u00e9changes ont lieu avec les minist\u00e8res concern\u00e9s.<\/p>\n<p class=\" wall-content\">Il est demand\u00e9 \u00e0 ces derniers de produire un premier jet d\u2019\u00e9l\u00e9ments de langage, pour s\u2019assurer d\u2019une ligne coh\u00e9rente au sein du gouvernement. Charge au p\u00f4le technique et au p\u00f4le <b>communication <\/b>de valider ou non, puis de les diffuser aux minist\u00e8res concern\u00e9s et au porte-parole du gouvernement.<\/p>\n<blockquote class=\"ac-article-quote wall-content\">\n<p>Ce n\u2019est jamais parfait, mais on s\u2019assure au moins que ce que l\u2019on d\u00e9fend l\u2019est de mani\u00e8re coh\u00e9rente. Tout cela, souvent, se fait dans l\u2019urgence, avec des sujets qui montent dans la journ\u00e9e au milieu de plein de rendez-vous. La gestion du temps est capitale \u00e0 Matignon. Il faut \u00eatre flexible, sur le qui-vive, en capacit\u00e9 de r\u00e9action. Il faut savoir tr\u00e8s vite vers qui on peut se retourner, se construire un r\u00e9seau solide.<\/p>\n<p>Vincent Le Biez<\/p><\/blockquote>\n<p>La fourmili\u00e8re<\/p>\n<p class=\" wall-content\">Une expression bien connue \u00e9voque \u00ab\u2009<b>l\u2019enfer\u2009<\/b>\u00bb de Matignon. Vincent Le Biez pr\u00e9f\u00e8re parler de \u00ab\u2009fourmili\u00e8re\u2009\u00bb. \u00ab\u2009Matignon, c\u2019est l\u2019endroit o\u00f9 remontent tous les sujets, et surtout tous les probl\u00e8mes, r\u00e9sume-t-il. C\u2019est un lieu qui fourmille de r\u00e9unions, d\u2019arbitrages \u00e0 donner. Il faut \u00eatre tout le temps sur le qui-vive. Le<b> week-end<\/b>, on se retrouve parfois avec des <b>interviews <\/b>\u00e0 relire\u2026 Ce n\u2019est pas un endroit o\u00f9 on peut se dire\u2009: C\u2019est bon, j\u2019ai fini ma journ\u00e9e, je d\u00e9connecte. En permanence, il peut se passer des choses. On peut se m\u00e9nager des <b>plages de repos<\/b>, mais il faut toujours <b>\u00eatre disponible<\/b>.\u2009\u00bb<\/p>\n<p class=\" wall-content\">Sous Michel Barnier et S\u00e9bastien Lecornu, les minist\u00e8res \u00e9taient tenus de soumettre l\u2019interview r\u00e9alis\u00e9e par un ministre \u00e0 Matignon pour une validation (annonces, chiffrage\u2026).Sous Fran\u00e7ois Bayrou, en revanche, pas de relectures. L\u2019objectif\u2009: forcer les minist\u00e8res \u00e0 <b>se responsabiliser<\/b>. Entre d\u2019autres termes\u2009: \u00e0 eux d<b>\u2019assumer les cons\u00e9quences<\/b> s\u2019ils font une annonce qui n\u2019avait pas \u00e9t\u00e9 arbitr\u00e9e.<\/p>\n<p>    <img   decoding=\"async\" loading=\"lazy\" class=\"size-large\" src=\"https:\/\/www.europesays.com\/fr\/wp-content\/uploads\/2025\/12\/42bbad5ae3676e6bbad5ae367cabbav-960x640.jpg\" alt=\"Vincent Le Biez et Michel Barnier\" width=\"960\" height=\"640\"\/><br \/>\n    Vincent Le Biez, avec Michel Barnier, Premier ministre \u00e0 l\u2019automne 2024. \u00a9DR<br \/>\n    <img   decoding=\"async\" loading=\"lazy\" class=\"size-large\" src=\"https:\/\/www.europesays.com\/fr\/wp-content\/uploads\/2025\/12\/3d360d3463366e1560d34633646560v-960x640.jpg\" alt=\"La Ruth\u00e9noise a repr\u00e9sent\u00e9 l'Aveyron \u00e0 Matignon.\" width=\"960\" height=\"640\"\/><br \/>\n    Matignon, lieu de pouvoir. \u00ab\u2009Enfer\u2009\u00bb pour les uns. \u00ab\u2009Fourmili\u00e8re\u2009\u00bb pour d\u2019autres. \u00a9Wikimedia Commons<br \/>\n    <img   decoding=\"async\" loading=\"lazy\" class=\"size-large\" src=\"https:\/\/www.europesays.com\/fr\/wp-content\/uploads\/2025\/12\/9deb2e032839647243e032839ef243v-960x640.jpg\" alt=\"Vincent Le Biez a quitt\u00e9 Matignon il y a quelques jours, apr\u00e8s quinze mois de mission.\" width=\"960\" height=\"640\"\/><br \/>\n    Vincent Le Biez a quitt\u00e9 Matignon il y a quelques jours, apr\u00e8s quinze mois de mission. \u00a9Yves MALENFER<br \/>\n    <img   decoding=\"async\" loading=\"lazy\" class=\"size-large\" src=\"https:\/\/www.europesays.com\/fr\/wp-content\/uploads\/2025\/12\/ec18ac0834e860128ac0834e8d428av-960x640.jpeg\" alt=\"Outgoing French Prime Minister Sebastien Lecornu, who submitted his government's resignation to the French President this morning, arrives to deliver a statement at the Hotel Matignon in Paris, on October 6, 2025. France's President Emmanuel Macron on October 6, 2025 accepted Prime Minister Sebastien Lecornu's resignation, the presidency said, plunging the European nation further into political deadlock. Macron named Lecornu last month to the post, but the largely unchanged cabinet lineup he unveiled late October 5, 2025 was met with fierce criticism across the political spectrum. (Photo by Stephane Mahe \/ POOL \/ AFP) - FRANCE-POLITICS-GOVERNMENT\" width=\"960\" height=\"640\"\/><br \/>\n    Matignon a \u00e9t\u00e9 le th\u00e9\u00e2tre de nombreuses crises, ces derniers mois. \u00a9AFP<\/p>\n<p class=\" wall-content\">Personnalisez votre actualit\u00e9 en ajoutant vos villes et m\u00e9dias en favori avec <a href=\"https:\/\/moncompte.actu.fr\" title=\"D\u00e9couvez Mon Actu\" rel=\"nofollow noopener\" data-trk=\"{&quot;cta&quot;:{&quot;action&quot;:&quot;https:\\\/\\\/moncompte.actu.fr&quot;,&quot;category&quot;:&quot;mon compte&quot;,&quot;from&quot;:&quot;article footer&quot;,&quot;name&quot;:&quot;Mon actu&quot;,&quot;type&quot;:&quot;cta&quot;}}\" target=\"_blank\">Mon Actu<\/a>.<\/p>\n","protected":false},"excerpt":{"rendered":"Par Julien Munoz Publi\u00e9 le 10 d\u00e9c. 2025 \u00e0 6h10 Originaire de Saint-Germain-le-Gaillard (Manche), pr\u00e8s des Pieux, o\u00f9&hellip;\n","protected":false},"author":2,"featured_media":590308,"comment_status":"","ping_status":"","sticky":false,"template":"","format":"standard","meta":{"footnotes":""},"categories":[1888],"tags":[11,3168,1777,674,1011,27,49272,12,626,316,25,11067],"class_list":{"0":"post-590307","1":"post","2":"type-post","3":"status-publish","4":"format-standard","5":"has-post-thumbnail","7":"category-paris","8":"tag-actualites","9":"tag-cotentin","10":"tag-eu","11":"tag-europe","12":"tag-fr","13":"tag-france","14":"tag-matignon","15":"tag-news","16":"tag-paris","17":"tag-politique","18":"tag-republique-francaise","19":"tag-sebastien-lecornu"},"share_on_mastodon":{"url":"https:\/\/pubeurope.com\/@fr\/115694415914341466","error":""},"_links":{"self":[{"href":"https:\/\/www.europesays.com\/fr\/wp-json\/wp\/v2\/posts\/590307","targetHints":{"allow":["GET"]}}],"collection":[{"href":"https:\/\/www.europesays.com\/fr\/wp-json\/wp\/v2\/posts"}],"about":[{"href":"https:\/\/www.europesays.com\/fr\/wp-json\/wp\/v2\/types\/post"}],"author":[{"embeddable":true,"href":"https:\/\/www.europesays.com\/fr\/wp-json\/wp\/v2\/users\/2"}],"replies":[{"embeddable":true,"href":"https:\/\/www.europesays.com\/fr\/wp-json\/wp\/v2\/comments?post=590307"}],"version-history":[{"count":0,"href":"https:\/\/www.europesays.com\/fr\/wp-json\/wp\/v2\/posts\/590307\/revisions"}],"wp:featuredmedia":[{"embeddable":true,"href":"https:\/\/www.europesays.com\/fr\/wp-json\/wp\/v2\/media\/590308"}],"wp:attachment":[{"href":"https:\/\/www.europesays.com\/fr\/wp-json\/wp\/v2\/media?parent=590307"}],"wp:term":[{"taxonomy":"category","embeddable":true,"href":"https:\/\/www.europesays.com\/fr\/wp-json\/wp\/v2\/categories?post=590307"},{"taxonomy":"post_tag","embeddable":true,"href":"https:\/\/www.europesays.com\/fr\/wp-json\/wp\/v2\/tags?post=590307"}],"curies":[{"name":"wp","href":"https:\/\/api.w.org\/{rel}","templated":true}]}}