{"id":590311,"date":"2025-12-10T08:51:17","date_gmt":"2025-12-10T08:51:17","guid":{"rendered":"https:\/\/www.europesays.com\/fr\/590311\/"},"modified":"2025-12-10T08:51:17","modified_gmt":"2025-12-10T08:51:17","slug":"leffet-boomerang-de-lutilisation-des-avoirs-russes","status":"publish","type":"post","link":"https:\/\/www.europesays.com\/fr\/590311\/","title":{"rendered":"L&rsquo;effet boomerang de l&rsquo;utilisation des avoirs russes"},"content":{"rendered":"<p class=\"ap-StoryElement ap-StoryElement--mb ap-StoryText\"><b>Contexte et inqui\u00e9tudes<\/b><\/p>\n<p class=\"ap-StoryElement ap-StoryElement--mb ap-StoryText\">L&rsquo;Ukraine a besoin d&rsquo;au moins 130 milliards d&rsquo;euros pour assurer le fonctionnement de l&rsquo;\u00c9tat et de son arm\u00e9e au cours des deux prochaines ann\u00e9es. En alli\u00e9e, l&rsquo;Union europ\u00e9enne envisage plusieurs options pour financer une partie de ce montant, soit 90 milliards d&rsquo;euros : 1) l&rsquo;octroi d&rsquo;un pr\u00eat classique, ou 2) l&rsquo;octroi d&rsquo;un pr\u00eat associ\u00e9 \u00e0 un montage financier mobilisant les avoirs russes gel\u00e9s et conserv\u00e9s par Euroclear, d\u00e9positaire central de titres situ\u00e9 \u00e0 Saint-Josse-ten-Noode, en Belgique.<\/p>\n<p><a href=\"https:\/\/www.lalibre.be\/international\/europe\/2025\/12\/08\/sept-pays-pays-europeens-poussent-pour-financer-lukraine-via-les-avoirs-russes-geles-malgre-les-reticences-belges-CT2CFMGELRCBTE3SISGIGJX5NU\/\" target=\"_self\" class=\"ap-StoryInterstitialLink ap-StoryElement ap-StoryElement--mb\" rel=\"noopener\">Une lettre de sept leaders europ\u00e9ens vient accentuer la pression sur les \u00e9paules de Bart De Wever<\/a><\/p>\n<p class=\"ap-StoryElement ap-StoryElement--mb ap-StoryText\">La seconde option est aujourd&rsquo;hui privil\u00e9gi\u00e9e par une majorit\u00e9 d&rsquo;\u00c9tats Membres, mais suscite de fortes inqui\u00e9tudes de la Belgique, qui redoute d&rsquo;\u00eatre condamn\u00e9e par une juridiction arbitrale internationale. En r\u00e9alit\u00e9, le risque ne se limite pas \u00e0 la Belgique : il concerne toute l&rsquo;Union europ\u00e9enne.<\/p>\n<p class=\"ap-StoryElement ap-StoryElement--mb ap-StoryText\"><b>Un risque majeur pour la stabilit\u00e9 financi\u00e8re<\/b><\/p>\n<p class=\"ap-StoryElement ap-StoryElement--mb ap-StoryText\">Pour saisir la port\u00e9e du risque, il faut comprendre o\u00f9 et comment ces avoirs sont conserv\u00e9s. Euroclear est un acteur m\u00e9connu du grand public, mais essentiel au fonctionnement des march\u00e9s financiers. C&rsquo;est ce qu&rsquo;on appelle un \u00ab\u00a0d\u00e9positaire central de titres\u00a0\u00bb : il assure le r\u00e8glement et la livraison des transactions financi\u00e8res. Autrement dit, il constitue l&rsquo;infrastructure qui, \u00e0 l&rsquo;\u00e9chelle europ\u00e9enne, permet \u00e0 des milliers d&rsquo;\u00e9changes d&rsquo;instruments financiers d&rsquo;avoir lieu chaque jour.<\/p>\n<p class=\"ap-StoryElement ap-StoryElement--mb ap-StoryText\">On pourrait comparer Euroclear \u00e0 une grande grue, indispensable \u00e0 d\u00e9placer des conteneurs (les transactions financi\u00e8res) dans un port (les march\u00e9s financiers). Pour que les conteneurs soient d\u00e9plac\u00e9s en toute s\u00e9curit\u00e9, la grue doit \u00eatre s\u00fbre. L&rsquo;affaiblir pourrait entra\u00eener des r\u00e9percussions sur l&rsquo;ensemble.<\/p>\n<p class=\"ap-StoryElement ap-StoryElement--mb ap-StoryText\">Or, le plan de la Commission europ\u00e9enne implique qu&rsquo;Euroclear viole ses obligations contractuelles vis-\u00e0-vis de la Russie en transf\u00e9rant la valeur des actifs vers l&rsquo;Ukraine, ce qui pourrait entra\u00eener deux cons\u00e9quences majeures :<\/p>\n<p class=\"ap-StoryElement ap-StoryElement--mb ap-StoryText\">&#8211; <b>Un risque direct pour la stabilit\u00e9 d&rsquo;Euroclear. <\/b>Si le montage financier propos\u00e9 par la Commission venait \u00e0 \u00e9chouer, Euroclear pourrait \u00eatre contrainte de restituer aux Russes l&rsquo;\u00e9quivalent des 90 milliards d&rsquo;euros d&rsquo;actifs transf\u00e9r\u00e9s \u00e0 l&rsquo;Ukraine, ce qui plongerait l&rsquo;entreprise dans des graves probl\u00e8mes de liquidit\u00e9.<\/p>\n<p><a href=\"https:\/\/www.lalibre.be\/economie\/entreprises-startup\/2025\/12\/05\/avoirs-russes-geles-telle-quelle-est-cette-solution-nest-pas-realiste-pour-la-ceo-deuroclear-DI5MRKDJNRAY5GM3MN3D7TG5ZQ\/\" target=\"_self\" class=\"ap-StoryInterstitialLink ap-StoryElement ap-StoryElement--mb\" rel=\"noopener\">\u00ab\u00a0Telle qu&rsquo;elle est, cette solution n&rsquo;est pas r\u00e9aliste\u00a0\u00bb, pour la CEO d&rsquo;Euroclear<\/a><\/p>\n<p class=\"ap-StoryElement ap-StoryElement--mb ap-StoryText\">&#8211; <b>Un effet domino \u00e0 l&rsquo;\u00e9chelle europ\u00e9enne. <\/b>Un d\u00e9positaire central de titres n&rsquo;est pas une entreprise comme les autres : c&rsquo;est une infrastructure critique. Si la stabilit\u00e9 d&rsquo;Euroclear est mise en doute, toute la cha\u00eene financi\u00e8re \u2013 banques, investisseurs \u2013 pourrait \u00eatre touch\u00e9e. Dans le pire des sc\u00e9narios, une perte de confiance provoquerait des perturbations bien au-del\u00e0 du seul cas russe.<\/p>\n<p>Euroclear pourrait engager la responsabilit\u00e9 de l&rsquo;Union europ\u00e9enne<\/p>\n<p class=\"ap-StoryElement ap-StoryElement--mb ap-StoryText\">Au risque financier s&rsquo;ajoute un risque juridique : la responsabilit\u00e9 de l&rsquo;Union europ\u00e9enne pourrait \u00eatre engag\u00e9e.<\/p>\n<p class=\"ap-StoryElement ap-StoryElement--mb ap-StoryText\">Le montage financier con\u00e7u par la Commission repose sur une constante : la Russie ne peut en aucun cas r\u00e9cup\u00e9rer la valeur de ses actifs tant qu&rsquo;elle ne r\u00e9pare pas les dommages qu&rsquo;elle a caus\u00e9s en Ukraine.<\/p>\n<p><a href=\"https:\/\/www.lalibre.be\/debats\/opinions\/2025\/12\/08\/avoirs-russes-letat-de-droit-ne-doit-pas-devenir-une-variable-dajustement-geopolitique-G6NB2P42XVGR7L7ZAFSZ2CPVQU\/\" target=\"_self\" class=\"ap-StoryInterstitialLink ap-StoryElement ap-StoryElement--mb\" rel=\"noopener\">Avoirs russes : l&rsquo;\u00c9tat de droit ne doit pas devenir une variable d&rsquo;ajustement g\u00e9opolitique<\/a><\/p>\n<p class=\"ap-StoryElement ap-StoryElement--mb ap-StoryText\">Ces actifs doivent donc rester gel\u00e9s. Pour cela, la Commission s&rsquo;appuie sur l&rsquo;article 122 du Trait\u00e9 du Fonctionnement de l&rsquo;Union Europ\u00e9enne (TFUE), qui permet d&rsquo;adopter des mesures exceptionnelles lorsqu&rsquo;un \u00c9tat membre de l&rsquo;Union europ\u00e9enne fait face \u00e0 \u00e9tat d&rsquo;urgence \u00e9conomique. Cet article a r\u00e9cemment servi de base au plan NextGenerationEU apr\u00e8s la crise du Covid-19. (1)<\/p>\n<p class=\"ap-StoryElement ap-StoryElement--mb ap-StoryText\">Mais utiliser l&rsquo;article 122 pour prolonger le gel des avoirs russes para\u00eet contestable. Primo, les Etats-membres de l&rsquo;Union ne se trouvent pas actuellement dans un \u00e9tat d&rsquo;urgence \u00e9conomique. Secundo, il n&rsquo;est pas certain que le d\u00e9gel de ces actifs provoquerait un tel \u00e9tat d&rsquo;urgence \u00e9conomique au sein de l&rsquo;Union europ\u00e9enne.<\/p>\n<p class=\"ap-StoryElement ap-StoryElement--mb ap-StoryText\">S&rsquo;ensuit donc un risque juridique : la mesure ordonnant le gel prolong\u00e9 pourrait \u00eatre invalid\u00e9e par la Cour de Justice de l&rsquo;Union Europ\u00e9enne (CJUE). Euroclear a d&rsquo;ores et d\u00e9j\u00e0 indiqu\u00e9 saisir la Cour de Justice, si l&rsquo;Union devait poursuivre dans ce sens.<\/p>\n<p class=\"ap-StoryElement ap-StoryElement--mb ap-StoryText\">Or, si la Cour de Justice invalide le gel, et le montage financier de la Commission europ\u00e9enne \u00e9choue en parall\u00e8le, les cons\u00e9quences pourraient \u00eatre tr\u00e8s importantes. Euroclear devrait alors r\u00e9pondre \u00e0 une demande de la Russie visant \u00e0 r\u00e9cup\u00e9rer la valeur des 90 milliards d&rsquo;euros d&rsquo;actifs. Pour pr\u00e9venir ce risque, les Etats-membres de l&rsquo;UE visent actuellement \u00e0 d\u00e9finir la part que chacun porterait dans le remboursement de cette somme.<\/p>\n<p>Mise en cause de l&rsquo;UE<\/p>\n<p class=\"ap-StoryElement ap-StoryElement--mb ap-StoryText\">Mais l&rsquo;Union europ\u00e9enne elle-m\u00eame pourrait \u00eatre mise en cause. En effet, Euroclear pourrait engager la responsabilit\u00e9 de l&rsquo;Union en soutenant que l&rsquo;Union l&rsquo;a plac\u00e9e, sans base juridique solide, dans une position d\u00e9licate (2). Euroclear aura vraisemblablement subi un pr\u00e9judice : son activit\u00e9 pourrait ralentir si sa cr\u00e9dibilit\u00e9 en tant qu&rsquo;infrastructure financi\u00e8re s\u00fbre est mise en doute. Or, Euroclear est une tr\u00e8s grande entreprise (3) qui \u00e0 elle seule g\u00e8re pr\u00e8s de 60 % des transactions financi\u00e8res en Europe. Les montants \u00e0 verser en r\u00e9paration pourraient donc \u00eatre consid\u00e9rables.<\/p>\n<p class=\"ap-StoryElement ap-StoryElement--mb ap-StoryText\">=&gt; (1) Article 122 TFUE : \u00ab\u00a01. Sans pr\u00e9judice des autres proc\u00e9dures pr\u00e9vues par les trait\u00e9s, le Conseil, sur proposition de la Commission, peut d\u00e9cider, dans un esprit de solidarit\u00e9 entre les \u00c9tats membres, des mesures appropri\u00e9es \u00e0 la situation \u00e9conomique, en particulier si de graves difficult\u00e9s surviennent dans l&rsquo;approvisionnement en certains produits, notamment dans le domaine de l&rsquo;\u00e9nergie.<\/p>\n<p class=\"ap-StoryElement ap-StoryElement--mb ap-StoryText\">Lorsqu&rsquo;un \u00c9tat membre conna\u00eet des difficult\u00e9s ou une menace s\u00e9rieuse de graves difficult\u00e9s, en raison de catastrophes naturelles ou d&rsquo;\u00e9v\u00e9nements exceptionnels \u00e9chappant \u00e0 son contr\u00f4le, le Conseil, sur proposition de la Commission, peut accorder, sous certaines conditions, une assistance financi\u00e8re de l&rsquo;Union \u00e0 l&rsquo;\u00c9tat membre concern\u00e9. Le pr\u00e9sident du Conseil informe le Parlement europ\u00e9en de la d\u00e9cision prise.\u00a0\u00bb<\/p>\n<p class=\"ap-StoryElement ap-StoryElement--mb ap-StoryText\">(2) Article 340, \u00a7 2 TFUE.<\/p>\n<p class=\"ap-StoryElement ap-StoryElement--mb ap-StoryText\">(3) <a href=\"https:\/\/www.euroclear.com\/newsandinsights\/en\/press\/2025\/mr-05-euroclear-delivers-strong-results-in-2024.html\" target=\"_self\" rel=\"noopener\">40 000 milliards d&rsquo;euros d&rsquo;actifs sous garde en 2025<\/a><\/p>\n<p class=\"ap-StoryElement ap-StoryElement--mb ap-StoryText\"><b>Les textes qui paraissent dans la rubrique D\u00e9bats sont des contributions externes, qui n&rsquo;engagent pas la r\u00e9daction<\/b>.<\/p>\n","protected":false},"excerpt":{"rendered":"Contexte et inqui\u00e9tudes L&rsquo;Ukraine a besoin d&rsquo;au moins 130 milliards d&rsquo;euros pour assurer le fonctionnement de l&rsquo;\u00c9tat et&hellip;\n","protected":false},"author":2,"featured_media":590312,"comment_status":"","ping_status":"","sticky":false,"template":"","format":"standard","meta":{"footnotes":""},"categories":[1591],"tags":[11,70336,1350,32042,40964,9999,3286,24765,10001,2360,70337,17362,70338,10006,10007,70339,10008,18304,70340,51604,674,9513,70341,33982,4816,59439,1887,590,49127,26393,37042,33986,32829,11504,10017,21835,37722,70342,18389,12,26873,44035,1885,1886,132,3899,10026,11600,42406,3875,70343,70344,10030,12077,10033,16831],"class_list":{"0":"post-590311","1":"post","2":"type-post","3":"status-publish","4":"format-standard","5":"has-post-thumbnail","7":"category-russie","8":"tag-actualites","9":"tag-advisor","10":"tag-architecture","11":"tag-banking","12":"tag-belgian","13":"tag-belgium","14":"tag-blue","15":"tag-brussel","16":"tag-brussels","17":"tag-bruxelles","18":"tag-built","19":"tag-capital","20":"tag-certificate","21":"tag-city","22":"tag-cityscape","23":"tag-currency","24":"tag-day","25":"tag-destinations","26":"tag-entire","27":"tag-euronext","28":"tag-europe","29":"tag-european","30":"tag-exchange","31":"tag-exterior","32":"tag-facade","33":"tag-famous","34":"tag-federation-de-russie","35":"tag-finance","36":"tag-financial","37":"tag-front-view","38":"tag-hall","39":"tag-historic","40":"tag-history","41":"tag-house","42":"tag-landmark","43":"tag-lion","44":"tag-market","45":"tag-monetary","46":"tag-monument","47":"tag-news","48":"tag-old","49":"tag-palace","50":"tag-russia","51":"tag-russian-federation","52":"tag-russie","53":"tag-sculpture","54":"tag-sky","55":"tag-statue","56":"tag-stock","57":"tag-tourism","58":"tag-trader","59":"tag-trading","60":"tag-travel","61":"tag-unesco","62":"tag-view","63":"tag-vintage"},"share_on_mastodon":{"url":"","error":"Validation failed: Text character limit of 500 exceeded"},"_links":{"self":[{"href":"https:\/\/www.europesays.com\/fr\/wp-json\/wp\/v2\/posts\/590311","targetHints":{"allow":["GET"]}}],"collection":[{"href":"https:\/\/www.europesays.com\/fr\/wp-json\/wp\/v2\/posts"}],"about":[{"href":"https:\/\/www.europesays.com\/fr\/wp-json\/wp\/v2\/types\/post"}],"author":[{"embeddable":true,"href":"https:\/\/www.europesays.com\/fr\/wp-json\/wp\/v2\/users\/2"}],"replies":[{"embeddable":true,"href":"https:\/\/www.europesays.com\/fr\/wp-json\/wp\/v2\/comments?post=590311"}],"version-history":[{"count":0,"href":"https:\/\/www.europesays.com\/fr\/wp-json\/wp\/v2\/posts\/590311\/revisions"}],"wp:featuredmedia":[{"embeddable":true,"href":"https:\/\/www.europesays.com\/fr\/wp-json\/wp\/v2\/media\/590312"}],"wp:attachment":[{"href":"https:\/\/www.europesays.com\/fr\/wp-json\/wp\/v2\/media?parent=590311"}],"wp:term":[{"taxonomy":"category","embeddable":true,"href":"https:\/\/www.europesays.com\/fr\/wp-json\/wp\/v2\/categories?post=590311"},{"taxonomy":"post_tag","embeddable":true,"href":"https:\/\/www.europesays.com\/fr\/wp-json\/wp\/v2\/tags?post=590311"}],"curies":[{"name":"wp","href":"https:\/\/api.w.org\/{rel}","templated":true}]}}