{"id":590319,"date":"2025-12-10T08:56:14","date_gmt":"2025-12-10T08:56:14","guid":{"rendered":"https:\/\/www.europesays.com\/fr\/590319\/"},"modified":"2025-12-10T08:56:14","modified_gmt":"2025-12-10T08:56:14","slug":"leurope-revendique-sa-victoire-avec-deux-fonctions-developpees-par-apple-et-google","status":"publish","type":"post","link":"https:\/\/www.europesays.com\/fr\/590319\/","title":{"rendered":"L\u2019Europe revendique sa victoire avec deux fonctions d\u00e9velopp\u00e9es par Apple et Google"},"content":{"rendered":"<p>Le DMA sert \u00e0 quelque chose\u00a0! C\u2019est le message que veut faire passer la Commission europ\u00e9enne qui, chose rare, a soulign\u00e9 son r\u00f4le dans le d\u00e9veloppement de deux fonctions Android et iOS\u00a0: le transfert simplifi\u00e9 d\u2019eSIM et la migration facilit\u00e9e des donn\u00e9es entre smartphones.<\/p>\n<p>La simplification du transfert d\u2019eSIM\u00a0? La migration des donn\u00e9es entre Android et iPhone\u00a0? C\u2019est nous, se f\u00e9licite la <strong>Commission europ\u00e9enne<\/strong> dans une d\u00e9claration envoy\u00e9e au site am\u00e9ricain 9to5Mac. Un geste in\u00e9dit, qui confirme la volont\u00e9 de Bruxelles de montrer les avanc\u00e9es permises par le r\u00e9glement sur les march\u00e9s num\u00e9riques (<strong>DMA<\/strong>).<\/p>\n<p> Le DMA change d\u00e9j\u00e0 la donne <\/p>\n<p>Le <a href=\"https:\/\/www.01net.com\/dossiers\/esim-cest-quoi-comment-ca-marche.html\" target=\"_blank\" rel=\"noopener\">transfert d\u2019eSIM<\/a> d\u2019un appareil \u00e0 un autre a \u00e9t\u00e9 mis en place en octobre dernier, aussi bien sur Android que pour l\u2019iPhone. L\u2019outil a \u00ab\u00a0largement simplifi\u00e9 la migration des eSIM entre iPhone et Android, une op\u00e9ration autrefois longue et complexe\u00a0\u00bb, affirme la Commission.<\/p>\n<p>Quant \u00e0 la simplification de la migration des donn\u00e9es, <a href=\"https:\/\/www.01net.com\/actualites\/apple-et-google-vont-simplifier-le-switch-entre-ios-et-android-et-vice-versa.html\" target=\"_blank\" rel=\"noopener\">elle a \u00e9t\u00e9 annonc\u00e9e par Apple et par Google<\/a> en d\u00e9but de semaine. Les deux constructeurs ont d\u00e9velopp\u00e9 des applications d\u00e9di\u00e9es pour l\u2019op\u00e9ration de transfert entre smartphones, mais la fonction va \u00eatre int\u00e9gr\u00e9e au niveau des syst\u00e8mes d\u2019exploitation (elle l\u2019est d\u00e9j\u00e0 dans la version Canary d\u2019Android pour les Pixel).<\/p>\n<p>\u00ab\u00a0Cette solution de portabilit\u00e9 d\u2019OS permettra aux utilisateurs de transf\u00e9rer facilement leurs donn\u00e9es d\u2019un iPhone vers un smartphone Android et inversement lors de la configuration d\u2019un nouvel appareil\u00a0\u00bb, pr\u00e9cise le communiqu\u00e9. \u00ab\u00a0Elle prendra en charge de nombreux types de donn\u00e9es, dont\u00a0: les contacts, les \u00e9v\u00e9nements de calendrier, les messages, les photos, les documents, les r\u00e9seaux Wi-Fi, les mots de passe, ainsi que les donn\u00e9es provenant d\u2019applications tierces. Le tout fonctionnera \u00e9galement sans fil.\u00a0\u00bb<\/p>\n<p>L\u2019ex\u00e9cutif europ\u00e9en souligne \u00e9galement que ces fonctions profiteront aux d\u00e9veloppeurs tiers\u00a0: ils pourront ainsi \u00ab\u00a0conserver\u00a0\u00bb plus facilement leurs utilisateurs quand ils passent d\u2019un iPhone \u00e0 un appareil Android, et inversement.<\/p>\n<p>Ces deux fonctions sont le r\u00e9sultat direct du DMA, dont l\u2019objet est de r\u00e9\u00e9quilibrer la concurrence en Europe \u2014 et aussi dans le monde finalement, car elles sont disponibles partout. \u00ab\u00a0Ces outils ont \u00e9t\u00e9 rendus possibles gr\u00e2ce \u00e0 un travail d\u2019ing\u00e9nierie cons\u00e9quent et \u00e0 la collaboration entre Apple et Google, ainsi qu\u2019\u00e0 des \u00e9changes intensifs avec la Commission au cours des deux derni\u00e8res ann\u00e9es\u00a0\u00bb, ajoute la d\u00e9claration.<\/p>\n<p>Les grands textes adopt\u00e9s par l\u2019Union europ\u00e9enne sont souvent flous pour les citoyens, ils produisent peu de r\u00e9sultats visibles par tout un chacun. Pour le DMA, Bruxelles a manifestement l\u2019intention de montrer qu\u2019il a un impact tr\u00e8s concret sur la vie des utilisateurs de smartphones, et pas seulement sur le vieux continent. Le message est d\u2019autant plus important \u00e0 faire passer que le DMA est sous pression des \u00c9tats-Unis.<\/p>\n<blockquote style=\"border:1px solid grey;border-radius:8px;\">\n<p class=\"text-base text-neutral-700 dark:text-neutral-300\" style=\"color:grey;\">\ud83d\udc49\ud83c\udffb Suivez l\u2019actualit\u00e9 tech en temps r\u00e9el\u00a0: ajoutez 01net \u00e0 vos sources sur <a href=\"https:\/\/news.google.com\/publications\/CAAqBwgKMJPsvAswoIfUAw?hl=fr&amp;gl=FR&amp;ceid=FR%3Afr\" target=\"_blank\" rel=\"noopener\">Google Actualit\u00e9s<\/a>, abonnez-vous \u00e0 notre canal <a href=\"https:\/\/whatsapp.com\/channel\/0029VaH5gKg6xCSG9nQQhQ1Z\" target=\"_blank\" rel=\"noopener\">WhatsApp<\/a> ou suivez-nous en vid\u00e9o sur <a href=\"https:\/\/www.tiktok.com\/@01net.com\" target=\"_blank\" rel=\"noopener\">TikTok<\/a>.<\/p>\n<\/blockquote>\n<p class=\"post-source text-right text-sm opacity-70 not-prose\">\n            Source :<br \/>\n            <a href=\"https:\/\/9to5mac.com\/2025\/12\/09\/iphone-android-switching-ios-26\/\" target=\"_blank\" rel=\"noopener\" class=\"italic\"><br \/>\n              9to5Mac<br \/>\n            <\/a>\n          <\/p>\n<p>              <script async src=\"\/\/www.tiktok.com\/embed.js\"><\/script><\/p>\n","protected":false},"excerpt":{"rendered":"Le DMA sert \u00e0 quelque chose\u00a0! C\u2019est le message que veut faire passer la Commission europ\u00e9enne qui, chose&hellip;\n","protected":false},"author":2,"featured_media":590320,"comment_status":"","ping_status":"","sticky":false,"template":"","format":"standard","meta":{"footnotes":""},"categories":[1586],"tags":[11,733,2196,6061,1777,674,1011,27,12,25],"class_list":{"0":"post-590319","1":"post","2":"type-post","3":"status-publish","4":"format-standard","5":"has-post-thumbnail","7":"category-europe","8":"tag-actualites","9":"tag-apple","10":"tag-commission-europeenne","11":"tag-dma","12":"tag-eu","13":"tag-europe","14":"tag-fr","15":"tag-france","16":"tag-news","17":"tag-republique-francaise"},"share_on_mastodon":{"url":"https:\/\/pubeurope.com\/@fr\/115694441944351960","error":""},"_links":{"self":[{"href":"https:\/\/www.europesays.com\/fr\/wp-json\/wp\/v2\/posts\/590319","targetHints":{"allow":["GET"]}}],"collection":[{"href":"https:\/\/www.europesays.com\/fr\/wp-json\/wp\/v2\/posts"}],"about":[{"href":"https:\/\/www.europesays.com\/fr\/wp-json\/wp\/v2\/types\/post"}],"author":[{"embeddable":true,"href":"https:\/\/www.europesays.com\/fr\/wp-json\/wp\/v2\/users\/2"}],"replies":[{"embeddable":true,"href":"https:\/\/www.europesays.com\/fr\/wp-json\/wp\/v2\/comments?post=590319"}],"version-history":[{"count":0,"href":"https:\/\/www.europesays.com\/fr\/wp-json\/wp\/v2\/posts\/590319\/revisions"}],"wp:featuredmedia":[{"embeddable":true,"href":"https:\/\/www.europesays.com\/fr\/wp-json\/wp\/v2\/media\/590320"}],"wp:attachment":[{"href":"https:\/\/www.europesays.com\/fr\/wp-json\/wp\/v2\/media?parent=590319"}],"wp:term":[{"taxonomy":"category","embeddable":true,"href":"https:\/\/www.europesays.com\/fr\/wp-json\/wp\/v2\/categories?post=590319"},{"taxonomy":"post_tag","embeddable":true,"href":"https:\/\/www.europesays.com\/fr\/wp-json\/wp\/v2\/tags?post=590319"}],"curies":[{"name":"wp","href":"https:\/\/api.w.org\/{rel}","templated":true}]}}