{"id":59032,"date":"2025-04-28T10:43:12","date_gmt":"2025-04-28T10:43:12","guid":{"rendered":"https:\/\/www.europesays.com\/fr\/59032\/"},"modified":"2025-04-28T10:43:12","modified_gmt":"2025-04-28T10:43:12","slug":"metropole-de-lille-le-metro-et-le-tramway-interrompus-plusieurs-jours-en-mai-et-juin","status":"publish","type":"post","link":"https:\/\/www.europesays.com\/fr\/59032\/","title":{"rendered":"M\u00e9tropole de Lille. Le m\u00e9tro et le tramway interrompus plusieurs jours en mai et juin"},"content":{"rendered":"<p>            Par<br \/>\n        <strong><br \/>\n            <a href=\"https:\/\/actu.fr\/auteur\/hervine-mahaud\" title=\"Consulter tous les articles de Hervine Mahaud\" rel=\"nofollow noopener\" target=\"_blank\">Hervine Mahaud<\/a><br \/>\n        <\/strong><\/p>\n<p>        Publi\u00e9 le<\/p>\n<p>            28 avr. 2025 \u00e0 12h11        <\/p>\n<p>Dans la <b>m\u00e9tropole de Lille<\/b>, le <b>m\u00e9tro<\/b> va de nouveau \u00eatre interrompu, plusieurs jours, en mai et juin 2025. Ces interruptions auront lieu sur la <b>ligne 1<\/b>, du 5 mai au 29 juin. Par ailleurs, la <b>branche Roubaix<\/b> du <b>tramway<\/b> sera interrompue durant plusieurs jours pour des <b>travaux<\/b>. Retrouvez ci-dessous le d\u00e9tail des impacts \u00e0 pr\u00e9voir sur le r\u00e9seau <a href=\"https:\/\/actu.fr\/tag\/ilevia\" rel=\"nofollow noopener\" target=\"_blank\">Ilevia<\/a>.\u00a0<\/p>\n<p>Le m\u00e9tro interrompu en mai et en juin<\/p>\n<p class=\" wall-content\">Dans le cadre des op\u00e9rations li\u00e9es au doublement des rames de m\u00e9tro, des interruptions de trafic auront lieu sur la ligne 1, principalement le lundi en soir\u00e9e \u00e0 partir de 22h30, \u00e0 partir du 5 mai 2025. Voici le d\u00e9tail concernant la ligne 1 :<\/p>\n<ul class=\" wall-content\">\n<li>interruption \u00e0 partir de 22h30 et jusqu\u2019\u00e0 fin de service : les <b>lundis 5, 12, 19 et 26 mai<\/b>, puis <b>les lundis 2, 9 et 16 juin<\/b> ;<\/li>\n<li>interruption \u00e0 partir de 13h30 et jusqu\u2019\u00e0 fin de service : <b>dimanche 29 juin<\/b>.<\/li>\n<\/ul>\n<p class=\" wall-content\">La reprise du service sur la ligne 1 sera effective d\u00e8s le lendemain matin.<\/p>\n<p class=\" wall-content\">\u00ab\u00a0Afin de permettre aux voyageurs de poursuivre leur trajet lors de ces interruptions de trafic,<b> des bus relais seront mis en place<\/b> et assureront une continuit\u00e9 de service sur la ligne. La fr\u00e9quence sera d\u2019un bus toutes les 15 min\u00a0\u00bb, indique Ilevia.\u00a0<\/p>\n<p>Vid\u00e9os : en ce moment sur ActuDes travaux en soir\u00e9e sur la branche Roubaix du tramway<\/p>\n<p class=\" wall-content\">En pr\u00e9vision des <b>travaux<\/b> qui auront lieu sur l\u2019ensemble de l\u2019itin\u00e9raire du tramway au cours de l\u2019\u00e9t\u00e9 2025, des travaux pr\u00e9paratoires sur un ouvrage d\u2019art \u00e0 proximit\u00e9 de la station Planche Epinoy seront r\u00e9alis\u00e9s par la M\u00e9tropole europ\u00e9enne de Lille et auront des impacts en soir\u00e9e sur la branche Roubaix du tramway :<\/p>\n<ul class=\" wall-content\">\n<li><b>branche Roubaix : du lundi 12 au dimanche 25 mai inclus, le tramway sera interrompu entre Crois\u00e9 Laroche et Roubaix Eurot\u00e9l\u00e9port chaque soir \u00e0 partir de 22h, jusqu\u2019\u00e0 la fin de service.<\/b><\/li>\n<\/ul>\n<p class=\" wall-content\">Afin d\u2019assurer la continuit\u00e9 du service, des bus relais circuleront toutes les 30 minutes entre Crois\u00e9 Laroche et Roubaix Eurot\u00e9l\u00e9port, tous les soirs du 12 au 25 mai, de 22h jusqu\u2019\u00e0 la fin de service. Le tronc commun et la branche Tourcoing du Tramway circuleront normalement.<\/p>\n<p class=\" wall-content\">Suivez toute l\u2019actualit\u00e9 de vos villes et m\u00e9dias favoris en vous inscrivant \u00e0 <a href=\"https:\/\/moncompte.actu.fr\" title=\"D\u00e9couvez Mon Actu\" rel=\"nofollow noopener\" data-trk=\"{&quot;cta&quot;:{&quot;action&quot;:&quot;https:\\\/\\\/moncompte.actu.fr&quot;,&quot;category&quot;:&quot;mon compte&quot;,&quot;from&quot;:&quot;article footer&quot;,&quot;name&quot;:&quot;Mon actu&quot;,&quot;type&quot;:&quot;cta&quot;}}\" target=\"_blank\">Mon Actu<\/a>.<\/p>\n","protected":false},"excerpt":{"rendered":"Par Hervine Mahaud Publi\u00e9 le 28 avr. 2025 \u00e0 12h11 Dans la m\u00e9tropole de Lille, le m\u00e9tro va&hellip;\n","protected":false},"author":2,"featured_media":59033,"comment_status":"","ping_status":"","sticky":false,"template":"","format":"standard","meta":{"footnotes":""},"categories":[2815],"tags":[1111,11,1777,674,1011,27,811,4288,1307,12,25,104,2803],"class_list":{"0":"post-59032","1":"post","2":"type-post","3":"status-publish","4":"format-standard","5":"has-post-thumbnail","7":"category-lille","8":"tag-actu","9":"tag-actualites","10":"tag-eu","11":"tag-europe","12":"tag-fr","13":"tag-france","14":"tag-hauts-de-france","15":"tag-ilevia","16":"tag-lille","17":"tag-news","18":"tag-republique-francaise","19":"tag-societe","20":"tag-transport"},"share_on_mastodon":{"url":"https:\/\/pubeurope.com\/@fr\/114415180555987830","error":""},"_links":{"self":[{"href":"https:\/\/www.europesays.com\/fr\/wp-json\/wp\/v2\/posts\/59032","targetHints":{"allow":["GET"]}}],"collection":[{"href":"https:\/\/www.europesays.com\/fr\/wp-json\/wp\/v2\/posts"}],"about":[{"href":"https:\/\/www.europesays.com\/fr\/wp-json\/wp\/v2\/types\/post"}],"author":[{"embeddable":true,"href":"https:\/\/www.europesays.com\/fr\/wp-json\/wp\/v2\/users\/2"}],"replies":[{"embeddable":true,"href":"https:\/\/www.europesays.com\/fr\/wp-json\/wp\/v2\/comments?post=59032"}],"version-history":[{"count":0,"href":"https:\/\/www.europesays.com\/fr\/wp-json\/wp\/v2\/posts\/59032\/revisions"}],"wp:featuredmedia":[{"embeddable":true,"href":"https:\/\/www.europesays.com\/fr\/wp-json\/wp\/v2\/media\/59033"}],"wp:attachment":[{"href":"https:\/\/www.europesays.com\/fr\/wp-json\/wp\/v2\/media?parent=59032"}],"wp:term":[{"taxonomy":"category","embeddable":true,"href":"https:\/\/www.europesays.com\/fr\/wp-json\/wp\/v2\/categories?post=59032"},{"taxonomy":"post_tag","embeddable":true,"href":"https:\/\/www.europesays.com\/fr\/wp-json\/wp\/v2\/tags?post=59032"}],"curies":[{"name":"wp","href":"https:\/\/api.w.org\/{rel}","templated":true}]}}