{"id":590334,"date":"2025-12-10T09:10:24","date_gmt":"2025-12-10T09:10:24","guid":{"rendered":"https:\/\/www.europesays.com\/fr\/590334\/"},"modified":"2025-12-10T09:10:24","modified_gmt":"2025-12-10T09:10:24","slug":"un-algerien-a-lom-le-coup-de-tonnerre-pour-son-transfert","status":"publish","type":"post","link":"https:\/\/www.europesays.com\/fr\/590334\/","title":{"rendered":"Un Alg\u00e9rien \u00e0 l&rsquo;OM : Le coup de tonnerre pour son transfert !"},"content":{"rendered":"<p>                    Thibault Morlain<br \/>\n                        &#8211;<\/p>\n<p>Journaliste<\/p>\n<p>Apr\u00e8s s\u2019\u00eatre essay\u00e9 \u00e0 diff\u00e9rents sports, Thibault se tourne vers une carri\u00e8re de footballeur amateur. Au moment de faire un choix entre devenir footballeur professionnel et journaliste, les qualit\u00e9s ont fait pencher la balance d\u2019un c\u00f4t\u00e9. Le voil\u00e0 d\u00e9sormais au sein de la r\u00e9daction du 10 Sport, apr\u00e8s un dipl\u00f4me obtenu \u00e0 l\u2019Institut International de Communication de Paris.<\/p>\n<p class=\"heading\">R\u00e9v\u00e9l\u00e9 sous le maillot de l&rsquo;ASSE entre 2010 et 2014, Faouzi Ghoulam a ensuite \u00e9volu\u00e9 pendant de longues saisons du c\u00f4t\u00e9 de Naples. Alors que l&rsquo;Alg\u00e9rien a fini par revenir en France \u00e0 Angers, cela aurait pu se faire bien avant et pas n&rsquo;importe o\u00f9. En effet, Ghoulam \u00e9tait tr\u00e8s proche de l&rsquo;OM, mais voil\u00e0 que le transfert n&rsquo;a jamais pu se faire&#8230;\n<\/p>\n<p>Il y a quelques jours de cela, <a href=\"https:\/\/le10sport.com\/football\/ligue1\/om\/pavard-coup-de-theatre-a-lom-767732\" target=\"_blank\" rel=\"noopener\">l&rsquo;OM <\/a>accueillait un visiteur connu de la Ligue 1 au centre d&rsquo;entra\u00eenement. C&rsquo;est un certain <strong>Faouzi Ghoulam<\/strong> qui \u00e9tait ainsi venu dire bonjour \u00e0 <strong>Roberto De Zerbi, Medhi Benatia<\/strong> et compagnie. L&rsquo;Alg\u00e9rien aurait d&rsquo;ailleurs pu porter le maillot phoc\u00e9en au cours de sa carri\u00e8re. En effet, l&rsquo;<strong>OM <\/strong>s&rsquo;\u00e9tait int\u00e9ress\u00e9 \u00e0 <strong>Ghoulam <\/strong>du temps o\u00f9 il \u00e9tait \u00e0 <strong>Naples<\/strong>, sans pour autant que \u00e7a ne se concr\u00e9tise. <\/p>\n<p>                                            \u00ab L\u2019OM s\u2019est pr\u00e9sent\u00e9, il y a eu un int\u00e9r\u00eat, mais&#8230; \u00bb<\/p>\n<p><strong>Faouzi Ghoulam<\/strong> n&rsquo;aura finalement jamais rejoint l&rsquo;<strong>OM<\/strong>. Un transfert avort\u00e9 sur lequel est revenu l&rsquo;Alg\u00e9rien, expliquant alors pour Le Phoc\u00e9en : \u00ab En tant qu\u2019Alg\u00e9rien, jouer \u00e0 Marseille repr\u00e9sente quelque chose de fort. Il y a une vraie symbolique. \u00c0 cette \u00e9poque, j\u2019\u00e9tais \u00e0 Naples : je jouais r\u00e9guli\u00e8rement la Ligue des Champions, j\u2019\u00e9tais dans l\u2019un des plus grands clubs italiens, et on finissait souvent deuxi\u00e8me ou troisi\u00e8me. L\u2019OM s\u2019est pr\u00e9sent\u00e9, il y a eu un int\u00e9r\u00eat, mais cela ne s\u2019est pas concr\u00e9tis\u00e9. Dans ce milieu, les choses doivent \u00eatre claires et cadr\u00e9es, et l\u00e0, \u00e7a n\u2019a pas pu aboutir \u00bb. <\/p>\n<p>                                            \u00ab C\u2019\u00e9tait compliqu\u00e9 pour moi de partir \u00bb<\/p>\n<p>\u00ab Oui, on \u00e9tait proches, il y a bien eu des discussions. Mais c\u2019\u00e9tait compliqu\u00e9 pour moi de partir. Naples, c\u2019\u00e9tait presque dix ans de ma vie. C\u2019est un club qui comptait \u00e9norm\u00e9ment pour moi, et le quitter n\u2019\u00e9tait pas \u00e9vident \u00bb, a \u00e9galement confi\u00e9 <strong>Ghoulam<\/strong>. <\/p>\n","protected":false},"excerpt":{"rendered":"Thibault Morlain &#8211; Journaliste Apr\u00e8s s\u2019\u00eatre essay\u00e9 \u00e0 diff\u00e9rents sports, Thibault se tourne vers une carri\u00e8re de footballeur&hellip;\n","protected":false},"author":2,"featured_media":590335,"comment_status":"","ping_status":"","sticky":false,"template":"","format":"standard","meta":{"footnotes":""},"categories":[1410],"tags":[63,1011,27,60],"class_list":{"0":"post-590334","1":"post","2":"type-post","3":"status-publish","4":"format-standard","5":"has-post-thumbnail","7":"category-football","8":"tag-football","9":"tag-fr","10":"tag-france","11":"tag-sports"},"share_on_mastodon":{"url":"https:\/\/pubeurope.com\/@fr\/115694496961101161","error":""},"_links":{"self":[{"href":"https:\/\/www.europesays.com\/fr\/wp-json\/wp\/v2\/posts\/590334","targetHints":{"allow":["GET"]}}],"collection":[{"href":"https:\/\/www.europesays.com\/fr\/wp-json\/wp\/v2\/posts"}],"about":[{"href":"https:\/\/www.europesays.com\/fr\/wp-json\/wp\/v2\/types\/post"}],"author":[{"embeddable":true,"href":"https:\/\/www.europesays.com\/fr\/wp-json\/wp\/v2\/users\/2"}],"replies":[{"embeddable":true,"href":"https:\/\/www.europesays.com\/fr\/wp-json\/wp\/v2\/comments?post=590334"}],"version-history":[{"count":0,"href":"https:\/\/www.europesays.com\/fr\/wp-json\/wp\/v2\/posts\/590334\/revisions"}],"wp:featuredmedia":[{"embeddable":true,"href":"https:\/\/www.europesays.com\/fr\/wp-json\/wp\/v2\/media\/590335"}],"wp:attachment":[{"href":"https:\/\/www.europesays.com\/fr\/wp-json\/wp\/v2\/media?parent=590334"}],"wp:term":[{"taxonomy":"category","embeddable":true,"href":"https:\/\/www.europesays.com\/fr\/wp-json\/wp\/v2\/categories?post=590334"},{"taxonomy":"post_tag","embeddable":true,"href":"https:\/\/www.europesays.com\/fr\/wp-json\/wp\/v2\/tags?post=590334"}],"curies":[{"name":"wp","href":"https:\/\/api.w.org\/{rel}","templated":true}]}}