{"id":590336,"date":"2025-12-10T09:11:11","date_gmt":"2025-12-10T09:11:11","guid":{"rendered":"https:\/\/www.europesays.com\/fr\/590336\/"},"modified":"2025-12-10T09:11:11","modified_gmt":"2025-12-10T09:11:11","slug":"star-academy-michael-goldman-contraint-de-reveler-le-nom-de-leleve-immunise-un-jour-a-lavance-cest-une-erreur-humaine","status":"publish","type":"post","link":"https:\/\/www.europesays.com\/fr\/590336\/","title":{"rendered":"Star Academy \u2013 Michael Goldman contraint de r\u00e9v\u00e9ler le nom de l&rsquo;\u00e9l\u00e8ve immunis\u00e9 un jour \u00e0 l&rsquo;avance\u00a0: \u00ab\u00a0C&rsquo;est une erreur humaine\u00a0\u00bb"},"content":{"rendered":"<p class=\"ap-StoryElement ap-StoryElement--mb ap-StoryText\">Les semaines d\u00e9filent pour les \u00e9l\u00e8ves de la treizi\u00e8me saison de la Star Academy. Dix d&rsquo;entre eux sont encore en lice pour succ\u00e9der \u00e0 Marine, grande gagnante de l&rsquo;\u00e9dition pr\u00e9c\u00e9dente. Mais avant la finale, un autre grand cap attend les jeunes artistes d\u00e8s ce samedi 13 d\u00e9cembre : le prime de la tourn\u00e9e. Seuls neuf d&rsquo;entre eux monteront dans le bus qui sillonnera les routes de France et de Belgique d\u00e8s la fin de la saison.<\/p>\n<p class=\"ap-StoryElement ap-StoryElement--mb ap-StoryText\">Apr\u00e8s le dernier prime, Ambre et Sarah \u00e9taient d\u00e9j\u00e0 assur\u00e9es de participer \u00e0 la tourn\u00e9e, \u00e9tant toutes les deux immunis\u00e9es. Ces deux derniers jours, les autres \u00e9l\u00e8ves ont particip\u00e9 \u00e0 un marathon d&rsquo;\u00e9valuations pour esp\u00e9rer remporter la troisi\u00e8me place, et ne pas \u00eatre soumis au vote du public. La Belge Anouk n&rsquo;est malheureusement pas parvenue au bout de ce marathon, elle qui a flanch\u00e9 sur l&rsquo;\u00e9preuve de danse.<\/p>\n","protected":false},"excerpt":{"rendered":"Les semaines d\u00e9filent pour les \u00e9l\u00e8ves de la treizi\u00e8me saison de la Star Academy. Dix d&rsquo;entre eux sont&hellip;\n","protected":false},"author":2,"featured_media":590337,"comment_status":"","ping_status":"","sticky":false,"template":"","format":"standard","meta":{"footnotes":""},"categories":[1359],"tags":[57709,70345,58,1121,59,1011,27,53702,973,9483,5095,4441,5995],"class_list":{"0":"post-590336","1":"post","2":"type-post","3":"status-publish","4":"format-standard","5":"has-post-thumbnail","7":"category-people","8":"tag-anouk","9":"tag-bastiaan","10":"tag-divertissement","11":"tag-eleves","12":"tag-entertainment","13":"tag-fr","14":"tag-france","15":"tag-immunite","16":"tag-people","17":"tag-prime","18":"tag-star-academy","19":"tag-tournee","20":"tag-vote"},"share_on_mastodon":{"url":"https:\/\/pubeurope.com\/@fr\/115694500927345014","error":""},"_links":{"self":[{"href":"https:\/\/www.europesays.com\/fr\/wp-json\/wp\/v2\/posts\/590336","targetHints":{"allow":["GET"]}}],"collection":[{"href":"https:\/\/www.europesays.com\/fr\/wp-json\/wp\/v2\/posts"}],"about":[{"href":"https:\/\/www.europesays.com\/fr\/wp-json\/wp\/v2\/types\/post"}],"author":[{"embeddable":true,"href":"https:\/\/www.europesays.com\/fr\/wp-json\/wp\/v2\/users\/2"}],"replies":[{"embeddable":true,"href":"https:\/\/www.europesays.com\/fr\/wp-json\/wp\/v2\/comments?post=590336"}],"version-history":[{"count":0,"href":"https:\/\/www.europesays.com\/fr\/wp-json\/wp\/v2\/posts\/590336\/revisions"}],"wp:featuredmedia":[{"embeddable":true,"href":"https:\/\/www.europesays.com\/fr\/wp-json\/wp\/v2\/media\/590337"}],"wp:attachment":[{"href":"https:\/\/www.europesays.com\/fr\/wp-json\/wp\/v2\/media?parent=590336"}],"wp:term":[{"taxonomy":"category","embeddable":true,"href":"https:\/\/www.europesays.com\/fr\/wp-json\/wp\/v2\/categories?post=590336"},{"taxonomy":"post_tag","embeddable":true,"href":"https:\/\/www.europesays.com\/fr\/wp-json\/wp\/v2\/tags?post=590336"}],"curies":[{"name":"wp","href":"https:\/\/api.w.org\/{rel}","templated":true}]}}