{"id":590338,"date":"2025-12-10T09:12:14","date_gmt":"2025-12-10T09:12:14","guid":{"rendered":"https:\/\/www.europesays.com\/fr\/590338\/"},"modified":"2025-12-10T09:12:14","modified_gmt":"2025-12-10T09:12:14","slug":"un-dessin-exceptionnel-sest-forme-sur-cette-maison-de-seine-maritime","status":"publish","type":"post","link":"https:\/\/www.europesays.com\/fr\/590338\/","title":{"rendered":"un dessin exceptionnel s\u2019est form\u00e9 sur cette maison de Seine-Maritime"},"content":{"rendered":"<p>                    Par<br \/>\n        <strong><br \/>\n            <a href=\"https:\/\/actu.fr\/auteur\/journaliste-ne\" title=\"Consulter tous les articles de R\u00e9daction Neufch\u00e2tel-en-Bray\" target=\"_blank\" rel=\"noopener\">R\u00e9daction Neufch\u00e2tel-en-Bray<\/a><br \/>\n                    <\/strong><\/p>\n<p>        Publi\u00e9 le<\/p>\n<p>            10 d\u00e9c. 2025 \u00e0 8h45        <\/p>\n<p>Quand <b>la nature joue les artistes<\/b>\u2026 C\u2019est ce qu\u2019a pu constater avec un grand plaisir cette habitante de <b>Bosc-Mesnil<\/b>, pr\u00e8s de <a href=\"https:\/\/actu.fr\/normandie\/saint-saens_76648\" target=\"_blank\" rel=\"noopener\">Saint-Sa\u00ebns<\/a> (<b>Seine-Maritime<\/b>) il y a quelques jours.<\/p>\n<p>Une belle \u0153uvre d\u2019art<\/p>\n<p class=\" wall-content\">D\u00e9but d\u00e9cembre, \u00c9lodie a eu la belle surprise en se r\u00e9veillant de d\u00e9couvrir ce que le froid avait cr\u00e9\u00e9 sur ses <b>fen\u00eatres de toit<\/b>. \u00ab\u2009Le gel, en raison des temp\u00e9ratures basses ce jour-l\u00e0, a donn\u00e9 une belle \u0153uvre d\u2019art\u2009\u00bb nous a-t-elle confi\u00e9.<\/p>\n<p class=\" wall-content\">Sur <b>la vitre<\/b>, on y voit effectivement un magnifique dessin, comme si la <b>branche d\u2019un arbre<\/b> \u00e9tait venue se poser sur la fen\u00eatre et que le gel avait immortalis\u00e9 ce moment. \u00ab\u2009Ce n\u2019est pas moi, mais la nature qui a dessin\u00e9 avec le froid et l\u2019humidit\u00e9\u2009\u00bb atteste-t-elle.<\/p>\n<p>La beaut\u00e9 des jours de froid<\/p>\n<p class=\" wall-content\">Encore une fois, la nature a d\u00e9montr\u00e9 toute la beaut\u00e9 qu\u2019elle offre, quel que soit le temps ou la saison. Car l\u2019hiver, ou \u00e0 l\u2019approche de l\u2019hiver, la neige et le gel offrent bien souvent des paysages formidables, mais aussi de plus petites p\u00e9pites qu\u2019il faut savoir appr\u00e9cier.<\/p>\n<p class=\" wall-content\">Personnalisez votre actualit\u00e9 en ajoutant vos villes et m\u00e9dias en favori avec <a href=\"https:\/\/moncompte.actu.fr\" title=\"D\u00e9couvez Mon Actu\" rel=\"nofollow noopener\" data-trk=\"{&quot;cta&quot;:{&quot;action&quot;:&quot;https:\\\/\\\/moncompte.actu.fr&quot;,&quot;category&quot;:&quot;mon compte&quot;,&quot;from&quot;:&quot;article footer&quot;,&quot;name&quot;:&quot;Mon actu&quot;,&quot;type&quot;:&quot;cta&quot;}}\" target=\"_blank\">Mon Actu<\/a>.<\/p>\n","protected":false},"excerpt":{"rendered":"Par R\u00e9daction Neufch\u00e2tel-en-Bray Publi\u00e9 le 10 d\u00e9c. 2025 \u00e0 8h45 Quand la nature joue les artistes\u2026 C\u2019est ce&hellip;\n","protected":false},"author":2,"featured_media":590339,"comment_status":"","ping_status":"","sticky":false,"template":"","format":"standard","meta":{"footnotes":""},"categories":[1358],"tags":[1348,1384,1385,1386,58,59,1011,27,1757,2357,10175],"class_list":{"0":"post-590338","1":"post","2":"type-post","3":"status-publish","4":"format-standard","5":"has-post-thumbnail","7":"category-arts-et-design","8":"tag-arts","9":"tag-arts-and-design","10":"tag-arts-et-design","11":"tag-design","12":"tag-divertissement","13":"tag-entertainment","14":"tag-fr","15":"tag-france","16":"tag-insolite","17":"tag-meteo-france","18":"tag-pays-de-bray"},"share_on_mastodon":{"url":"https:\/\/pubeurope.com\/@fr\/115694504719747822","error":""},"_links":{"self":[{"href":"https:\/\/www.europesays.com\/fr\/wp-json\/wp\/v2\/posts\/590338","targetHints":{"allow":["GET"]}}],"collection":[{"href":"https:\/\/www.europesays.com\/fr\/wp-json\/wp\/v2\/posts"}],"about":[{"href":"https:\/\/www.europesays.com\/fr\/wp-json\/wp\/v2\/types\/post"}],"author":[{"embeddable":true,"href":"https:\/\/www.europesays.com\/fr\/wp-json\/wp\/v2\/users\/2"}],"replies":[{"embeddable":true,"href":"https:\/\/www.europesays.com\/fr\/wp-json\/wp\/v2\/comments?post=590338"}],"version-history":[{"count":0,"href":"https:\/\/www.europesays.com\/fr\/wp-json\/wp\/v2\/posts\/590338\/revisions"}],"wp:featuredmedia":[{"embeddable":true,"href":"https:\/\/www.europesays.com\/fr\/wp-json\/wp\/v2\/media\/590339"}],"wp:attachment":[{"href":"https:\/\/www.europesays.com\/fr\/wp-json\/wp\/v2\/media?parent=590338"}],"wp:term":[{"taxonomy":"category","embeddable":true,"href":"https:\/\/www.europesays.com\/fr\/wp-json\/wp\/v2\/categories?post=590338"},{"taxonomy":"post_tag","embeddable":true,"href":"https:\/\/www.europesays.com\/fr\/wp-json\/wp\/v2\/tags?post=590338"}],"curies":[{"name":"wp","href":"https:\/\/api.w.org\/{rel}","templated":true}]}}