{"id":590342,"date":"2025-12-10T09:15:15","date_gmt":"2025-12-10T09:15:15","guid":{"rendered":"https:\/\/www.europesays.com\/fr\/590342\/"},"modified":"2025-12-10T09:15:15","modified_gmt":"2025-12-10T09:15:15","slug":"pierre-garnier-enflamme-laccor-arena-avec-orelsan-oli-et-matt-pokora-pour-la-fin-de-sa-tournee","status":"publish","type":"post","link":"https:\/\/www.europesays.com\/fr\/590342\/","title":{"rendered":"Pierre Garnier enflamme l&rsquo;Accor Arena avec Orelsan, Oli et Matt Pokora pour la fin de sa tourn\u00e9e"},"content":{"rendered":"<p>Ce mardi 9 d\u00e9cembre, le grand gagnant de la \u00ab\u00a0Star Academy\u00a0\u00bb 2023 franchissait une \u00e9tape dans sa carri\u00e8re en investissant pour la premi\u00e8re fois l&rsquo;Accor Arena de Paris. Devant 15.000 spectateurs, l&rsquo;artiste a c\u00e9l\u00e9br\u00e9 la fin de sa tourn\u00e9e Chaque Seconde, d\u00e9but\u00e9e en janvier, avec de nombreuses surprises.<\/p>\n<p>En juin 2024, <a href=\"https:\/\/www.bfmtv.com\/police-justice\/on-aimerait-qu-il-fasse-une-video-le-fils-d-une-septuagenaire-arnaquee-par-un-faux-pierre-garnier-lance-un-appel-au-gagnant-de-la-star-academy_AV-202511190198.html\" title=\"&quot;On aimerait qu&#039;il fasse une vid\u00e9o&quot;: le fils d&#039;une septuag\u00e9naire, arnaqu\u00e9e par un faux Pierre Garnier, lance un appel au gagnant de la Star Academy\" class=\"internal_link\" target=\"_blank\" rel=\"noopener\">Pierre Garnier<\/a> montait pour la premi\u00e8re fois sur la sc\u00e8ne de l&rsquo;Accor Arena de Paris pour la tourn\u00e9e de la Star Academy. Tout juste aur\u00e9ol\u00e9 de sa victoire au t\u00e9l\u00e9crochet de TF1, l&rsquo;artiste de 23 ans y chantait son tube, <a href=\"https:\/\/www.bfmtv.com\/people\/musique\/les-secrets-des-tubes-ceux-qu-on-etait-de-pierre-garnier_AN-202508020001.html\" title=\"Les secrets des tubes: &quot;Ceux qu&#039;on \u00e9tait&quot; de Pierre Garnier\" class=\"internal_link\" target=\"_blank\" rel=\"noopener\">Ceux qu&rsquo;on \u00e9tait<\/a>, encore surpris \u00e0 l&rsquo;\u00e9poque par l&rsquo;ampleur du ph\u00e9nom\u00e8ne.<\/p>\n<p>Un an et demi plus tard, le voil\u00e0 de retour dans cette m\u00eame salle parisienne ce mardi 9 d\u00e9cembre, mais cette fois en t\u00eate d&rsquo;affiche devant 15.000 personnes. Cette soir\u00e9e, film\u00e9e pour une diffusion sur TFX le 23 d\u00e9cembre, marque \u00e9galement la fin de sa tourn\u00e9e marathon Chaque Seconde qui s\u2019ach\u00e8vera le 16 d\u00e9cembre \u00e0 Rouen.<\/p>\n<p>Une \u00e9tape symbolique et une v\u00e9ritable cons\u00e9cration pour Pierre Garnier, apr\u00e8s deux ann\u00e9es de succ\u00e8s, marqu\u00e9es par <a href=\"https:\/\/www.bfmtv.com\/people\/musique\/pierre-garnier-revelation-masculine-aux-40e-victoires-de-la-musique_AD-202502140964.html\" title=\"Pierre Garnier, r\u00e9v\u00e9lation masculine aux 40e Victoires de la Musique\" class=\"internal_link\" target=\"_blank\" rel=\"noopener\">deux Victoires de la musique<\/a>, un triple disque de platine et pr\u00e8s d&rsquo;une centaine de dates en France, en Belgique et en Suisse.<\/p>\n<p>\u00ab\u00a0Je suis un peu votre sortie en famille du mardi\u00a0\u00bb<\/p>\n<p>Acclam\u00e9 sur sc\u00e8ne d\u00e8s son arriv\u00e9e, Pierre Garnier ouvre le show \u00e0 20h50 avec Comment faire, accompagn\u00e9 par quatre musiciens et deux choristes, avant d&rsquo;attaquer les titres phares de son album: Comme toi, Ce qui me va et \u00c0 mes c\u00f4t\u00e9s, que les fans connaissent par c\u0153ur.<\/p>\n<blockquote class=\"embed embed_quote\"><p>\u00ab\u00a0Qu&rsquo;est ce qu&rsquo;ils sont chauds ce soir! \u00c7a commence tr\u00e8s tr\u00e8s fort, vous \u00eates incroyables\u00a0\u00bb, confie Pierre Garnier, entre deux morceaux, sous les acclamations constantes du public.<\/p><\/blockquote>\n<p>Dans les gradins comme dans la fosse, l&rsquo;ambiance est \u00e9lectrique. Le public, majoritairement f\u00e9minin et tr\u00e8s familial, arbore t-shirts, pancartes et \u00e9charpes \u00e0 l&rsquo;effigie de l&rsquo;artiste. \u00ab\u00a0Je suis un peu votre sortie en famille du mardi\u00a0\u00bb, plaisante Pierre Garnier, avant de poursuivre avec Tout en mieux et Pas une larme, \u00ab\u00a0le tout premier morceau que j\u2019ai \u00e9crit\u00a0\u00bb, glisse-t-il.<\/p>\n<p>L&rsquo;artiste encha\u00eene avec le tube qui l&rsquo;a r\u00e9v\u00e9l\u00e9, Ceux qu\u2019on \u00e9tait, premier temps fort de la soir\u00e9e. Il est rapidement rejoint sur sc\u00e8ne par ses acolytes normands, <a href=\"https:\/\/www.bfmtv.com\/normandie\/replay-emissions\/bonsoir-la-normandie\/c-est-une-histoire-normande-le-chanteur-joseph-kamel-revient-sur-sa-rencontre-avec-pierre-garnier_VN-202403220429.html\" title=\"&quot;C&#039;est une histoire normande&quot;: le chanteur Joseph Kamel revient sur sa rencontre avec Pierre Garnier\" class=\"internal_link\" target=\"_blank\" rel=\"noopener\">Joseph Kamel<\/a> et Daisy &#8211; co-auteurs et co-compositeurs du morceau &#8211; tandis que les 15.000 fans pr\u00e9sents reprennent le titre en ch\u0153ur.<\/p>\n<p>Orelsan et Oli parmi les invit\u00e9s<\/p>\n<p>Pour f\u00eater son premier concert \u00e0 l&rsquo;Accor Arena et la fin de sa tourn\u00e9e, Pierre Garnier a r\u00e9serv\u00e9 \u00e0 ses fans une soir\u00e9e m\u00e9morable, ponctu\u00e9e de collaborations exceptionnelles. Lors du show, l&rsquo;artiste convie notamment Oli sur sc\u00e8ne pour une version commune du titre Sur la lune de <a href=\"https:\/\/www.bfmtv.com\/people\/musique\/bigflo-et-oli-annoncent-karma-leur-prochain-album_AN-202512080803.html\" title=\"Bigflo et Oli annoncent &quot;Karma&quot;, leur prochain album\" class=\"internal_link\" target=\"_blank\" rel=\"noopener\">Bigflo et Oli<\/a>. \u00ab\u00a0Ce gars est un mec en or sur sc\u00e8ne et en dehors. C&rsquo;est rare et \u00e7a fait du bien\u00a0\u00bb, salue Oli \u00e0 la fin de la prestation.<\/p>\n<p>L&rsquo;\u00e9motion monte ensuite d&rsquo;un cran lorsque Pierre Garnier \u00e9voque ses racines normandes: \u00ab\u00a0Je suis n\u00e9 dans une ville qui s&rsquo;appelle Caen et je suis tr\u00e8s fier de cette ville. J&rsquo;ai envie de chanter une chanson qui repr\u00e9sente ma Normandie\u00a0\u00bb. Surprise: le rappeur normand <a href=\"https:\/\/www.bfmtv.com\/people\/cinema\/un-an-dans-l-armure-orelsan-devoile-les-coulisses-de-la-creation-de-yoroi-dans-un-documentaire_AN-202511280129.html\" title=\"&quot;Un an dans l\u2019armure&quot;: Orelsan d\u00e9voile les coulisses de la cr\u00e9ation de &quot;Yoro\u00ef&quot; dans un documentaire\" class=\"internal_link\" target=\"_blank\" rel=\"noopener\">Orelsan<\/a> fait alors irruption sur sc\u00e8ne afin d&rsquo;interpr\u00e9ter avec lui son tube, La terre est ronde, pour le plus grand plaisir des fans.<\/p>\n<blockquote class=\"embed embed_quote\"><p>\u00ab\u00a0Vous \u00eates incroyables. Ce soir et je ne le dis pas tous les soirs, vous avez l\u2019air gentils. J&rsquo;ai l&rsquo;impression qu&rsquo;on passe un moment entre potes\u00a0\u00bb, lance-t-il \u00e0 son audience conquise.<\/p><\/blockquote>\n<p>\u00ab\u00a0Vous voulez que je vienne faire la f\u00eate avec vous?\u00a0\u00bb demande-t-il ensuite avant de descendre dans la fosse. Lors de ce moment, plus intime, Pierre Garnier s&rsquo;installe sur une plateforme mobile, install\u00e9e au milieu de la salle et \u00e9quip\u00e9e d&rsquo;un piano. L\u00e0, il encha\u00eene des reprises d&rsquo;Ad\u00e8le et Lewis Capaldi puis de son titre Adieu nous deux en piano-voix, avant de quitter la sc\u00e8ne.<\/p>\n<p>Surprise des fans<\/p>\n<p>Sous les clameurs de la foule, Pierre Garnier revient rapidement pour un rappel avec son titre aux sonorit\u00e9s gospel, L&rsquo;Horizon. Nouvelle surprise: <a href=\"https:\/\/www.bfmtv.com\/people\/la-polemique-est-completement-oubliee-matt-pokora-revient-sur-le-tournage-controverse-du-telefilm-oradour_AN-202511280682.html\" title=\"&quot;La pol\u00e9mique est compl\u00e8tement oubli\u00e9e&quot;: Matt Pokora revient sur le tournage controvers\u00e9 du t\u00e9l\u00e9film &quot;Oradour&quot;\" class=\"internal_link\" target=\"_blank\" rel=\"noopener\">Matt Pokora<\/a> le rejoint ensuite pour interpr\u00e9ter ensemble la chanson Chaque Seconde.<\/p>\n<p>Mais le public de Pierre avait lui aussi pr\u00e9par\u00e9 une belle attention \u00e0 son artiste pr\u00e9f\u00e9r\u00e9. Depuis cet \u00e9t\u00e9, plusieurs centaines de fans- qui se sont rencontr\u00e9s via les r\u00e9seaux sociaux &#8211; s&rsquo;\u00e9taient organis\u00e9s pour mettre en place un projet lumineux lors de ce concert.<\/p>\n<p>R\u00e9sulat, gr\u00e2ce \u00e0 une application synchronis\u00e9e, les t\u00e9l\u00e9phones se sont mis \u00e0 clignoter \u00e0 l&rsquo;unisson pendant Chaque Seconde, cr\u00e9ant une mer de lumi\u00e8res color\u00e9es dans l&rsquo;Accor Arena. Des flyers avaient \u00e9t\u00e9 distribu\u00e9s en amont par les fans devant la salle pour expliquer la d\u00e9marche.<\/p>\n<blockquote class=\"embed embed_quote\"><p>\u00ab\u00a0C&rsquo;\u00e9tait important pour nous d&rsquo;organiser ce projet car on voulait marquer le coup pour une date comme celle-ci\u00a0\u00bb, confie l&rsquo;une des cinq fans \u00e0 l&rsquo;origine du projet. \u00ab\u00a0On voulait ajouter notre petite contribution faite par les fans pour remercier Pierre qui nous a beaucoup donn\u00e9 cette ann\u00e9e\u00a0\u00bb.<\/p><\/blockquote>\n<p>\u00ab\u00a0Je suis triste de vous quitter\u00a0\u00bb<\/p>\n<p>Apr\u00e8s deux heures de show, vient alors le moment pour Pierre Garnier de dire adieu \u00e0 ses fans. Avant d&rsquo;interpr\u00e9ter une derni\u00e8re fois Ceux qu&rsquo;on \u00e9tait pour clore cette soir\u00e9e \u00e0 l&rsquo;Accor Arena, Pierre Garnier se laisse aller \u00e0 l&rsquo;\u00e9motion. \u00ab\u00a0Je me suis dit hier soir, allez, je pr\u00e9pare un discours, \u00e7a va \u00eatre carr\u00e9&#8230; J&rsquo;ai rien fait\u00a0\u00bb, confie-t-il avec humour.<\/p>\n<blockquote class=\"embed embed_quote\"><p>Puis les mots viennent, spontan\u00e9s et sinc\u00e8res: \u00ab\u00a0\u00c7a fait depuis que je suis tout petit que je r\u00eave de moment comme \u00e7a et que je r\u00eave de faire de la musique mon m\u00e9tier (&#8230;) et franchement merci. Vous pouvez pas me rendre plus heureux que de venir, d&rsquo;\u00e9couter mes chansons, d&rsquo;\u00eatre aussi bienveillant avec moi\u00a0\u00bb.<\/p><\/blockquote>\n<p>\u00ab\u00a0Je pensais que j&rsquo;allais pleurer d&rsquo;un coup, mais en fait pas du tout, j&rsquo;ai trop d&rsquo;adr\u00e9naline. Je pense que je vais pleurer six mois apr\u00e8s\u00a0\u00bb, confie-t-il. Et le chanteur de conclure, non sans \u00e9motions: \u00ab\u00a0Je suis triste de vous quitter, m\u00eame si \u00e7a va me faire du bien de me reposer quand m\u00eame. J&rsquo;ai h\u00e2te de vous retrouver et de revivre des moments comme \u00e7a, parce qu&rsquo;au fond de moi, j&rsquo;en \u00e9tais pas s\u00fbr jusqu&rsquo;\u00e0 maintenant, mais je crois que j&rsquo;ai envie de faire \u00e7a toute ma vie\u00a0\u00bb.<\/p>\n<p>Dans l&rsquo;Accor Arena, les applaudissements qui suivent ressemblent \u00e0 une promesse silencieuse: la tourn\u00e9e Chaque Seconde se termine bient\u00f4t, mais l&rsquo;histoire entre Pierre Garnier et son public, elle, ne fait que commencer.<\/p>\n","protected":false},"excerpt":{"rendered":"Ce mardi 9 d\u00e9cembre, le grand gagnant de la \u00ab\u00a0Star Academy\u00a0\u00bb 2023 franchissait une \u00e9tape dans sa carri\u00e8re&hellip;\n","protected":false},"author":2,"featured_media":590343,"comment_status":"","ping_status":"","sticky":false,"template":"","format":"standard","meta":{"footnotes":""},"categories":[1355],"tags":[58,59,1011,27,1361,873],"class_list":{"0":"post-590342","1":"post","2":"type-post","3":"status-publish","4":"format-standard","5":"has-post-thumbnail","7":"category-musique","8":"tag-divertissement","9":"tag-entertainment","10":"tag-fr","11":"tag-france","12":"tag-music","13":"tag-musique"},"share_on_mastodon":{"url":"https:\/\/pubeurope.com\/@fr\/115694516635915730","error":""},"_links":{"self":[{"href":"https:\/\/www.europesays.com\/fr\/wp-json\/wp\/v2\/posts\/590342","targetHints":{"allow":["GET"]}}],"collection":[{"href":"https:\/\/www.europesays.com\/fr\/wp-json\/wp\/v2\/posts"}],"about":[{"href":"https:\/\/www.europesays.com\/fr\/wp-json\/wp\/v2\/types\/post"}],"author":[{"embeddable":true,"href":"https:\/\/www.europesays.com\/fr\/wp-json\/wp\/v2\/users\/2"}],"replies":[{"embeddable":true,"href":"https:\/\/www.europesays.com\/fr\/wp-json\/wp\/v2\/comments?post=590342"}],"version-history":[{"count":0,"href":"https:\/\/www.europesays.com\/fr\/wp-json\/wp\/v2\/posts\/590342\/revisions"}],"wp:featuredmedia":[{"embeddable":true,"href":"https:\/\/www.europesays.com\/fr\/wp-json\/wp\/v2\/media\/590343"}],"wp:attachment":[{"href":"https:\/\/www.europesays.com\/fr\/wp-json\/wp\/v2\/media?parent=590342"}],"wp:term":[{"taxonomy":"category","embeddable":true,"href":"https:\/\/www.europesays.com\/fr\/wp-json\/wp\/v2\/categories?post=590342"},{"taxonomy":"post_tag","embeddable":true,"href":"https:\/\/www.europesays.com\/fr\/wp-json\/wp\/v2\/tags?post=590342"}],"curies":[{"name":"wp","href":"https:\/\/api.w.org\/{rel}","templated":true}]}}