{"id":590344,"date":"2025-12-10T09:16:15","date_gmt":"2025-12-10T09:16:15","guid":{"rendered":"https:\/\/www.europesays.com\/fr\/590344\/"},"modified":"2025-12-10T09:16:15","modified_gmt":"2025-12-10T09:16:15","slug":"animal-totem-nen-fait-qua-sa-quete-liberation","status":"publish","type":"post","link":"https:\/\/www.europesays.com\/fr\/590344\/","title":{"rendered":"\u00abAnimal totem\u00bb n\u2019en fait qu\u2019\u00e0 sa qu\u00eate &#8211; Lib\u00e9ration"},"content":{"rendered":"<ol>\n<li><a href=\"https:\/\/news.google.com\/rss\/articles\/CBMisgFBVV95cUxPWWFibVRmSF9nY1RyMmMxZ19CcmFpLVFsS2hEMjBnQ3VlaDIxTHlXSEMwdWwxU3hLbTJ3RTktQ000MHVXZG1US0J0UlIza09UenFKRU5DbFpVS08zTlE0NEE3WVAzMUY3Q0xCTFlaVUNHUHZ5MTJ3VEU1SWUtdnZRQmkzQkg0TWpvT1hCR0pBNUQ5YzRJbmhkcVNJdDUxQ1BFQzBSb3I1VHp0ZU83ZzRHRDRB?oc=5\" target=\"_blank\" rel=\"noopener\">\u00abAnimal totem\u00bb n\u2019en fait qu\u2019\u00e0 sa qu\u00eate<\/a>&nbsp;&nbsp;Lib\u00e9ration<\/li>\n<li><a href=\"https:\/\/news.google.com\/rss\/articles\/CBMi-wFBVV95cUxQRk1TV0l0VE5DVEtET003SXRnY19fZHBFckdmUm9ocnFxandrQVF2NTR4OE5NN1h6ZmxHUmtXa18wMnFWeXdHam9NY2Zqay05RWdxOVJFMHNBeW15S2RMSXd5WmNCM28yVlcySWtVNkpqd3dkMnhsSkxwOGg1V19CV2dWQnhGMzFhdkFaeV9IZTBqcFRGSVBzb1JFUjZydmsyZkdpMV9iUnRZU2stU25tVnYzR2NwY1NJZllfSDhWSkNPR0xoWVlFdVBxelRJbXpWVGdKSmprUlZreTVQWXBnenlIUFZYQ3pla1Q4em1KNGJnY0xwMmVfOGdnZw?oc=5\" target=\"_blank\" rel=\"noopener\">Dans \u00ab Animal totem \u00bb, Samir Guesmi incarne un militant radical et loufoque contre les patrons pollueurs<\/a>&nbsp;&nbsp;Le Monde.fr<\/li>\n<li><a href=\"https:\/\/news.google.com\/rss\/articles\/CBMihgJBVV95cUxNcEVvYnZHVHNXN2RSMEZpYVVNdnNBVnIyeTcxVFRNTzU0M1NsREVLc2JyUGpKR2FJVUI0RWJFaE9faTdqdGlFZWZQVFl6cy03S2ZFRnB6ZE1OUU1KbEY5S0U5OHo3ZWxmVVFGQVpUS0l4UnhaOXFSUEU0Y2FRV3pfNExnY3dQN29KMzJBZ2dJNFFJM2ZjUVBFa081STJjR0k1aVlNOExUUUI5cUlzdlY2bkdJUFNJV1l5ekphRmNHQkN5R2NXcEl4Z0dKT1BJcnBMeFJEQzUzRVljOS13dXZjQk1FVGxRVWZiUDdTMk1CS3ZPblRPT29vSHhXbVpyUVlkVTIwV293?oc=5\" target=\"_blank\" rel=\"noopener\">L\u2019entretien sportif du mercredi | Tir \u00e0 l\u2019arc L\u2019archer franc-comtois Jean-Charles Valladont dans le film Animal Totem , de Beno\u00eet Del\u00e9pine : \u00ab Un m\u00e9lange de conte et de western \u00bb<\/a>&nbsp;&nbsp;L&rsquo;Est R\u00e9publicain<\/li>\n<li><a href=\"https:\/\/news.google.com\/rss\/articles\/CBMiqAFBVV95cUxNWGFyV0RHS1VLZGVzV3gwOUFkN0VwTU1nbUhONktua3BoTGNrN2NqTTFTMGQ0dlJvSGVXYlVoOHpubElCT3BaekZrQXJCVUY5cHNQTzI2LVJ0WFQtMDZzdE8wRmNhNm1NWl9pRUdBSk1RdzhyNmRyRG5Ib1R1a19DSHhGdllyV256dEwzYnhyU3pmbVJKcFV6WXJVWnZoSGYyNlQyc2dIc28?oc=5\" target=\"_blank\" rel=\"noopener\">Notre critique d\u2019 Animal totem, un monsieur Hulot tendance \u00e9colo<\/a>&nbsp;&nbsp;Le Figaro<\/li>\n<li><a href=\"https:\/\/news.google.com\/rss\/articles\/CBMi_wFBVV95cUxPVHRTM1N3Ym9nLWlYV1NlN0t6N2JBckZNeTFEYmVZeFI2MDk5bDRhODBtcXo3Mk9uQksxempxYlRaaVRCRVZKWHNRWV9XTzYyOTE4Uk52dGdoNFdlMmwzYzVVanpXdWlVX1U5OVZVVUZIdmp0bHEzVEt4MkV3bkkzRVJwZUFOZHRPZHVxN3RQRU94TVdMT2FiUUdNMVJrQXVLM2x5WlM1dkx1Um5IY3hhZkdNM3YyZU0yU005bU80TDRYTW5SMmliRkZUcVhDdS1mSkoyWWlUTTV6RktJMEpyUDF3cE1vN1JMeHlYY0xPNkVSdXFQN1JJRE5vVHpHdnM?oc=5\" target=\"_blank\" rel=\"noopener\">M\u00e9daill\u00e9 olympique, l&rsquo;archer n\u00eemois Jean-Charles Valladont acteur dans le dernier film au cin\u00e9ma de Benoit Del\u00e9pine<\/a>&nbsp;&nbsp;francebleu.fr<\/li>\n<\/ol>\n","protected":false},"excerpt":{"rendered":"\u00abAnimal totem\u00bb n\u2019en fait qu\u2019\u00e0 sa qu\u00eate&nbsp;&nbsp;Lib\u00e9ration Dans \u00ab Animal totem \u00bb, Samir Guesmi incarne un militant radical&hellip;\n","protected":false},"author":2,"featured_media":590345,"comment_status":"","ping_status":"","sticky":false,"template":"","format":"standard","meta":{"footnotes":""},"categories":[1354],"tags":[58,59,1346,1011,27,1360],"class_list":{"0":"post-590344","1":"post","2":"type-post","3":"status-publish","4":"format-standard","5":"has-post-thumbnail","7":"category-films","8":"tag-divertissement","9":"tag-entertainment","10":"tag-films","11":"tag-fr","12":"tag-france","13":"tag-movies"},"share_on_mastodon":{"url":"https:\/\/pubeurope.com\/@fr\/115694520577420140","error":""},"_links":{"self":[{"href":"https:\/\/www.europesays.com\/fr\/wp-json\/wp\/v2\/posts\/590344","targetHints":{"allow":["GET"]}}],"collection":[{"href":"https:\/\/www.europesays.com\/fr\/wp-json\/wp\/v2\/posts"}],"about":[{"href":"https:\/\/www.europesays.com\/fr\/wp-json\/wp\/v2\/types\/post"}],"author":[{"embeddable":true,"href":"https:\/\/www.europesays.com\/fr\/wp-json\/wp\/v2\/users\/2"}],"replies":[{"embeddable":true,"href":"https:\/\/www.europesays.com\/fr\/wp-json\/wp\/v2\/comments?post=590344"}],"version-history":[{"count":0,"href":"https:\/\/www.europesays.com\/fr\/wp-json\/wp\/v2\/posts\/590344\/revisions"}],"wp:featuredmedia":[{"embeddable":true,"href":"https:\/\/www.europesays.com\/fr\/wp-json\/wp\/v2\/media\/590345"}],"wp:attachment":[{"href":"https:\/\/www.europesays.com\/fr\/wp-json\/wp\/v2\/media?parent=590344"}],"wp:term":[{"taxonomy":"category","embeddable":true,"href":"https:\/\/www.europesays.com\/fr\/wp-json\/wp\/v2\/categories?post=590344"},{"taxonomy":"post_tag","embeddable":true,"href":"https:\/\/www.europesays.com\/fr\/wp-json\/wp\/v2\/tags?post=590344"}],"curies":[{"name":"wp","href":"https:\/\/api.w.org\/{rel}","templated":true}]}}