{"id":590348,"date":"2025-12-10T09:18:12","date_gmt":"2025-12-10T09:18:12","guid":{"rendered":"https:\/\/www.europesays.com\/fr\/590348\/"},"modified":"2025-12-10T09:18:12","modified_gmt":"2025-12-10T09:18:12","slug":"un-accord-existe-avec-jurgen-klopp","status":"publish","type":"post","link":"https:\/\/www.europesays.com\/fr\/590348\/","title":{"rendered":"un accord existe avec J\u00fcrgen Klopp !"},"content":{"rendered":"<p><a href=\"https:\/\/www.footmercato.net\/live\/3094760472330410399-real-madrid-vs-manchester-city\" target=\"_blank\" rel=\"noopener\">Ce match de Ligue des Champions entre Manchester City et le Real Madrid<\/a> au Bernab\u00e9u peut sceller, en cas de mauvais r\u00e9sultat pour les Merengues, l\u2019avenir de Xabi Alonso sur le banc madril\u00e8ne. La presse espagnole sp\u00e9cule d\u2019ailleurs d\u00e9j\u00e0 sur son rempla\u00e7ant, avec le nom d\u2019Alvaro Arbeloa qui revient tr\u00e8s souvent, mais aussi ceux de Zinedine Zidane ou <a href=\"https:\/\/www.footmercato.net\/entraineur\/jurgen-klopp\" target=\"_blank\" rel=\"noopener\">J\u00fcrgen Klopp<\/a>.<\/p>\n<p>            La suite apr\u00e8s cette publicit\u00e9<\/p>\n<p>Actuellement dirigeant pour le groupe Red Bull, l\u2019entra\u00eeneur allemand a d\u2019ailleurs paraph\u00e9 un accord avec son employeur actuel. Selon <a href=\"https:\/\/defensacentral.com\/fichajes\/klopp-tiene-acuerdo-fichar-por-real-madrid_326808_102.html\" target=\"_blank\" rel=\"noopener\">Defensa Central<\/a>, il lui permettrait de quitter ses fonctions librement dans le cas o\u00f9 un gros club europ\u00e9en ou la s\u00e9lection allemande venaient taper \u00e0 la porte. Reste d\u00e9sormais \u00e0 savoir si l\u2019ancien de Liverpool sera int\u00e9ress\u00e9 par une \u00e9ventuelle proposition madril\u00e8ne\u2026<\/p>\n<p>Toute la 6\u1d49 journ\u00e9e de Ligue des Champions est disponible sur les cha\u00eenes CANAL+. <a href=\"https:\/\/ad.doubleclick.net\/ddm\/trackclk\/N6600.276174.FOOTMERCATO\/B32945308.412572872;dc_trk_aid=604777473;dc_trk_cid=228470231;dc_lat=;dc_rdid=;tag_for_child_directed_treatment=;tfua=;gdpr=${GDPR};gdpr_consent=${GDPR_CONSENT_755};ltd=;dc_tdv=1\" class=\"textBlue\" target=\"_blank\" rel=\"noopener\">Cliquez ici pour vous abonner et acc\u00e9der aux matchs.<\/a><\/p>\n<p>\n    Pub. le 10\/12\/2025 09:07<br \/>\n            &#8211; MAJ le 10\/12\/2025 10:15\n    <\/p>\n","protected":false},"excerpt":{"rendered":"Ce match de Ligue des Champions entre Manchester City et le Real Madrid au Bernab\u00e9u peut sceller, en&hellip;\n","protected":false},"author":2,"featured_media":590349,"comment_status":"","ping_status":"","sticky":false,"template":"","format":"standard","meta":{"footnotes":""},"categories":[9],"tags":[1011,27,60],"class_list":{"0":"post-590348","1":"post","2":"type-post","3":"status-publish","4":"format-standard","5":"has-post-thumbnail","7":"category-sports","8":"tag-fr","9":"tag-france","10":"tag-sports"},"share_on_mastodon":{"url":"https:\/\/pubeurope.com\/@fr\/115694528668894513","error":""},"_links":{"self":[{"href":"https:\/\/www.europesays.com\/fr\/wp-json\/wp\/v2\/posts\/590348","targetHints":{"allow":["GET"]}}],"collection":[{"href":"https:\/\/www.europesays.com\/fr\/wp-json\/wp\/v2\/posts"}],"about":[{"href":"https:\/\/www.europesays.com\/fr\/wp-json\/wp\/v2\/types\/post"}],"author":[{"embeddable":true,"href":"https:\/\/www.europesays.com\/fr\/wp-json\/wp\/v2\/users\/2"}],"replies":[{"embeddable":true,"href":"https:\/\/www.europesays.com\/fr\/wp-json\/wp\/v2\/comments?post=590348"}],"version-history":[{"count":0,"href":"https:\/\/www.europesays.com\/fr\/wp-json\/wp\/v2\/posts\/590348\/revisions"}],"wp:featuredmedia":[{"embeddable":true,"href":"https:\/\/www.europesays.com\/fr\/wp-json\/wp\/v2\/media\/590349"}],"wp:attachment":[{"href":"https:\/\/www.europesays.com\/fr\/wp-json\/wp\/v2\/media?parent=590348"}],"wp:term":[{"taxonomy":"category","embeddable":true,"href":"https:\/\/www.europesays.com\/fr\/wp-json\/wp\/v2\/categories?post=590348"},{"taxonomy":"post_tag","embeddable":true,"href":"https:\/\/www.europesays.com\/fr\/wp-json\/wp\/v2\/tags?post=590348"}],"curies":[{"name":"wp","href":"https:\/\/api.w.org\/{rel}","templated":true}]}}