{"id":590350,"date":"2025-12-10T09:19:22","date_gmt":"2025-12-10T09:19:22","guid":{"rendered":"https:\/\/www.europesays.com\/fr\/590350\/"},"modified":"2025-12-10T09:19:22","modified_gmt":"2025-12-10T09:19:22","slug":"audiences-tom-et-lola-indetronables-sur-france-3-catastrophe-pour-le-debat-sur-la-laicite-de-france-2","status":"publish","type":"post","link":"https:\/\/www.europesays.com\/fr\/590350\/","title":{"rendered":"Audiences : \u00ab\u00a0Tom et Lola\u00a0\u00bb ind\u00e9tr\u00f4nables sur France 3, catastrophe pour le d\u00e9bat sur la la\u00efcit\u00e9 de France 2"},"content":{"rendered":"<p>                <img loading=\"lazy\" decoding=\"async\" src=\"https:\/\/www.europesays.com\/fr\/wp-content\/uploads\/2025\/04\/89-665d8e735540a-35x35-1.jpg\" class=\"author-article-picture\" width=\"35\" height=\"35\"\/><\/p>\n<p>                    Par<\/p>\n<p>                                            <a class=\"author-article-bio-link\" href=\"https:\/\/www.ozap.com\/auteur\/lea-stassinet_a89\" target=\"_blank\" rel=\"noopener\">L\u00e9a Stassinet<\/a><\/p>\n<p>                    |<\/p>\n<p>                                            Journaliste<\/p>\n<p>\n                Venue du royaume d'\u00a0\u00bbIntervilles\u00a0\u00bb (Mont-de-Marsan), L\u00e9a Stassinet a \u00e9t\u00e9 berc\u00e9e par la \u00ab\u00a0Nouvelle Star\u00a0\u00bb. Elle ne rate jamais les C\u00e9sar ni l\u2019Eurovision, synonymes de soir\u00e9e pronostics entre amis. Passionn\u00e9e de tennis et de politique, elle suit toutes les soir\u00e9es \u00e9lectorales, sauf pendant Roland-Garros.\n            <\/p>\n<p>\n    \u00ab\u00a0Harry Potter et les Reliques de la mort : 2e partie\u00a0\u00bb, \u00ab\u00a0La\u00efcit\u00e9, l&rsquo;exception fran\u00e7aise &#8211; 120 ans, et maintenant ?\u00a0\u00bb, \u00ab\u00a0Tom et Lola\u00a0\u00bb, \u00ab\u00a0La France a un incroyable talent\u00a0\u00bb&#8230; Les audiences de la soir\u00e9e du mardi 9 d\u00e9cembre 2025.\n<\/p>\n<p>                            <img loading=\"lazy\" decoding=\"async\" class=\"player-thumbnail\" src=\"https:\/\/www.europesays.com\/fr\/wp-content\/uploads\/2025\/12\/eae05c9d863efa31-580x326-1.jpg\" width=\"580\" height=\"326\"\/><\/p>\n<p>                            Comment sont mesur\u00e9es les audiences t\u00e9l\u00e9 ?<\/p>\n<p>La suite apr\u00e8s la publicit\u00e9<\/p>\n<p>                            <img decoding=\"async\" class=\"article-audience-img\" src=\"https:\/\/www.europesays.com\/fr\/wp-content\/uploads\/2025\/04\/3.jpg\" alt=\"France 3\"\/><\/p>\n<p>\n                    TOM ET LOLA \\ PERDU DANS LES EAUX<br \/>\n                    SERIE\n                <\/p>\n<p>\n                    3 616 000 t\u00e9l\u00e9spectateurs\n                <\/p>\n<p>                            <img decoding=\"async\" class=\"article-audience-img\" src=\"https:\/\/www.europesays.com\/fr\/wp-content\/uploads\/2025\/04\/1.jpg\" alt=\"TF1\"\/><\/p>\n<p>\n                    HARRY POTTER ET LES RELIQUES DE LA MORT<br \/>\n                    FILM\n                <\/p>\n<p>\n                    2 584 000 t\u00e9l\u00e9spectateurs\n                <\/p>\n<p>                            <img decoding=\"async\" class=\"article-audience-img\" src=\"https:\/\/www.europesays.com\/fr\/wp-content\/uploads\/2025\/04\/6.jpg\" alt=\"M6\"\/><\/p>\n<p>\n                    LA FRANCE A UN INCROYABLE TALENT<br \/>\n                    JEU\n                <\/p>\n<p>\n                    2 847 000 t\u00e9l\u00e9spectateurs\n                <\/p>\n<p>                            <img decoding=\"async\" class=\"article-audience-img\" src=\"https:\/\/www.europesays.com\/fr\/wp-content\/uploads\/2025\/04\/2.jpg\" alt=\"France 2\"\/><\/p>\n<p>\n                    LAICITE, 120 ANS<br \/>\n                    MAGAZINE\n                <\/p>\n<p>\n                    906 000 t\u00e9l\u00e9spectateurs\n                <\/p>\n<p>                            <img decoding=\"async\" class=\"article-audience-img\" src=\"https:\/\/www.europesays.com\/fr\/wp-content\/uploads\/2025\/04\/533.jpg\" alt=\"Arte\"\/><\/p>\n<p>\n                    CELIBAT DES PRETRES, LE CALVAIRE DE L&rsquo;EGLISE<br \/>\n                    DOCUMENTAIRE\n                <\/p>\n<p>\n                    556 000 t\u00e9l\u00e9spectateurs\n                <\/p>\n<p>    M\u00e9diam\u00e9trie &#8211; M\u00e9diamat ; reproduction interdite, tous droits r\u00e9serv\u00e9s par M\u00e9diam\u00e9trie<\/p>\n<p>Ce mardi soir, \u00ab\u00a0Tom et Lola\u00a0\u00bb a une nouvelle fois permis \u00e0 France 3 de se classer en t\u00eate des audiences de la soir\u00e9e. Les \u00e9pisodes 5 et 6 de la saison 2 in\u00e9dite de la s\u00e9rie polici\u00e8re port\u00e9e par Dounia Coesens et Pierre-Yves Bon ont tenu en haleine en moyenne <strong>3,32 millions <\/strong>de fans, ce qui correspond \u00e0 <strong>18,4% <\/strong>de l&rsquo;ensemble du public et <strong>7,3%<\/strong> des Femmes responsables des achats \u00e2g\u00e9es de moins de 50 ans (FRDA-50), cible non prioritaire pour la cha\u00eene. Il y a une semaine, les \u00e9pisodes pr\u00e9c\u00e9dents avaient intrigu\u00e9<a href=\"https:\/\/www.ozap.com\/actu\/audiences-tom-et-lola-leader-en-baisse-sur-france-3-record-de-saison-pour-la-france-a-un-incroyable-talent-sur-m6\/652727\" target=\"_blank\" rel=\"noopener\"> 3,30 millions <\/a>d&rsquo;amateurs du genre, soit 19,3% du public et 5,9% des FRDA-50.<\/p>\n<p>La demi-finale de <a href=\"https:\/\/www.ozap.com\/actu\/on-leur-envoie-les-numeros-en-avance-comment-m6-et-la-production-de-la-france-a-un-incroyable-talent-briefent-les-juges-invites-des-quarts-de-finale\/652608\" target=\"_blank\" rel=\"noopener\">\u00ab\u00a0La France a un incroyable talent\u00a0\u00bb<\/a> arrive derri\u00e8re. L&rsquo;\u00e9mission pr\u00e9sent\u00e9e par <a href=\"https:\/\/www.ozap.com\/personnalite\/karine-le-marchand_e300\" target=\"_blank\" rel=\"noopener\">Karine Le Marchand<\/a> sur M6 et dans laquelle on retrouve le jury compos\u00e9 d&rsquo;Eric Antoine, H\u00e9l\u00e8ne Segara, Marianne James et Sugar Sammy a d&rsquo;abord fait diverti <strong>2,85 millions<\/strong> de t\u00e9l\u00e9spectateurs entre 21h12 et 22h11. Cela correspond \u00e0 <strong>14,9%<\/strong> des individus \u00e2g\u00e9s de 4 ans et plus et <strong>20,1% <\/strong>des FRDA-50. La deuxi\u00e8me moiti\u00e9 du programme et le d\u00e9nouement de cette demi-finale ont \u00e9t\u00e9 suivis par <strong>2,36 millions<\/strong> de t\u00e9l\u00e9spectateurs, soit <strong>16,5%<\/strong> du public et <strong>19,6% <\/strong>des FRDA-50. Mardi dernier, ils \u00e9taient d&rsquo;abord 2,99 millions \u00e0 suivre le 2e quart de finale de l&rsquo;\u00e9mission, ce qui correspondait \u00e0 16,4% du public et 20,8% des FRDA-50. 2,67 millions de fans, soit 19,2% de l&rsquo;ensemble du public et 21,5% des FRDA-50, \u00e9taient rest\u00e9s jusqu&rsquo;au bout, ce qui en faisait le prime le plus suivi de cette 20e saison.<\/p>\n<p>\u00ab\u00a0La France a un incroyable talent\u00a0\u00bb sur M6 : Qui sont les 10 finalistes de la saison 20 ?<\/p>\n<p>TF1 est troisi\u00e8me avec le dernier volet des aventures du sorcier le plus connu de la plan\u00e8te. \u00ab\u00a0Harry Potter et les Reliques de la mort : 2e partie\u00a0\u00bb, a \u00e9t\u00e9 suivi par <strong>2,58 millions<\/strong> de fans de la saga entre 21h14 et 23h20. Le long-m\u00e9trage r\u00e9alis\u00e9 par David Yates et adapt\u00e9 du livre de J.K. Rowling avec toujours Daniel Radcliffe, Emma Watson et Rupert Grint au casting a f\u00e9d\u00e9r\u00e9 <strong>15,5%<\/strong> du public pr\u00e9sent devant sa t\u00e9l\u00e9vision et <strong>27,7% <\/strong>des FRDA-50. Mardi dernier, le volet pr\u00e9c\u00e9dent avait captiv\u00e9 2,26 millions de t\u00e9l\u00e9spectateurs, soit 15,3% de l&rsquo;ensemble du public et 28,9% des FRDA-50.<\/p>\n<p>France 2 est loin derri\u00e8re avec son d\u00e9bat \u00ab\u00a0La\u00efcit\u00e9, l&rsquo;exception fran\u00e7aise &#8211; 120 ans, et maintenant ?\u00a0\u00bb, pr\u00e9sent\u00e9 par Caroline Roux. Depuis le Panth\u00e9on, o\u00f9 sont enterr\u00e9es les grandes figures de la R\u00e9publique, de Voltaire \u00e0 Victor Hugo, des historiens, des juristes et des philosophes mais aussi des politiques (Laurent Nunez) ou des com\u00e9diens (Fabrice Luchini) ont \u00e9chang\u00e9 sous l&rsquo;\u0153il de <strong>906.000<\/strong> t\u00e9l\u00e9spectateurs, ce qui \u00e9quivaut \u00e0 <strong>5,1%<\/strong> des individus \u00e2g\u00e9s de 4 ans et plus et <strong>1,5%<\/strong> des FRDA-50.\u00a0<\/p>\n<p>                            <img decoding=\"async\" class=\"article-audience-img\" src=\"https:\/\/www.europesays.com\/fr\/wp-content\/uploads\/2025\/04\/13.jpg\" alt=\"TMC\"\/><\/p>\n<p>\n                    90&prime; ENQUETES \\ CAMBRIOLAGES, VOLS ET AGRESSIONS<br \/>\n                    MAGAZINE\n                <\/p>\n<p>\n                    346 000 t\u00e9l\u00e9spectateurs\n                <\/p>\n<p>                            <img decoding=\"async\" class=\"article-audience-img\" src=\"https:\/\/www.europesays.com\/fr\/wp-content\/uploads\/2025\/04\/727.jpg\" alt=\"RMC D\u00e9couverte\"\/><\/p>\n<p>\n                    AIRBUS, LA TECHNO DES GEANTS DU CIEL<br \/>\n                    DOCUMENTAIRE\n                <\/p>\n<p>\n                    330 000 t\u00e9l\u00e9spectateurs\n                <\/p>\n<p>                            <img decoding=\"async\" class=\"article-audience-img\" src=\"https:\/\/www.europesays.com\/fr\/wp-content\/uploads\/2025\/10\/728.jpg\" alt=\"RMC Life\"\/><\/p>\n<p>\n                    COMMENT TUER SA MERE<br \/>\n                    FILM\n                <\/p>\n<p>\n                    307 000 t\u00e9l\u00e9spectateurs\n                <\/p>\n<p>                            <img decoding=\"async\" class=\"article-audience-img\" src=\"https:\/\/www.europesays.com\/fr\/wp-content\/uploads\/2025\/04\/336.jpg\" alt=\"W9\"\/><\/p>\n<p>\n                    LA PETITE HISTOIRE DE FRANCE<br \/>\n                    SERIE\n                <\/p>\n<p>\n                    296 000 t\u00e9l\u00e9spectateurs\n                <\/p>\n<p>                            <img decoding=\"async\" class=\"article-audience-img\" src=\"https:\/\/www.europesays.com\/fr\/wp-content\/uploads\/2025\/04\/726.jpg\" alt=\"RMC Story\"\/><\/p>\n<p>\n                    L&rsquo;ENIGME DES TEMOINS DE JEHOVAH<br \/>\n                    DOCUMENTAIRE\n                <\/p>\n<p>\n                    328 000 t\u00e9l\u00e9spectateurs\n                <\/p>\n<p>                            <img decoding=\"async\" class=\"article-audience-img\" src=\"https:\/\/www.europesays.com\/fr\/wp-content\/uploads\/2025\/04\/534.jpg\" alt=\"France 5\"\/><\/p>\n<p>\n                    CUISINE SOLIDAIRE : CA MIJOTE ENSEMBLE !<br \/>\n                    DOCUMENTAIRE\n                <\/p>\n<p>\n                    300 000 t\u00e9l\u00e9spectateurs\n                <\/p>\n<p>                            <img decoding=\"async\" class=\"article-audience-img\" src=\"https:\/\/www.europesays.com\/fr\/wp-content\/uploads\/2025\/04\/723.jpg\" alt=\"TF1 Series Film\"\/><\/p>\n<p>\n                    CAMPING PARADIS : INDIANA CAMPING<br \/>\n                    TELEFILM\n                <\/p>\n<p>\n                    231 000 t\u00e9l\u00e9spectateurs\n                <\/p>\n<p>                            <img decoding=\"async\" class=\"article-audience-img\" src=\"https:\/\/www.europesays.com\/fr\/wp-content\/uploads\/2025\/04\/43.jpg\" alt=\"TFX\"\/><\/p>\n<p>\n                    SUPER NANNY<br \/>\n                    DOCUMENTAIRE\n                <\/p>\n<p>\n                    220 000 t\u00e9l\u00e9spectateurs\n                <\/p>\n<p>                            <img decoding=\"async\" class=\"article-audience-img\" src=\"https:\/\/www.europesays.com\/fr\/wp-content\/uploads\/2025\/04\/499.jpg\" alt=\"CSTAR\"\/><\/p>\n<p>\n                    LES DUOS IMPOSSIBLES DE FERRARI 5EME EDITION<br \/>\n                    HUMOUR\n                <\/p>\n<p>\n                    198 000 t\u00e9l\u00e9spectateurs\n                <\/p>\n<p>                            <img decoding=\"async\" class=\"article-audience-img\" src=\"https:\/\/www.europesays.com\/fr\/wp-content\/uploads\/2025\/04\/725.jpg\" alt=\"6ter\"\/><\/p>\n<p>\n                    MAC GYVER \\ BOMBE A RETARDEMENT<br \/>\n                    SERIE\n                <\/p>\n<p>\n                    217 000 t\u00e9l\u00e9spectateurs\n                <\/p>\n<p>                            <img decoding=\"async\" class=\"article-audience-img\" src=\"https:\/\/www.europesays.com\/fr\/wp-content\/uploads\/2025\/04\/532.jpg\" alt=\"Gulli\"\/><\/p>\n<p>\n                    LUCKY LUKE : LES DALTON EN CAVALE<br \/>\n                    FILM\n                <\/p>\n<p>\n                    143 000 t\u00e9l\u00e9spectateurs\n                <\/p>\n<p>                            <img decoding=\"async\" class=\"article-audience-img\" src=\"https:\/\/www.europesays.com\/fr\/wp-content\/uploads\/2025\/04\/4.jpg\" alt=\"Canal+\"\/><\/p>\n<p>\n                    EMISSIONS CRYPTEES<br \/>\n                    AUTRES\n                <\/p>\n<p>\n                    38 000 t\u00e9l\u00e9spectateurs\n                <\/p>\n<p>    M\u00e9diam\u00e9trie &#8211; M\u00e9diamat ; reproduction interdite, tous droits r\u00e9serv\u00e9s par M\u00e9diam\u00e9trie<\/p>\n<p>Dans le reste de l&rsquo;offre en prime, il y avait peu de monde devant la TNT. Arte est 5e avec le documentaire \u00ab\u00a0C\u00e9libat des pr\u00eatres, le calvaire de l&rsquo;Eglise\u00a0\u00bb. Le film r\u00e9alis\u00e9 par Eric Colomer et R\u00e9mi B\u00e9nichou en 2022, a int\u00e9ress\u00e9 entre 21h et 22h40 <strong>556.000 <\/strong>t\u00e9l\u00e9spectateurs, soit <strong>3,0%<\/strong> de l&rsquo;ensemble du public.<\/p>\n","protected":false},"excerpt":{"rendered":"Par L\u00e9a Stassinet | Journaliste Venue du royaume d&rsquo;\u00a0\u00bbIntervilles\u00a0\u00bb (Mont-de-Marsan), L\u00e9a Stassinet a \u00e9t\u00e9 berc\u00e9e par la \u00ab\u00a0Nouvelle&hellip;\n","protected":false},"author":2,"featured_media":590351,"comment_status":"","ping_status":"","sticky":false,"template":"","format":"standard","meta":{"footnotes":""},"categories":[8],"tags":[58,59,1011,27],"class_list":{"0":"post-590350","1":"post","2":"type-post","3":"status-publish","4":"format-standard","5":"has-post-thumbnail","7":"category-divertissement","8":"tag-divertissement","9":"tag-entertainment","10":"tag-fr","11":"tag-france"},"share_on_mastodon":{"url":"https:\/\/pubeurope.com\/@fr\/115694534632794180","error":""},"_links":{"self":[{"href":"https:\/\/www.europesays.com\/fr\/wp-json\/wp\/v2\/posts\/590350","targetHints":{"allow":["GET"]}}],"collection":[{"href":"https:\/\/www.europesays.com\/fr\/wp-json\/wp\/v2\/posts"}],"about":[{"href":"https:\/\/www.europesays.com\/fr\/wp-json\/wp\/v2\/types\/post"}],"author":[{"embeddable":true,"href":"https:\/\/www.europesays.com\/fr\/wp-json\/wp\/v2\/users\/2"}],"replies":[{"embeddable":true,"href":"https:\/\/www.europesays.com\/fr\/wp-json\/wp\/v2\/comments?post=590350"}],"version-history":[{"count":0,"href":"https:\/\/www.europesays.com\/fr\/wp-json\/wp\/v2\/posts\/590350\/revisions"}],"wp:featuredmedia":[{"embeddable":true,"href":"https:\/\/www.europesays.com\/fr\/wp-json\/wp\/v2\/media\/590351"}],"wp:attachment":[{"href":"https:\/\/www.europesays.com\/fr\/wp-json\/wp\/v2\/media?parent=590350"}],"wp:term":[{"taxonomy":"category","embeddable":true,"href":"https:\/\/www.europesays.com\/fr\/wp-json\/wp\/v2\/categories?post=590350"},{"taxonomy":"post_tag","embeddable":true,"href":"https:\/\/www.europesays.com\/fr\/wp-json\/wp\/v2\/tags?post=590350"}],"curies":[{"name":"wp","href":"https:\/\/api.w.org\/{rel}","templated":true}]}}