{"id":590358,"date":"2025-12-10T09:23:16","date_gmt":"2025-12-10T09:23:16","guid":{"rendered":"https:\/\/www.europesays.com\/fr\/590358\/"},"modified":"2025-12-10T09:23:16","modified_gmt":"2025-12-10T09:23:16","slug":"paris-soupconne-des-detournements-de-fonds-europeens-au-profit-du-hamas-et-demande-une-enquete-a-bruxelles","status":"publish","type":"post","link":"https:\/\/www.europesays.com\/fr\/590358\/","title":{"rendered":"Paris soup\u00e7onne des d\u00e9tournements de fonds europ\u00e9ens au profit du Hamas et demande une enqu\u00eate \u00e0 Bruxelles"},"content":{"rendered":"<p>\n    \u00abJ\u2019ai \u00e9t\u00e9 r\u00e9cemment alert\u00e9 par des soup\u00e7ons quant \u00e0 la mise en place par le Hamas d\u00e8s 2020 de contr\u00f4les des organisations, non-gouvernementales et internationales, op\u00e9rant sur les territoires palestiniens\u00bb, \u00e9crit le Le ministre fran\u00e7ais d\u00e9l\u00e9gu\u00e9 charg\u00e9 de l\u2019Europe, Benjamin Haddad.<\/p>\n<p class=\"fig-paragraph\">Le ministre fran\u00e7ais d\u00e9l\u00e9gu\u00e9 charg\u00e9 de l&rsquo;Europe a demand\u00e9 \u00e0 la Commission europ\u00e9enne \u00abde faire toute la lumi\u00e8re\u00bb sur de potentiels financements europ\u00e9ens destin\u00e9s \u00e0 des organisations non gouvernementales qui auraient pu \u00eatre d\u00e9tourn\u00e9s au profit du groupe islamiste palestinien\u00a0<a href=\"http:\/\/www.lefigaro.fr\/international\/dans-la-bande-de-gaza-le-hamas-refuse-l-entree-en-vigueur-de-la-seconde-phase-du-cessez-le-feu-20251209\" data-fig-type=\"Article\" data-gtm-custom-categorie=\"navigation\" data-gtm-custom-action=\"crossclick\" data-gtm-custom-label=\"Contextuel\" data-gtm-event=\"customEventSPE\" data-fig-domain=\"LEFIGARO\" target=\"_blank\" rel=\"noopener\">Hamas<\/a>. \u00abJ&rsquo;ai \u00e9t\u00e9 r\u00e9cemment alert\u00e9 par des soup\u00e7ons quant \u00e0 la mise en place par le Hamas d\u00e8s 2020 de contr\u00f4les des organisations, non-gouvernementales et internationales, op\u00e9rant sur les territoires palestiniens\u00bb, \u00e9crit\u00a0<a href=\"http:\/\/www.lefigaro.fr\/politique\/toute-volonte-de-demilitariser-l-ukraine-est-inacceptable-alerte-benjamin-haddad-20250817\" data-fig-type=\"NewsFlash\" data-gtm-custom-categorie=\"navigation\" data-gtm-custom-action=\"crossclick\" data-gtm-custom-label=\"Contextuel\" data-gtm-event=\"customEventSPE\" data-fig-domain=\"LEFIGARO\" target=\"_blank\" rel=\"noopener\">Benjamin Haddad<\/a>, dans un courrier que l&rsquo;AFP a consult\u00e9, dat\u00e9 de mardi et adress\u00e9 \u00e0 la cheffe de la diplomatie europ\u00e9enne Kaja Kallas, ainsi qu&rsquo;aux commissaires europ\u00e9ens Dubravka Suica, Michael Mcgrath et Magnus Brunner.<\/p>\n<p>                                            \u00abIng\u00e9rence\u00bb<\/p>\n<p class=\"fig-paragraph\">Rappelant que l&rsquo;Union europ\u00e9enne est un bailleur de certaines de ces organisations humanitaires telles que CESVI, Handicap International, Norwegian Refugee Council ou International Medical Corps, il note que \u00abces informations soul\u00e8vent des pr\u00e9occupations majeures quant \u00e0 l&rsquo;int\u00e9grit\u00e9 des financements europ\u00e9ens et \u00e0 la protection des contribuables europ\u00e9ens qui doivent pouvoir \u00eatre assur\u00e9s que leurs contributions servent exclusivement \u00e0 des objectifs humanitaires\u00bb. D\u00e9j\u00e0 en mai dernier, le ministre fran\u00e7ais avait demand\u00e9 \u00e0 Bruxelles de renforcer le contr\u00f4le des financements europ\u00e9ens pour qu&rsquo;ils n&rsquo;aillent pas \u00e0 des acteurs \u00abli\u00e9s \u00e0 l&rsquo;antis\u00e9mitisme ou \u00e0 l&rsquo;islamisme\u00bb.<\/p>\n<p>                                            <a class=\"fig-a11y-skip\" href=\"#fig-a11y-skip-main-inarticle\" data-module=\"a11y-skip\" data-context=\"was @visible\"><br \/>\n    Passer la publicit\u00e9<br \/>\n<\/a>            <\/p>\n<p class=\"fig-paragraph\">Avec l&rsquo;Autriche et les Pays-Bas, la France a port\u00e9 au niveau europ\u00e9en \u00abdes propositions visant \u00e0 s&rsquo;assurer du respect de la promotion des valeurs europ\u00e9ennes par les b\u00e9n\u00e9ficiaires des financements europ\u00e9ens\u00bb, rappelle Benjamin Haddad dans son courrier. \u00abLa France consid\u00e8re qu&rsquo;il n&rsquo;est pas tol\u00e9rable que des financements europ\u00e9ens aient \u00e9t\u00e9 vers\u00e9s \u00e0 des organisations, op\u00e9rant pour des objectifs humanitaires, dont les structures auraient \u00e9t\u00e9 plac\u00e9es sous une forme d&rsquo;ing\u00e9rence par les r\u00e9seaux du Hamas\u00bb, poursuit-il.<\/p>\n<p class=\"fig-paragraph\">\u00abCes organisations internationales ne devraient pas se retrouver en situation d&rsquo;accepter l&rsquo;appui d&rsquo;une structure consid\u00e9r\u00e9e comme terroriste au niveau europ\u00e9en pour pouvoir op\u00e9rer et fournir leurs services humanitaires\u00bb, a-t-il ajout\u00e9, appelant \u00ab\u00e0 faire toute la lumi\u00e8re sur ces all\u00e9gations\u00bb. Outre la demande de transparence et la mise en place d&rsquo;outils op\u00e9rationnels permettant de mieux contr\u00f4ler les flux, la France pr\u00e9conise un m\u00e9canisme de suspension de financement \u00abplus robuste\u00bb. \u00abFace \u00e0 ces violations persistantes des droits et des valeurs europ\u00e9ennes par des acteurs tiers, l&rsquo;Union, ses agences et ses op\u00e9rateurs ainsi que les \u00c9tats membres doivent redoubler de vigilance\u00bb, conclut Benjamin Haddad.<\/p>\n","protected":false},"excerpt":{"rendered":"\u00abJ\u2019ai \u00e9t\u00e9 r\u00e9cemment alert\u00e9 par des soup\u00e7ons quant \u00e0 la mise en place par le Hamas d\u00e8s 2020&hellip;\n","protected":false},"author":2,"featured_media":590359,"comment_status":"","ping_status":"","sticky":false,"template":"","format":"standard","meta":{"footnotes":""},"categories":[4],"tags":[11,19650,1011,27,3519,12,25,1778],"class_list":{"0":"post-590358","1":"post","2":"type-post","3":"status-publish","4":"format-standard","5":"has-post-thumbnail","7":"category-france","8":"tag-actualites","9":"tag-detournement-de-fonds-publics","10":"tag-fr","11":"tag-france","12":"tag-hamas","13":"tag-news","14":"tag-republique-francaise","15":"tag-ue"},"share_on_mastodon":{"url":"https:\/\/pubeurope.com\/@fr\/115694548177123791","error":""},"_links":{"self":[{"href":"https:\/\/www.europesays.com\/fr\/wp-json\/wp\/v2\/posts\/590358","targetHints":{"allow":["GET"]}}],"collection":[{"href":"https:\/\/www.europesays.com\/fr\/wp-json\/wp\/v2\/posts"}],"about":[{"href":"https:\/\/www.europesays.com\/fr\/wp-json\/wp\/v2\/types\/post"}],"author":[{"embeddable":true,"href":"https:\/\/www.europesays.com\/fr\/wp-json\/wp\/v2\/users\/2"}],"replies":[{"embeddable":true,"href":"https:\/\/www.europesays.com\/fr\/wp-json\/wp\/v2\/comments?post=590358"}],"version-history":[{"count":0,"href":"https:\/\/www.europesays.com\/fr\/wp-json\/wp\/v2\/posts\/590358\/revisions"}],"wp:featuredmedia":[{"embeddable":true,"href":"https:\/\/www.europesays.com\/fr\/wp-json\/wp\/v2\/media\/590359"}],"wp:attachment":[{"href":"https:\/\/www.europesays.com\/fr\/wp-json\/wp\/v2\/media?parent=590358"}],"wp:term":[{"taxonomy":"category","embeddable":true,"href":"https:\/\/www.europesays.com\/fr\/wp-json\/wp\/v2\/categories?post=590358"},{"taxonomy":"post_tag","embeddable":true,"href":"https:\/\/www.europesays.com\/fr\/wp-json\/wp\/v2\/tags?post=590358"}],"curies":[{"name":"wp","href":"https:\/\/api.w.org\/{rel}","templated":true}]}}