{"id":590362,"date":"2025-12-10T09:25:17","date_gmt":"2025-12-10T09:25:17","guid":{"rendered":"https:\/\/www.europesays.com\/fr\/590362\/"},"modified":"2025-12-10T09:25:17","modified_gmt":"2025-12-10T09:25:17","slug":"saint-etienne-il-coupe-la-route-a-un-automobiliste-et-lagresse-avec-une-barre-de-fer","status":"publish","type":"post","link":"https:\/\/www.europesays.com\/fr\/590362\/","title":{"rendered":"Saint-Etienne. Il coupe la route \u00e0 un automobiliste et l\u2019agresse avec une barre de fer"},"content":{"rendered":"<p>Les faits remontent au 19\u00a0novembre. Il est 15\u00a0h\u00a030, dans le quartier st\u00e9phanois de M\u00e9ons, quand un automobiliste se fait couper la route par un autre.<\/p>\n<p>Des mots et des gestes peu am\u00e8nes sont \u00e9chang\u00e9s entre les deux hommes. Ils s\u2019arr\u00eatent. L\u2019un d\u2019entre eux sort une barre de fer de son coffre et frappe l\u2019autre. La victime, \u00e2g\u00e9e de 45 ans, s\u2019en sortira avec quelques blessures l\u00e9g\u00e8res, notamment aux genoux, et cinq jours d\u2019ITT.<\/p>\n<p>Plac\u00e9 en garde \u00e0 vue<\/p>\n<p>Son agresseur prend la fuite, mais la victime et des t\u00e9moins pr\u00e9sents sur les lieux ont eu le temps de noter sa plaque d\u2019immatriculation. La brigade des atteintes aux personnes parvient \u00e0 identifier l\u2019automobiliste violent\u00a0: il s\u2019agit d\u2019un St\u00e9phanois \u00e2g\u00e9 de 34 ans.<\/p>\n<p>Convoqu\u00e9 au commissariat de Fauriel, lundi, il a \u00e9t\u00e9 plac\u00e9 en garde \u00e0 vue dont il est ressorti avec une convocation devant un magistrat pour violences avec armes.<\/p>\n","protected":false},"excerpt":{"rendered":"Les faits remontent au 19\u00a0novembre. Il est 15\u00a0h\u00a030, dans le quartier st\u00e9phanois de M\u00e9ons, quand un automobiliste se&hellip;\n","protected":false},"author":2,"featured_media":590363,"comment_status":"","ping_status":"","sticky":false,"template":"","format":"standard","meta":{"footnotes":""},"categories":[9653],"tags":[1111,11,2430,271,272,7539,1777,674,274,1011,27,3367,12,25,4001,7538],"class_list":{"0":"post-590362","1":"post","2":"type-post","3":"status-publish","4":"format-standard","5":"has-post-thumbnail","7":"category-saint-etienne","8":"tag-actu","9":"tag-actualites","10":"tag-auvergne-rhone-alpes","11":"tag-crime","12":"tag-delit-et-contravention","13":"tag-edition-loire-sud","14":"tag-eu","15":"tag-europe","16":"tag-faits-divers-justice","17":"tag-fr","18":"tag-france","19":"tag-loire","20":"tag-news","21":"tag-republique-francaise","22":"tag-saint-etienne","23":"tag-saint-etienne-ville"},"share_on_mastodon":{"url":"https:\/\/pubeurope.com\/@fr\/115694556053011250","error":""},"_links":{"self":[{"href":"https:\/\/www.europesays.com\/fr\/wp-json\/wp\/v2\/posts\/590362","targetHints":{"allow":["GET"]}}],"collection":[{"href":"https:\/\/www.europesays.com\/fr\/wp-json\/wp\/v2\/posts"}],"about":[{"href":"https:\/\/www.europesays.com\/fr\/wp-json\/wp\/v2\/types\/post"}],"author":[{"embeddable":true,"href":"https:\/\/www.europesays.com\/fr\/wp-json\/wp\/v2\/users\/2"}],"replies":[{"embeddable":true,"href":"https:\/\/www.europesays.com\/fr\/wp-json\/wp\/v2\/comments?post=590362"}],"version-history":[{"count":0,"href":"https:\/\/www.europesays.com\/fr\/wp-json\/wp\/v2\/posts\/590362\/revisions"}],"wp:featuredmedia":[{"embeddable":true,"href":"https:\/\/www.europesays.com\/fr\/wp-json\/wp\/v2\/media\/590363"}],"wp:attachment":[{"href":"https:\/\/www.europesays.com\/fr\/wp-json\/wp\/v2\/media?parent=590362"}],"wp:term":[{"taxonomy":"category","embeddable":true,"href":"https:\/\/www.europesays.com\/fr\/wp-json\/wp\/v2\/categories?post=590362"},{"taxonomy":"post_tag","embeddable":true,"href":"https:\/\/www.europesays.com\/fr\/wp-json\/wp\/v2\/tags?post=590362"}],"curies":[{"name":"wp","href":"https:\/\/api.w.org\/{rel}","templated":true}]}}