{"id":59038,"date":"2025-04-28T10:46:07","date_gmt":"2025-04-28T10:46:07","guid":{"rendered":"https:\/\/www.europesays.com\/fr\/59038\/"},"modified":"2025-04-28T10:46:07","modified_gmt":"2025-04-28T10:46:07","slug":"un-homme-decede-dans-un-grave-accident","status":"publish","type":"post","link":"https:\/\/www.europesays.com\/fr\/59038\/","title":{"rendered":"un homme d\u00e9c\u00e8de dans un grave accident"},"content":{"rendered":"<p>            Par<br \/>\n        <strong><br \/>\n            <a href=\"https:\/\/actu.fr\/auteur\/theo-zuili\" title=\"Consulter tous les articles de Th\u00e9o Zuili\" rel=\"nofollow noopener\" target=\"_blank\">Th\u00e9o Zuili<\/a><br \/>\n        <\/strong><\/p>\n<p>        Publi\u00e9 le<\/p>\n<p>            28 avr. 2025 \u00e0 12h38        <\/p>\n<p>Un drame de la route a eu lieu ce samedi 26 avril 2025 en d\u00e9but d\u2019apr\u00e8s-midi, dans les environs de Plateau d\u2019Hauteville, dans l\u2019Ain, \u00e0 1h de <a href=\"https:\/\/actu.fr\/auvergne-rhone-alpes\/lyon_69123\" rel=\"nofollow noopener\" target=\"_blank\">Lyon<\/a>. Une personne a perdu le contr\u00f4le de sa voiture sur un chemin sinueux.<\/p>\n<p>    <a href=\"https:\/\/www.google.com\/maps\/embed?pb=!1m18!1m12!1m3!1d331981.1869327114!2d5.397342432763209!3d45.98011174687801!2m3!1f0!2f0!3f0!3m2!1i1024!2i768!4f13.1!3m3!1m2!1s0x478b5d1573cf2fc9%3A0x5adb4c2c82c71af4!2s01110%20Plateau%20d%27Hauteville!5e1!3m2!1sfr!2sfr!4v1745833225801!5m2!1sfr!2sfr\" title=\"Ouvrie le lien\" rel=\"nofollow noopener\" target=\"_blank\">Cliquez ici pour visualiser le contenu<\/a><\/p>\n<p>L\u2019automobiliste perd la vie dans l\u2019accident<\/p>\n<p class=\" wall-content\">Il \u00e9tait environ 13h45 quand un grave accident de la circulation a \u00e9t\u00e9 signal\u00e9 aux sapeurs-pompiers de l\u2019Ain, chemin des L\u00e9sines. Selon les premiers \u00e9l\u00e9ments, un v\u00e9hicule <strong>seul en cause<\/strong> aurait effectu\u00e9 plusieurs tonneaux pour une raison encore ind\u00e9termin\u00e9e.<\/p>\n<p class=\" wall-content\">Les pompiers, d\u00e9p\u00each\u00e9s rapidement sur place avec un fourgon de secours routier et plusieurs v\u00e9hicules l\u00e9gers, ont d\u00e9couvert une situation critique : \u00e0\u00a0l\u2019int\u00e9rieur de la voiture, un homme d\u2019environ 60 ans \u00e9tait incarc\u00e9r\u00e9, <strong>en arr\u00eat cardio-respiratoire<\/strong> \u00e0 l\u2019arriv\u00e9e des secours.<\/p>\n<p class=\" wall-content\">Malgr\u00e9 les tentatives de r\u00e9animation sur place, la victime n\u2019a pas pu \u00eatre sauv\u00e9e. Son d\u00e9c\u00e8s a \u00e9t\u00e9 constat\u00e9 par un m\u00e9decin sur place.<\/p>\n<p>Vid\u00e9os : en ce moment sur Actu<\/p>\n<p class=\" wall-content\">Les circonstances pr\u00e9cises de l\u2019accident restent pour l\u2019instant inconnues. Une enqu\u00eate a \u00e9t\u00e9 ouverte par la gendarmerie pour d\u00e9terminer les causes de cette sortie de route mortelle.<\/p>\n<p class=\" wall-content\">Suivez toute l\u2019actualit\u00e9 de vos villes et m\u00e9dias favoris en vous inscrivant \u00e0 <a href=\"https:\/\/moncompte.actu.fr\" title=\"D\u00e9couvez Mon Actu\" rel=\"nofollow noopener\" data-trk=\"{&quot;cta&quot;:{&quot;action&quot;:&quot;https:\\\/\\\/moncompte.actu.fr&quot;,&quot;category&quot;:&quot;mon compte&quot;,&quot;from&quot;:&quot;article footer&quot;,&quot;name&quot;:&quot;Mon actu&quot;,&quot;type&quot;:&quot;cta&quot;}}\" target=\"_blank\">Mon Actu<\/a>.<\/p>\n","protected":false},"excerpt":{"rendered":"Par Th\u00e9o Zuili Publi\u00e9 le 28 avr. 2025 \u00e0 12h38 Un drame de la route a eu lieu&hellip;\n","protected":false},"author":2,"featured_media":59039,"comment_status":"","ping_status":"","sticky":false,"template":"","format":"standard","meta":{"footnotes":""},"categories":[1889],"tags":[119,1111,11,2430,1777,674,118,1011,27,2428,12,1311,25],"class_list":{"0":"post-59038","1":"post","2":"type-post","3":"status-publish","4":"format-standard","5":"has-post-thumbnail","7":"category-lyon","8":"tag-accident","9":"tag-actu","10":"tag-actualites","11":"tag-auvergne-rhone-alpes","12":"tag-eu","13":"tag-europe","14":"tag-faits-divers","15":"tag-fr","16":"tag-france","17":"tag-lyon","18":"tag-news","19":"tag-pompiers","20":"tag-republique-francaise"},"share_on_mastodon":{"url":"https:\/\/pubeurope.com\/@fr\/114415192304560750","error":""},"_links":{"self":[{"href":"https:\/\/www.europesays.com\/fr\/wp-json\/wp\/v2\/posts\/59038","targetHints":{"allow":["GET"]}}],"collection":[{"href":"https:\/\/www.europesays.com\/fr\/wp-json\/wp\/v2\/posts"}],"about":[{"href":"https:\/\/www.europesays.com\/fr\/wp-json\/wp\/v2\/types\/post"}],"author":[{"embeddable":true,"href":"https:\/\/www.europesays.com\/fr\/wp-json\/wp\/v2\/users\/2"}],"replies":[{"embeddable":true,"href":"https:\/\/www.europesays.com\/fr\/wp-json\/wp\/v2\/comments?post=59038"}],"version-history":[{"count":0,"href":"https:\/\/www.europesays.com\/fr\/wp-json\/wp\/v2\/posts\/59038\/revisions"}],"wp:featuredmedia":[{"embeddable":true,"href":"https:\/\/www.europesays.com\/fr\/wp-json\/wp\/v2\/media\/59039"}],"wp:attachment":[{"href":"https:\/\/www.europesays.com\/fr\/wp-json\/wp\/v2\/media?parent=59038"}],"wp:term":[{"taxonomy":"category","embeddable":true,"href":"https:\/\/www.europesays.com\/fr\/wp-json\/wp\/v2\/categories?post=59038"},{"taxonomy":"post_tag","embeddable":true,"href":"https:\/\/www.europesays.com\/fr\/wp-json\/wp\/v2\/tags?post=59038"}],"curies":[{"name":"wp","href":"https:\/\/api.w.org\/{rel}","templated":true}]}}