{"id":590382,"date":"2025-12-10T09:38:20","date_gmt":"2025-12-10T09:38:20","guid":{"rendered":"https:\/\/www.europesays.com\/fr\/590382\/"},"modified":"2025-12-10T09:38:20","modified_gmt":"2025-12-10T09:38:20","slug":"grenoble-les-occupants-de-lex-bobine-deloges-ce-mercredi-matin","status":"publish","type":"post","link":"https:\/\/www.europesays.com\/fr\/590382\/","title":{"rendered":"Grenoble. Les occupants de l&rsquo;ex \u00ab\u00a0Bobine\u00a0\u00bb d\u00e9log\u00e9s ce mercredi matin"},"content":{"rendered":"<p>Alors que<a href=\"https:\/\/www.ledauphine.com\/culture-loisirs\/2025\/11\/11\/la-bobine-le-projet-de-reprise-par-un-collectif-citoyen-abandonne\" target=\"_blank\" rel=\"noopener\"> la Ville de Grenoble<\/a> avait vainement demand\u00e9 aux occupants de l\u2019ex \u00ab Bobine \u00bb &#8211; dont les locaux implant\u00e9s \u00e0 c\u00f4t\u00e9 de l&rsquo;anneau de vitesse dans le parc Paul-Mistral sont squatt\u00e9s depuis mi-septembre &#8211; d&rsquo;\u00e9vacuer les lieux,<a href=\"https:\/\/www.ledauphine.com\/social\/2025\/12\/09\/la-ville-demande-aux-occupants-de-la-bobine-de-partir-tous-les-elements-d-un-drame-sont-reunis\" target=\"_blank\" rel=\"noopener\"> les forces de l&rsquo;ordre interviennent <\/a>depuis 9h45 ce mercredi 10 d\u00e9cembre pour les d\u00e9loger.<\/p>\n<p>Des CRS et des policiers du commissariat central de Grenoble se sont d\u00e9ploy\u00e9s en nombre et viennent de faire les premi\u00e8res sommations laissant aux squatteurs dix minutes pour partir d&rsquo;eux-m\u00eames.<\/p>\n<p>Face \u00e0 l&rsquo;inertie des occupants, les policiers sont intervenus et les ont fait sortir dans le calme, sans user de la force.<\/p>\n","protected":false},"excerpt":{"rendered":"Alors que la Ville de Grenoble avait vainement demand\u00e9 aux occupants de l\u2019ex \u00ab Bobine \u00bb &#8211; dont&hellip;\n","protected":false},"author":2,"featured_media":590383,"comment_status":"","ping_status":"","sticky":false,"template":"","format":"standard","meta":{"footnotes":""},"categories":[9566],"tags":[1111,11,2430,112,1777,674,274,107,1011,27,2731,108,12,25],"class_list":{"0":"post-590382","1":"post","2":"type-post","3":"status-publish","4":"format-standard","5":"has-post-thumbnail","7":"category-grenoble","8":"tag-actu","9":"tag-actualites","10":"tag-auvergne-rhone-alpes","11":"tag-edition-grenoble-agglomeration","12":"tag-eu","13":"tag-europe","14":"tag-faits-divers-justice","15":"tag-fil-info","16":"tag-fr","17":"tag-france","18":"tag-grenoble","19":"tag-isere","20":"tag-news","21":"tag-republique-francaise"},"share_on_mastodon":{"url":"https:\/\/pubeurope.com\/@fr\/115694606953618269","error":""},"_links":{"self":[{"href":"https:\/\/www.europesays.com\/fr\/wp-json\/wp\/v2\/posts\/590382","targetHints":{"allow":["GET"]}}],"collection":[{"href":"https:\/\/www.europesays.com\/fr\/wp-json\/wp\/v2\/posts"}],"about":[{"href":"https:\/\/www.europesays.com\/fr\/wp-json\/wp\/v2\/types\/post"}],"author":[{"embeddable":true,"href":"https:\/\/www.europesays.com\/fr\/wp-json\/wp\/v2\/users\/2"}],"replies":[{"embeddable":true,"href":"https:\/\/www.europesays.com\/fr\/wp-json\/wp\/v2\/comments?post=590382"}],"version-history":[{"count":0,"href":"https:\/\/www.europesays.com\/fr\/wp-json\/wp\/v2\/posts\/590382\/revisions"}],"wp:featuredmedia":[{"embeddable":true,"href":"https:\/\/www.europesays.com\/fr\/wp-json\/wp\/v2\/media\/590383"}],"wp:attachment":[{"href":"https:\/\/www.europesays.com\/fr\/wp-json\/wp\/v2\/media?parent=590382"}],"wp:term":[{"taxonomy":"category","embeddable":true,"href":"https:\/\/www.europesays.com\/fr\/wp-json\/wp\/v2\/categories?post=590382"},{"taxonomy":"post_tag","embeddable":true,"href":"https:\/\/www.europesays.com\/fr\/wp-json\/wp\/v2\/tags?post=590382"}],"curies":[{"name":"wp","href":"https:\/\/api.w.org\/{rel}","templated":true}]}}