{"id":590386,"date":"2025-12-10T09:42:19","date_gmt":"2025-12-10T09:42:19","guid":{"rendered":"https:\/\/www.europesays.com\/fr\/590386\/"},"modified":"2025-12-10T09:42:19","modified_gmt":"2025-12-10T09:42:19","slug":"recuperer-des-anciens-posters-ce-voyagiste-rennais-organise-une-bourse-gratuite-aux","status":"publish","type":"post","link":"https:\/\/www.europesays.com\/fr\/590386\/","title":{"rendered":"\u00ab\u00a0R\u00e9cup\u00e9rer des anciens\u00a0posters \u00bb\u00a0: ce voyagiste rennais organise une bourse gratuite aux"},"content":{"rendered":"<p>Vendredi 19\u00a0d\u00e9cembre 2025, une bourse aux affiches est propos\u00e9e au sein de l\u2019agence Sala\u00fcn Holidays Rennes gare, avenue Janvier. Elle est enti\u00e8rement gratuite et ouverte \u00e0 tous. \u00a0L\u2019id\u00e9e est de permettre \u00e0 ceux qui le souhaitent de venir r\u00e9cup\u00e9rer un ou plusieurs posters voyages de nos anciennes collections\u00a0\u00bb, d\u00e9clare Benjamin Douabin, organisateur de la bourse aux affiches.<\/p>\n<p>Vendredi 19\u00a0d\u00e9cembre\u00a0: de 10\u00a0h \u00e0 13\u00a0h et de 14\u00a0h \u00e0 18\u00a0h. Tout est gratuit.\u00a0Agence Sala\u00fcn Holidays Rennes Gare, 19, avenue Janvier.<\/p>\n<p>\u00a0<\/p>\n","protected":false},"excerpt":{"rendered":"Vendredi 19\u00a0d\u00e9cembre 2025, une bourse aux affiches est propos\u00e9e au sein de l\u2019agence Sala\u00fcn Holidays Rennes gare, avenue&hellip;\n","protected":false},"author":2,"featured_media":590387,"comment_status":"","ping_status":"","sticky":false,"template":"","format":"standard","meta":{"footnotes":""},"categories":[2821],"tags":[1111,11,12340,8132,340,829,1777,674,1011,27,27499,12,9271,70361,37146,13658,584,25,70362],"class_list":{"0":"post-590386","1":"post","2":"type-post","3":"status-publish","4":"format-standard","5":"has-post-thumbnail","7":"category-rennes","8":"tag-actu","9":"tag-actualites","10":"tag-affiches","11":"tag-anciens","12":"tag-bourse","13":"tag-bretagne","14":"tag-eu","15":"tag-europe","16":"tag-fr","17":"tag-france","18":"tag-gratuite","19":"tag-news","20":"tag-organise","21":"tag-posters","22":"tag-recuperer","23":"tag-rennais","24":"tag-rennes","25":"tag-republique-francaise","26":"tag-voyagiste"},"share_on_mastodon":{"url":"https:\/\/pubeurope.com\/@fr\/115694622906796065","error":""},"_links":{"self":[{"href":"https:\/\/www.europesays.com\/fr\/wp-json\/wp\/v2\/posts\/590386","targetHints":{"allow":["GET"]}}],"collection":[{"href":"https:\/\/www.europesays.com\/fr\/wp-json\/wp\/v2\/posts"}],"about":[{"href":"https:\/\/www.europesays.com\/fr\/wp-json\/wp\/v2\/types\/post"}],"author":[{"embeddable":true,"href":"https:\/\/www.europesays.com\/fr\/wp-json\/wp\/v2\/users\/2"}],"replies":[{"embeddable":true,"href":"https:\/\/www.europesays.com\/fr\/wp-json\/wp\/v2\/comments?post=590386"}],"version-history":[{"count":0,"href":"https:\/\/www.europesays.com\/fr\/wp-json\/wp\/v2\/posts\/590386\/revisions"}],"wp:featuredmedia":[{"embeddable":true,"href":"https:\/\/www.europesays.com\/fr\/wp-json\/wp\/v2\/media\/590387"}],"wp:attachment":[{"href":"https:\/\/www.europesays.com\/fr\/wp-json\/wp\/v2\/media?parent=590386"}],"wp:term":[{"taxonomy":"category","embeddable":true,"href":"https:\/\/www.europesays.com\/fr\/wp-json\/wp\/v2\/categories?post=590386"},{"taxonomy":"post_tag","embeddable":true,"href":"https:\/\/www.europesays.com\/fr\/wp-json\/wp\/v2\/tags?post=590386"}],"curies":[{"name":"wp","href":"https:\/\/api.w.org\/{rel}","templated":true}]}}