{"id":590388,"date":"2025-12-10T09:43:16","date_gmt":"2025-12-10T09:43:16","guid":{"rendered":"https:\/\/www.europesays.com\/fr\/590388\/"},"modified":"2025-12-10T09:43:16","modified_gmt":"2025-12-10T09:43:16","slug":"lingolsheim-contre-le-frelon-asiatique-la-commune-degaine-un-plan-de-lutte-global","status":"publish","type":"post","link":"https:\/\/www.europesays.com\/fr\/590388\/","title":{"rendered":"Lingolsheim. Contre le frelon asiatique, la commune d\u00e9gaine un plan de lutte global"},"content":{"rendered":"<p>Apparu en 2023, le frelon asiatique conna\u00eet une progression exponentielle en Alsace, et tout particuli\u00e8rement dans les milieux urbains qu\u2019il affectionne. \u00c0 Lingolsheim, \u00e0 l\u2019image d\u2019autres villes, le nombre de vespa velutina\u00a0nigrithorax progresse chaque ann\u00e9e, comme en t\u00e9moigne <a href=\"https:\/\/www.dna.fr\/societe\/2025\/10\/29\/un-nid-de-plus-de-6-000-frelons-asiatiques-decouvert-une-premiere-dans-la-commune\" target=\"_blank\" rel=\"noopener\"> un nombre croissant d\u2019interventions diligent\u00e9es pour neutraliser des nids<\/a>.<\/p>\n<p>Communiquer, pi\u00e9ger les frelons et d\u00e9truire leurs nids<\/p>\n<p>Afin de <a href=\"https:\/\/www.dna.fr\/environnement\/2025\/09\/14\/face-a-l-envol-du-frelon-asiatique-en-alsace-un-front-en-ordre-disperse\" target=\"_blank\" rel=\"noopener\">lutter contre ce fl\u00e9au qui menace la biodiversit\u00e9 locale<\/a> (abeilles, frelons europ\u00e9ens, araign\u00e9es et autres insectes), l\u2019activit\u00e9 apicole ou, tout simplement, la sant\u00e9 humaine, la municipalit\u00e9 s\u2019est rapproch\u00e9e d\u2019un apiculteur-r\u00e9coltant de Lingolsheim, Beno\u00eet Hugues-Bouton, pour \u00e9chafauder un plan d\u2019action \u00e0 l\u2019\u00e9chelle&#8230;<\/p>\n","protected":false},"excerpt":{"rendered":"Apparu en 2023, le frelon asiatique conna\u00eet une progression exponentielle en Alsace, et tout particuli\u00e8rement dans les milieux&hellip;\n","protected":false},"author":2,"featured_media":590389,"comment_status":"","ping_status":"","sticky":false,"template":"","format":"standard","meta":{"footnotes":""},"categories":[2820],"tags":[1111,11,4523,2880,436,1777,674,107,1011,27,775,24067,12,25,104,640,3089],"class_list":{"0":"post-590388","1":"post","2":"type-post","3":"status-publish","4":"format-standard","5":"has-post-thumbnail","7":"category-strasbourg","8":"tag-actu","9":"tag-actualites","10":"tag-conseils-pratiques","11":"tag-edition-strasbourg","12":"tag-environnement","13":"tag-eu","14":"tag-europe","15":"tag-fil-info","16":"tag-fr","17":"tag-france","18":"tag-grand-est","19":"tag-lingolsheim","20":"tag-news","21":"tag-republique-francaise","22":"tag-societe","23":"tag-strasbourg","24":"tag-strasbourg-sud"},"share_on_mastodon":{"url":"https:\/\/pubeurope.com\/@fr\/115694626813318506","error":""},"_links":{"self":[{"href":"https:\/\/www.europesays.com\/fr\/wp-json\/wp\/v2\/posts\/590388","targetHints":{"allow":["GET"]}}],"collection":[{"href":"https:\/\/www.europesays.com\/fr\/wp-json\/wp\/v2\/posts"}],"about":[{"href":"https:\/\/www.europesays.com\/fr\/wp-json\/wp\/v2\/types\/post"}],"author":[{"embeddable":true,"href":"https:\/\/www.europesays.com\/fr\/wp-json\/wp\/v2\/users\/2"}],"replies":[{"embeddable":true,"href":"https:\/\/www.europesays.com\/fr\/wp-json\/wp\/v2\/comments?post=590388"}],"version-history":[{"count":0,"href":"https:\/\/www.europesays.com\/fr\/wp-json\/wp\/v2\/posts\/590388\/revisions"}],"wp:featuredmedia":[{"embeddable":true,"href":"https:\/\/www.europesays.com\/fr\/wp-json\/wp\/v2\/media\/590389"}],"wp:attachment":[{"href":"https:\/\/www.europesays.com\/fr\/wp-json\/wp\/v2\/media?parent=590388"}],"wp:term":[{"taxonomy":"category","embeddable":true,"href":"https:\/\/www.europesays.com\/fr\/wp-json\/wp\/v2\/categories?post=590388"},{"taxonomy":"post_tag","embeddable":true,"href":"https:\/\/www.europesays.com\/fr\/wp-json\/wp\/v2\/tags?post=590388"}],"curies":[{"name":"wp","href":"https:\/\/api.w.org\/{rel}","templated":true}]}}