{"id":590390,"date":"2025-12-10T09:44:10","date_gmt":"2025-12-10T09:44:10","guid":{"rendered":"https:\/\/www.europesays.com\/fr\/590390\/"},"modified":"2025-12-10T09:44:10","modified_gmt":"2025-12-10T09:44:10","slug":"cette-compagnie-avec-de-petits-avions-va-desservir-une-nouvelle-ville","status":"publish","type":"post","link":"https:\/\/www.europesays.com\/fr\/590390\/","title":{"rendered":"cette compagnie avec de petits avions va desservir une nouvelle ville"},"content":{"rendered":"<p>                    Par<br \/>\n        <strong><br \/>\n            <a href=\"https:\/\/actu.fr\/auteur\/thomas-blanc\" title=\"Consulter tous les articles de Thomas Blanc\" target=\"_blank\" rel=\"noopener\">Thomas Blanc<\/a><br \/>\n                    <\/strong><\/p>\n<p>        Publi\u00e9 le<\/p>\n<p>            10 d\u00e9c. 2025 \u00e0 10h40        <\/p>\n<p>L\u2019<a href=\"https:\/\/actu.fr\/tag\/aeroport-de-strasbourg\" target=\"_blank\" rel=\"noopener\">a\u00e9roport de Strasbourg-<\/a>Entzheim propose d\u00e9j\u00e0 14 destinations vers la France hexagonale, de Brest \u00e0 <a href=\"https:\/\/actu.fr\/nice\/\" target=\"_blank\" rel=\"noopener\">Nice<\/a> en passant par tout le sud-ouest du pays et <a href=\"https:\/\/actu.fr\/grand-est\/strasbourg_67482\/depuis-strasbourg-volotea-va-desservir-une-nouvelle-destination-vers-la-corse_60140605.html\" target=\"_blank\" rel=\"noopener\">la Corse<\/a>. <strong>Une quinzi\u00e8me<\/strong> viendra s\u2019ajouter \u00e0 <strong>l\u2019\u00e9t\u00e9 2026<\/strong>, voici laquelle.<\/p>\n<p>Une liaison vers la Corr\u00e8ze\u00a0<\/p>\n<p class=\" wall-content\">La compagnie a\u00e9rienne fran\u00e7aise <a href=\"https:\/\/www.chalair.fr\/\" target=\"_blank\" rel=\"noopener\">Chalair<\/a> a d\u00e9voil\u00e9 au tout d\u00e9but du mois de d\u00e9cembre son plan de vol pour l\u2019ann\u00e9e 2026.<\/p>\n<p class=\" wall-content\">Une de ses lignes reliera l\u2019Alsace \u00e0 <a href=\"https:\/\/actu.fr\/nouvelle-aquitaine\/brive-la-gaillarde_19031\" target=\"_blank\" rel=\"noopener\">Brive-la-Gaillarde (Corr\u00e8ze)<\/a>, <strong>une premi\u00e8re<\/strong>.<\/p>\n<p>    <a href=\"https:\/\/www.facebook.com\/plugins\/post.php?href=https%3A%2F%2Fwww.facebook.com%2Fville2brive%2Fposts%2Fpfbid0wgAATBDoJiuehCHEE5fvQTKqH4icVLWWY2wJAbmRnod9kENRZt5TDAvTFDccZ32Fl&amp;show_text=true&amp;width=350\" title=\"Ouvrie le lien\" target=\"_blank\" rel=\"noopener\">Cliquez ici pour visualiser le contenu<\/a><\/p>\n<p>La ligne ouverte \u00e0 l\u2019\u00e9t\u00e9 2026<\/p>\n<p class=\" wall-content\">La ligne sera effective du <strong>29 juin au 31 ao\u00fbt 2026<\/strong> tous les lundis \u00e0 15h10. Le prix plancher pour un aller simple est de <strong>74,40\u00a0euros<\/strong>. Les vols se feront \u00e0 bord de petits avions pouvant contenir 50 \u00e0 70 passagers et le temps de vol pour rejoindre Brive sera de 1h50.<\/p>\n<p class=\" wall-content\">Pour information, il ne vous faudra qu\u20191h30 pour rejoindre Bordeaux, \u00e9galement situ\u00e9e en Nouvelle-Aquitaine ou encore Toulouse, 200 kilom\u00e8tres au sud de Brive, les deux liaisons \u00e9tant assur\u00e9es par <a href=\"https:\/\/actu.fr\/occitanie\/toulouse_31555\/volotea-annonce-trois-nouvelles-lignes-depuis-toulouse-voici-les-pays-ensoleilles-desservis_63550826.html\" target=\"_blank\" rel=\"noopener\">Volotea<\/a>.<\/p>\n<p class=\" wall-content\">Personnalisez votre actualit\u00e9 en ajoutant vos villes et m\u00e9dias en favori avec <a href=\"https:\/\/moncompte.actu.fr\" title=\"D\u00e9couvez Mon Actu\" rel=\"nofollow noopener\" data-trk=\"{&quot;cta&quot;:{&quot;action&quot;:&quot;https:\\\/\\\/moncompte.actu.fr&quot;,&quot;category&quot;:&quot;mon compte&quot;,&quot;from&quot;:&quot;article footer&quot;,&quot;name&quot;:&quot;Mon actu&quot;,&quot;type&quot;:&quot;cta&quot;}}\" target=\"_blank\">Mon Actu<\/a>.<\/p>\n","protected":false},"excerpt":{"rendered":"Par Thomas Blanc Publi\u00e9 le 10 d\u00e9c. 2025 \u00e0 10h40 L\u2019a\u00e9roport de Strasbourg-Entzheim propose d\u00e9j\u00e0 14 destinations vers&hellip;\n","protected":false},"author":2,"featured_media":590391,"comment_status":"","ping_status":"","sticky":false,"template":"","format":"standard","meta":{"footnotes":""},"categories":[2820],"tags":[1111,11,30491,1777,674,1011,27,775,1305,12,25,640,586],"class_list":{"0":"post-590390","1":"post","2":"type-post","3":"status-publish","4":"format-standard","5":"has-post-thumbnail","7":"category-strasbourg","8":"tag-actu","9":"tag-actualites","10":"tag-aeroport-de-strasbourg","11":"tag-eu","12":"tag-europe","13":"tag-fr","14":"tag-france","15":"tag-grand-est","16":"tag-lifestyle","17":"tag-news","18":"tag-republique-francaise","19":"tag-strasbourg","20":"tag-voyage"},"share_on_mastodon":{"url":"https:\/\/pubeurope.com\/@fr\/115694630679700526","error":""},"_links":{"self":[{"href":"https:\/\/www.europesays.com\/fr\/wp-json\/wp\/v2\/posts\/590390","targetHints":{"allow":["GET"]}}],"collection":[{"href":"https:\/\/www.europesays.com\/fr\/wp-json\/wp\/v2\/posts"}],"about":[{"href":"https:\/\/www.europesays.com\/fr\/wp-json\/wp\/v2\/types\/post"}],"author":[{"embeddable":true,"href":"https:\/\/www.europesays.com\/fr\/wp-json\/wp\/v2\/users\/2"}],"replies":[{"embeddable":true,"href":"https:\/\/www.europesays.com\/fr\/wp-json\/wp\/v2\/comments?post=590390"}],"version-history":[{"count":0,"href":"https:\/\/www.europesays.com\/fr\/wp-json\/wp\/v2\/posts\/590390\/revisions"}],"wp:featuredmedia":[{"embeddable":true,"href":"https:\/\/www.europesays.com\/fr\/wp-json\/wp\/v2\/media\/590391"}],"wp:attachment":[{"href":"https:\/\/www.europesays.com\/fr\/wp-json\/wp\/v2\/media?parent=590390"}],"wp:term":[{"taxonomy":"category","embeddable":true,"href":"https:\/\/www.europesays.com\/fr\/wp-json\/wp\/v2\/categories?post=590390"},{"taxonomy":"post_tag","embeddable":true,"href":"https:\/\/www.europesays.com\/fr\/wp-json\/wp\/v2\/tags?post=590390"}],"curies":[{"name":"wp","href":"https:\/\/api.w.org\/{rel}","templated":true}]}}