{"id":590397,"date":"2025-12-10T09:48:15","date_gmt":"2025-12-10T09:48:15","guid":{"rendered":"https:\/\/www.europesays.com\/fr\/590397\/"},"modified":"2025-12-10T09:48:15","modified_gmt":"2025-12-10T09:48:15","slug":"une-vingtaine-de-createurs-et-artisans-dans-ce-pop-up-de-noel-a-nantes","status":"publish","type":"post","link":"https:\/\/www.europesays.com\/fr\/590397\/","title":{"rendered":"Une vingtaine de cr\u00e9ateurs et artisans dans ce pop-up de No\u00ebl \u00e0 Nantes !"},"content":{"rendered":"<p><img fetchpriority=\"high\" decoding=\"async\" width=\"1160\" height=\"580\" src=\"https:\/\/www.europesays.com\/fr\/wp-content\/uploads\/2025\/12\/Parade-des-lanternes-30-1160x580.png\" alt=\"Nantes \u00e0 coeur\" class=\"wp-image-130254\"   data-pagespeed-url-hash=\"63371172\" onload=\"pagespeed.CriticalImages.checkImageForCriticality(this);\"\/>Cr\u00e9dit : Nantes \u00e0 coeur \u2014 Nantes \u00e0 coeur<\/p>\n<p>Envie de t\u2019\u00e9loigner des cadeaux format\u00e9s des grandes enseignes ? Le pop-up de No\u00ebl\u00a0<strong>Nantes \u00e0 C\u0153ur<\/strong>\u00a0te donne rendez-vous du 2 au 23 d\u00e9cembre au <strong>Passage de la Ch\u00e2telaine<\/strong> pour d\u00e9couvrir des cr\u00e9ateurs passionn\u00e9s. Big City t\u2019explique tout !<\/p>\n<p>Nantes \u00e0 coeur : un pop-de cr\u00e9ateurs d\u00e9di\u00e9 \u00e0 l\u2019artisanat local \u00e0 Nantes<\/p>\n<blockquote class=\"instagram-media\" data-instgrm-permalink=\"https:\/\/www.instagram.com\/reel\/DR4QVPPCKDj\/?utm_source=ig_embed&amp;utm_campaign=loading\" data-instgrm-version=\"14\" style=\"background:#FFF;border:0;border-radius:3px;margin: 1px;max-width:540px;min-width:326px;padding:0;width:99.375%;width:-webkit-calc(100% - 2px);width:calc(100% - 2px)\"\/>\n<p><strong>Nantes \u00e0 coeur<\/strong> t\u2019ouvre ses portes du <strong>2 au 23 d\u00e9cembre<\/strong> pour c\u00e9l\u00e9brer le meilleur de la cr\u00e9ation locale : <strong>une vingtaine de cr\u00e9ateurs locaux<\/strong> sont r\u00e9unis pour te faire d\u00e9couvrir leurs pi\u00e8ces ! D\u00e9co, bijoux, horloge hyper originales, accessoires, papeterie, c\u00e9ramique, textile, univers de l\u2019enfant\u2026 tout ce qu\u2019il faut pour d\u00e9nicher <strong>des cadeaux de No\u00ebl authentiques et engag\u00e9s.<\/strong><\/p>\n<p>Bref, si tu es \u00e0 Nantes en d\u00e9cembre et que tu veux \u00e9viter les cadeaux standardis\u00e9s, le Pop-up Nantes \u00e0 C\u0153ur est un rendez-vous \u00e0 ne pas manquer !<\/p>\n<p><script async src=\"\/\/www.instagram.com\/embed.js\"><\/script><\/p>\n","protected":false},"excerpt":{"rendered":"Cr\u00e9dit : Nantes \u00e0 coeur \u2014 Nantes \u00e0 coeur Envie de t\u2019\u00e9loigner des cadeaux format\u00e9s des grandes enseignes&hellip;\n","protected":false},"author":2,"featured_media":590398,"comment_status":"","ping_status":"","sticky":false,"template":"","format":"standard","meta":{"footnotes":""},"categories":[2818],"tags":[1111,11,1777,674,1011,27,766,12,2636,25],"class_list":{"0":"post-590397","1":"post","2":"type-post","3":"status-publish","4":"format-standard","5":"has-post-thumbnail","7":"category-nantes","8":"tag-actu","9":"tag-actualites","10":"tag-eu","11":"tag-europe","12":"tag-fr","13":"tag-france","14":"tag-nantes","15":"tag-news","16":"tag-pays-de-la-loire","17":"tag-republique-francaise"},"share_on_mastodon":{"url":"https:\/\/pubeurope.com\/@fr\/115694647280952755","error":""},"_links":{"self":[{"href":"https:\/\/www.europesays.com\/fr\/wp-json\/wp\/v2\/posts\/590397","targetHints":{"allow":["GET"]}}],"collection":[{"href":"https:\/\/www.europesays.com\/fr\/wp-json\/wp\/v2\/posts"}],"about":[{"href":"https:\/\/www.europesays.com\/fr\/wp-json\/wp\/v2\/types\/post"}],"author":[{"embeddable":true,"href":"https:\/\/www.europesays.com\/fr\/wp-json\/wp\/v2\/users\/2"}],"replies":[{"embeddable":true,"href":"https:\/\/www.europesays.com\/fr\/wp-json\/wp\/v2\/comments?post=590397"}],"version-history":[{"count":0,"href":"https:\/\/www.europesays.com\/fr\/wp-json\/wp\/v2\/posts\/590397\/revisions"}],"wp:featuredmedia":[{"embeddable":true,"href":"https:\/\/www.europesays.com\/fr\/wp-json\/wp\/v2\/media\/590398"}],"wp:attachment":[{"href":"https:\/\/www.europesays.com\/fr\/wp-json\/wp\/v2\/media?parent=590397"}],"wp:term":[{"taxonomy":"category","embeddable":true,"href":"https:\/\/www.europesays.com\/fr\/wp-json\/wp\/v2\/categories?post=590397"},{"taxonomy":"post_tag","embeddable":true,"href":"https:\/\/www.europesays.com\/fr\/wp-json\/wp\/v2\/tags?post=590397"}],"curies":[{"name":"wp","href":"https:\/\/api.w.org\/{rel}","templated":true}]}}