{"id":590401,"date":"2025-12-10T09:50:14","date_gmt":"2025-12-10T09:50:14","guid":{"rendered":"https:\/\/www.europesays.com\/fr\/590401\/"},"modified":"2025-12-10T09:50:14","modified_gmt":"2025-12-10T09:50:14","slug":"montlouis-bordeaux-sur-quelle-chaine-et-comment-regarder-le-match","status":"publish","type":"post","link":"https:\/\/www.europesays.com\/fr\/590401\/","title":{"rendered":"Montlouis-Bordeaux : sur quelle cha\u00eene et comment regarder le match ?"},"content":{"rendered":"<p><img decoding=\"async\" src=\"https:\/\/www.europesays.com\/fr\/wp-content\/uploads\/2025\/07\/671_07aaed426968c8cf4d769c98c7ab1f21.jpg\" alt=\"Montlouis-Bordeaux : sur quelle cha\u00eene et comment regarder le match ?\" class=\"img-responsive mt-3\"\/><\/p>\n<p class=\"text-center mb-3\" style=\"font-size: 14px\">\u00a9 Iconsport<\/p>\n<p>      <strong>T\u00e9l\u00e9vis\u00e9 sur TV7 et le D\u00e9brief \u00e0 Chaud sur WebGirondins<\/strong><\/p>\n<p style=\"text-align: justify;\">Pour cette rencontre qui se joue avec du public, vous pouvez assister \u00e0 cette opposition depuis le stade ou devant votre \u00e9cran.<\/p>\n<p style=\"text-align: justify;\">Sud-Ouest et TV7 sont diffuseurs officiels des Girondins de Bordeaux en National 2 cette saison.<\/p>\n<p style=\"text-align: justify;\">Vous pourrez donc regarder ce match en direct sur la cha\u00eene locale TV7 \u00e0 17h ce samedi 13 d\u00e9cembre \u00e0 19h. La cha\u00eene est accessible sur le site Sud-Ouest et sur le canal 33 de la TNT.<\/p>\n<p style=\"text-align: justify;\">Voici comment la trouver sur les diff\u00e9rentes box Internet : SFR (canal 491), Orange (Canal 355), Bbox (canal 334), free (canal 901).<\/p>\n<p style=\"text-align: justify;\">Le match est aussi disponible sur la cha\u00eene YouTube de TV7.<\/p>\n<p style=\"text-align: justify;\">De plus, nous vous proposons l&rsquo;\u00e9mission\u00a0<strong>Bord terrain \u00e0 18h20<\/strong>, et un\u00a0<strong>live texte sur WebGirondins d\u00e8s 18h45<\/strong>, suivi du\u00a0<strong>D\u00e9brief \u00e0 Chaud<\/strong> du match d\u00e8s 21h en direct sur <strong><a href=\"https:\/\/www.youtube.com\/channel\/UCkyRgJ6uhixmPRaSKiEI9aw?view_as=subscriber\" target=\"_blank\" rel=\"noopener\">notre cha\u00eene YouTube<\/a><\/strong>\u00a0avec les r\u00e9actions d\u00e8s le coup de sifflet final.<\/p>\n<p style=\"text-align: justify;\">\u00c0 d\u00e9couvrir : <a href=\"https:\/\/www.webgirondins.com\/actualite-girondins-n2-la-dncg-encadre-la-masse-salariale-du-prochain-adversaire-des-girondins-131437\" target=\"_blank\" rel=\"noopener\"><strong>N2 : la DNCG encadre la masse salariale du prochain adversaire des Girondins<\/strong><\/a><\/p>\n<p style=\"text-align: justify;\">\u00c9coutez dans le podcast court ci-dessous les trois tops de Bordeaux-Dinan en championnat (moins de deux minutes) :<\/p>\n<p>\u00a0<\/p>\n","protected":false},"excerpt":{"rendered":"\u00a9 Iconsport T\u00e9l\u00e9vis\u00e9 sur TV7 et le D\u00e9brief \u00e0 Chaud sur WebGirondins Pour cette rencontre qui se joue&hellip;\n","protected":false},"author":2,"featured_media":287493,"comment_status":"","ping_status":"","sticky":false,"template":"","format":"standard","meta":{"footnotes":""},"categories":[2817],"tags":[1111,11,3987,1997,3839,3139,20,49832,43480,1777,674,1011,27,1987,3465,955,39903,3238,12,2219,4789,471,3837,10432,25,3982,2858,1390,25231],"class_list":{"0":"post-590401","1":"post","2":"type-post","3":"status-publish","4":"format-standard","5":"has-post-thumbnail","7":"category-bordeaux","8":"tag-actu","9":"tag-actualites","10":"tag-affronter","11":"tag-bordeaux","12":"tag-chaine","13":"tag-cher","14":"tag-comment","15":"tag-decembre","16":"tag-deplacent","17":"tag-eu","18":"tag-europe","19":"tag-fr","20":"tag-france","21":"tag-girondins","22":"tag-journee","23":"tag-match","24":"tag-montlouis","25":"tag-national","26":"tag-news","27":"tag-nouvelle-aquitaine","28":"tag-poule","29":"tag-pour","30":"tag-quelle","31":"tag-regarder","32":"tag-republique-francaise","33":"tag-samedi","34":"tag-stade","35":"tag-tours","36":"tag-vallee"},"share_on_mastodon":{"url":"https:\/\/pubeurope.com\/@fr\/115694655337267877","error":""},"_links":{"self":[{"href":"https:\/\/www.europesays.com\/fr\/wp-json\/wp\/v2\/posts\/590401","targetHints":{"allow":["GET"]}}],"collection":[{"href":"https:\/\/www.europesays.com\/fr\/wp-json\/wp\/v2\/posts"}],"about":[{"href":"https:\/\/www.europesays.com\/fr\/wp-json\/wp\/v2\/types\/post"}],"author":[{"embeddable":true,"href":"https:\/\/www.europesays.com\/fr\/wp-json\/wp\/v2\/users\/2"}],"replies":[{"embeddable":true,"href":"https:\/\/www.europesays.com\/fr\/wp-json\/wp\/v2\/comments?post=590401"}],"version-history":[{"count":0,"href":"https:\/\/www.europesays.com\/fr\/wp-json\/wp\/v2\/posts\/590401\/revisions"}],"wp:featuredmedia":[{"embeddable":true,"href":"https:\/\/www.europesays.com\/fr\/wp-json\/wp\/v2\/media\/287493"}],"wp:attachment":[{"href":"https:\/\/www.europesays.com\/fr\/wp-json\/wp\/v2\/media?parent=590401"}],"wp:term":[{"taxonomy":"category","embeddable":true,"href":"https:\/\/www.europesays.com\/fr\/wp-json\/wp\/v2\/categories?post=590401"},{"taxonomy":"post_tag","embeddable":true,"href":"https:\/\/www.europesays.com\/fr\/wp-json\/wp\/v2\/tags?post=590401"}],"curies":[{"name":"wp","href":"https:\/\/api.w.org\/{rel}","templated":true}]}}