{"id":590402,"date":"2025-12-10T09:51:15","date_gmt":"2025-12-10T09:51:15","guid":{"rendered":"https:\/\/www.europesays.com\/fr\/590402\/"},"modified":"2025-12-10T09:51:15","modified_gmt":"2025-12-10T09:51:15","slug":"info-la-depeche-chute-de-10-metres-a-lecole-dingenieur-un-etudiant-tres-grievement-blesse","status":"publish","type":"post","link":"https:\/\/www.europesays.com\/fr\/590402\/","title":{"rendered":"INFO LA DEPECHE. Chute de 10 m\u00e8tres \u00e0 l\u2019\u00e9cole d\u2019ing\u00e9nieur, un \u00e9tudiant tr\u00e8s gri\u00e8vement bless\u00e9"},"content":{"rendered":"<p>\n                                                                    l&rsquo;essentiel<br \/>\n                                                                Un \u00e9tudiant de 21 ans a \u00e9t\u00e9 gri\u00e8vement bless\u00e9 mardi soir apr\u00e8s une chute de plus de dix m\u00e8tres dans les escaliers de l\u2019Enseeiht, \u00e0 Toulouse. Malgr\u00e9 la pr\u00e9sence d\u2019un encadrement et d\u2019un service de s\u00e9curit\u00e9 lors d\u2019ateliers \u00e9tudiants, les circonstances du drame restent floues et une enqu\u00eate a \u00e9t\u00e9 ouverte.\n                            <\/p>\n<p>Un \u00e9tudiant de l\u2019\u00e9cole d\u2019ing\u00e9nieur de Toulouse a \u00e9t\u00e9 gri\u00e8vement bless\u00e9 apr\u00e8s une chute de plus de dix m\u00e8tres dans les escaliers de l\u2019\u00e9tablissement, ce mardi soir.<\/p>\n<p>Les faits se sont d\u00e9roul\u00e9s vers 23\u00a0heures dans les locaux de l\u2019Enseeiht, alors qu\u2019une quarantaine d\u2019\u00e9tudiants participaient encore \u00e0 divers ateliers encadr\u00e9s par un formateur et un service de s\u00e9curit\u00e9. Malgr\u00e9 la pr\u00e9sence d\u2019un formateur et d\u2019un service de s\u00e9curit\u00e9, un jeune homme a fait une chute dans les escaliers de service. \u00c0 l\u2019arriv\u00e9e du Smur 31, la victime \u00e9tait consciente mais son \u00e9tat inqui\u00e9tait fortement les secouristes, qui ont d\u00e9cid\u00e9 d\u2019un transfert en urgence vers un h\u00f4pital. Les m\u00e9decins y ont estim\u00e9 que son pronostic vital \u00e9tait \u00ab\u00a0engag\u00e9\u00a0\u00bb.<\/p>\n<p>Pas de t\u00e9moin<\/p>\n<p>Peu avant minuit, la police est intervenue afin de comprendre le d\u00e9roul\u00e9 de la soir\u00e9e. Selon les premi\u00e8res auditions, aucun participant n\u2019aurait \u00e9t\u00e9 t\u00e9moin direct de la chute, ce qui complique pour l\u2019heure la reconstitution pr\u00e9cise des faits.<\/p>\n<p class=\"std-elt__inline\">\n        <strong>\u00c0 lire aussi :<\/strong><br \/>\n        <a href=\"https:\/\/www.ladepeche.fr\/article\/2006\/02\/21\/48017-renovation-de-l-enseeiht-et-de-la-caserne-lougnon.html\" target=\"_blank\" rel=\"noopener\">R\u00e9novation de l&rsquo;Enseeiht et de la caserne Lougnon<\/a>\n    <\/p>\n<p>Si l\u2019\u00e9v\u00e9nement, pr\u00e9sent\u00e9 par un \u00e9tudiant comme \u00ab\u00a0ludique\u00a0\u00bb et non festif, ne sugg\u00e8re pas de d\u00e9bordements imm\u00e9diats, la possibilit\u00e9 d\u2019un incident li\u00e9 \u00e0 une consommation d\u2019alcool ou de stup\u00e9fiants est \u00e9voqu\u00e9e mais reste \u00e0 confirmer. Dans ce contexte encore flou, le parquet a confi\u00e9 les investigations \u00e0 la police nationale dans l\u2019attente d\u2019informations suppl\u00e9mentaires sur l\u2019\u00e9tat de sant\u00e9 du jeune homme. Le directeur de l\u2019\u00e9tablissement, pr\u00e9sent lors des constatations, ne s\u2019est pour l\u2019instant pas exprim\u00e9 aupr\u00e8s de la D\u00e9p\u00eache du Midi.<\/p>\n","protected":false},"excerpt":{"rendered":"l&rsquo;essentiel Un \u00e9tudiant de 21 ans a \u00e9t\u00e9 gri\u00e8vement bless\u00e9 mardi soir apr\u00e8s une chute de plus de&hellip;\n","protected":false},"author":2,"featured_media":590403,"comment_status":"","ping_status":"","sticky":false,"template":"","format":"standard","meta":{"footnotes":""},"categories":[2816],"tags":[3085,1111,11,1777,674,118,1011,27,2722,12,2680,25,2312],"class_list":{"0":"post-590402","1":"post","2":"type-post","3":"status-publish","4":"format-standard","5":"has-post-thumbnail","7":"category-toulouse","8":"tag-accidents","9":"tag-actu","10":"tag-actualites","11":"tag-eu","12":"tag-europe","13":"tag-faits-divers","14":"tag-fr","15":"tag-france","16":"tag-haute-garonne","17":"tag-news","18":"tag-occitanie","19":"tag-republique-francaise","20":"tag-toulouse"},"share_on_mastodon":{"url":"https:\/\/pubeurope.com\/@fr\/115694658262128940","error":""},"_links":{"self":[{"href":"https:\/\/www.europesays.com\/fr\/wp-json\/wp\/v2\/posts\/590402","targetHints":{"allow":["GET"]}}],"collection":[{"href":"https:\/\/www.europesays.com\/fr\/wp-json\/wp\/v2\/posts"}],"about":[{"href":"https:\/\/www.europesays.com\/fr\/wp-json\/wp\/v2\/types\/post"}],"author":[{"embeddable":true,"href":"https:\/\/www.europesays.com\/fr\/wp-json\/wp\/v2\/users\/2"}],"replies":[{"embeddable":true,"href":"https:\/\/www.europesays.com\/fr\/wp-json\/wp\/v2\/comments?post=590402"}],"version-history":[{"count":0,"href":"https:\/\/www.europesays.com\/fr\/wp-json\/wp\/v2\/posts\/590402\/revisions"}],"wp:featuredmedia":[{"embeddable":true,"href":"https:\/\/www.europesays.com\/fr\/wp-json\/wp\/v2\/media\/590403"}],"wp:attachment":[{"href":"https:\/\/www.europesays.com\/fr\/wp-json\/wp\/v2\/media?parent=590402"}],"wp:term":[{"taxonomy":"category","embeddable":true,"href":"https:\/\/www.europesays.com\/fr\/wp-json\/wp\/v2\/categories?post=590402"},{"taxonomy":"post_tag","embeddable":true,"href":"https:\/\/www.europesays.com\/fr\/wp-json\/wp\/v2\/tags?post=590402"}],"curies":[{"name":"wp","href":"https:\/\/api.w.org\/{rel}","templated":true}]}}