{"id":590404,"date":"2025-12-10T09:52:14","date_gmt":"2025-12-10T09:52:14","guid":{"rendered":"https:\/\/www.europesays.com\/fr\/590404\/"},"modified":"2025-12-10T09:52:14","modified_gmt":"2025-12-10T09:52:14","slug":"des-militants-perches-dans-les-arbres-a-toulouse-avant-une-audience-decisive-en-justice","status":"publish","type":"post","link":"https:\/\/www.europesays.com\/fr\/590404\/","title":{"rendered":"des militants perch\u00e9s dans les arbres \u00e0 Toulouse avant une audience d\u00e9cisive en justice"},"content":{"rendered":"<p>                    Par<br \/>\n        <strong><br \/>\n            <a href=\"https:\/\/actu.fr\/auteur\/paul-2\" title=\"Consulter tous les articles de Paul Halbedel\" target=\"_blank\" rel=\"noopener\">Paul Halbedel<\/a><br \/>\n                    <\/strong><\/p>\n<p>        Publi\u00e9 le<\/p>\n<p>            10 d\u00e9c. 2025 \u00e0 10h29        <\/p>\n<p>Les <strong>\u00e9cureuils<\/strong> sont de retour. Ces militants oppos\u00e9s \u00e0 la construction de <a href=\"https:\/\/actu.fr\/tag\/autoroute-castres-toulouse-a69\" target=\"_blank\" rel=\"noopener\">l\u2019autoroute A69 entre Castres et Toulouse<\/a> sont perch\u00e9s depuis ce mercredi 10\u00a0d\u00e9cembre au matin dans des arbres situ\u00e9s devant la Cour administrative d\u2019Appel de Toulouse. <strong>Ils seraient 10 au total, post\u00e9s dans deux platanes<\/strong>, selon les informations d\u00e9livr\u00e9es par le collectif La Voie est libre.<\/p>\n<p class=\" wall-content\">Une action symbolique \u00e0 la veille de l\u2019audience au cours de laquelle les juges de cette instance devront examiner <strong>la l\u00e9galit\u00e9 des autorisations environnementales encadrant le chantier<\/strong> de cette infrastructure.<\/p>\n<p>Thomas Brail est perch\u00e9 dans l\u2019un des platanes<\/p>\n<p class=\" wall-content\">Parmi ces \u00e9cureuils, figure <strong>Thomas Brail<\/strong>, le pr\u00e9sident du Groupe national de surveillance des arbres (GNSA). Le Tarnais est l\u2019une des figures les plus m\u00e9diatiques de la lutte contre l\u2019autoroute A69.<\/p>\n<p class=\" wall-content\">\u00ab\u2009On est l\u00e0 pour rappeler que <strong>le droit est grandement entam\u00e9<\/strong>, puisqu\u2019on a remis le m\u00eame rapporteur et le m\u00eame juge qui ont jug\u00e9 le sursis \u00e0 ex\u00e9cution et ont permis que les travaux continuent entre le premier jugement du 27 f\u00e9vrier et l\u2019appel\u2009\u00bb, annonce le militant.<\/p>\n<p>Vid\u00e9os : en ce moment sur Actu\u00ab\u2009On doit juger le droit et uniquement le droit\u2009\u00bb<\/p>\n<p class=\" wall-content\">Alors que le rapporteur public a livr\u00e9 \u00e0 ses conclusions aux diff\u00e9rentes parties et est all\u00e9 \u00e0 l\u2019inverse de la <a href=\"https:\/\/actu.fr\/occitanie\/castres_81065\/a69-le-tribunal-administratif-annule-larrete-prefectoral-autorisant-le-chantier-entre-castres-a-toulouse_62308002.html\" target=\"_blank\" rel=\"noopener\">d\u00e9cision rendue en premi\u00e8re instance<\/a> en se pronon\u00e7ant en faveur de la validation des autorisations environnementales encadrant le chantier de l\u2019A69, Thomas Brail \u00e9voque les <strong>\u00ab\u2009raisons fallacieuses\u2009\u00bb<\/strong> avanc\u00e9es par ce dernier et <strong>\u00ab\u2009des \u00e9l\u00e9ments de langage tir\u00e9s des arguments du porteur de projet Atosca\u2009\u00bb<\/strong>.<\/p>\n<p class=\" wall-content\">\u00ab\u2009On est l\u00e0 pour rappeler que l\u2019<strong>on doit\u00a0juger le droit et uniquement le droit<\/strong>. \u00c7a va \u00eatre difficile pour eux, s\u2019ils valident les autorisations pour cette autoroute, de trouver les \u00e9l\u00e9ments de langage pour nous faire avaler la pilule\u2009\u00bb, note le pr\u00e9sident du GNSA. \u00ab\u2009<strong>Toutes les associations sont sur le pied de guerre<\/strong>. Je n\u2019aime pas ce mot, mais on va l\u2019utiliser aujourd\u2019hui, car le droit est grandement entam\u00e9\u2009\u00bb, conclut-il.<\/p>\n<p class=\" wall-content\">Personnalisez votre actualit\u00e9 en ajoutant vos villes et m\u00e9dias en favori avec <a href=\"https:\/\/moncompte.actu.fr\" title=\"D\u00e9couvez Mon Actu\" rel=\"nofollow noopener\" data-trk=\"{&quot;cta&quot;:{&quot;action&quot;:&quot;https:\\\/\\\/moncompte.actu.fr&quot;,&quot;category&quot;:&quot;mon compte&quot;,&quot;from&quot;:&quot;article footer&quot;,&quot;name&quot;:&quot;Mon actu&quot;,&quot;type&quot;:&quot;cta&quot;}}\" target=\"_blank\">Mon Actu<\/a>.<\/p>\n","protected":false},"excerpt":{"rendered":"Par Paul Halbedel Publi\u00e9 le 10 d\u00e9c. 2025 \u00e0 10h29 Les \u00e9cureuils sont de retour. Ces militants oppos\u00e9s&hellip;\n","protected":false},"author":2,"featured_media":590405,"comment_status":"","ping_status":"","sticky":false,"template":"","format":"standard","meta":{"footnotes":""},"categories":[2816],"tags":[1111,11,5728,436,1777,674,1011,27,1272,12,2680,25,104,2312],"class_list":{"0":"post-590404","1":"post","2":"type-post","3":"status-publish","4":"format-standard","5":"has-post-thumbnail","7":"category-toulouse","8":"tag-actu","9":"tag-actualites","10":"tag-autoroute-castres-toulouse-a69","11":"tag-environnement","12":"tag-eu","13":"tag-europe","14":"tag-fr","15":"tag-france","16":"tag-manifestations","17":"tag-news","18":"tag-occitanie","19":"tag-republique-francaise","20":"tag-societe","21":"tag-toulouse"},"share_on_mastodon":{"url":"https:\/\/pubeurope.com\/@fr\/115694662136182972","error":""},"_links":{"self":[{"href":"https:\/\/www.europesays.com\/fr\/wp-json\/wp\/v2\/posts\/590404","targetHints":{"allow":["GET"]}}],"collection":[{"href":"https:\/\/www.europesays.com\/fr\/wp-json\/wp\/v2\/posts"}],"about":[{"href":"https:\/\/www.europesays.com\/fr\/wp-json\/wp\/v2\/types\/post"}],"author":[{"embeddable":true,"href":"https:\/\/www.europesays.com\/fr\/wp-json\/wp\/v2\/users\/2"}],"replies":[{"embeddable":true,"href":"https:\/\/www.europesays.com\/fr\/wp-json\/wp\/v2\/comments?post=590404"}],"version-history":[{"count":0,"href":"https:\/\/www.europesays.com\/fr\/wp-json\/wp\/v2\/posts\/590404\/revisions"}],"wp:featuredmedia":[{"embeddable":true,"href":"https:\/\/www.europesays.com\/fr\/wp-json\/wp\/v2\/media\/590405"}],"wp:attachment":[{"href":"https:\/\/www.europesays.com\/fr\/wp-json\/wp\/v2\/media?parent=590404"}],"wp:term":[{"taxonomy":"category","embeddable":true,"href":"https:\/\/www.europesays.com\/fr\/wp-json\/wp\/v2\/categories?post=590404"},{"taxonomy":"post_tag","embeddable":true,"href":"https:\/\/www.europesays.com\/fr\/wp-json\/wp\/v2\/tags?post=590404"}],"curies":[{"name":"wp","href":"https:\/\/api.w.org\/{rel}","templated":true}]}}