{"id":590409,"date":"2025-12-10T09:55:12","date_gmt":"2025-12-10T09:55:12","guid":{"rendered":"https:\/\/www.europesays.com\/fr\/590409\/"},"modified":"2025-12-10T09:55:12","modified_gmt":"2025-12-10T09:55:12","slug":"marseille-concert-dalonzo-au-stade-velodrome-voici-le-prix-des-places","status":"publish","type":"post","link":"https:\/\/www.europesays.com\/fr\/590409\/","title":{"rendered":"Marseille. Concert d&rsquo;Alonzo au stade V\u00e9lodrome, voici le prix des places"},"content":{"rendered":"<p>                    Par<br \/>\n        <strong><br \/>\n            <a href=\"https:\/\/actu.fr\/auteur\/thibault-nadal-actu-fr\" title=\"Consulter tous les articles de Thibault Nadal\" target=\"_blank\" rel=\"noopener\">Thibault Nadal<\/a><br \/>\n                    <\/strong><\/p>\n<p>        Publi\u00e9 le<\/p>\n<p>            10 d\u00e9c. 2025 \u00e0 10h48        <\/p>\n<p>Il est de retour pour \u00ab\u2009la seconde bataille\u2009\u00bb. <a href=\"https:\/\/actu.fr\/provence-alpes-cote-d-azur\/marseille_13055\/marseille-zidane-et-ces-stars-attendus-dans-ce-quartier-la-circulation-fortement-perturbee_63525981.html\" target=\"_blank\" rel=\"noopener\">En marge d\u2019un \u00e9v\u00e9nement avec Zin\u00e9dine Zidane<\/a> ce dimanche 7\u00a0d\u00e9cembre 2025, le rappeur marseillais, Alonzo, a annonc\u00e9 un concert au <a href=\"https:\/\/actu.fr\/tag\/stade-velodrome\" target=\"_blank\" rel=\"noopener\">stade V\u00e9lodrome<\/a> de <a href=\"https:\/\/actu.fr\/marseille\/\" target=\"_blank\" rel=\"noopener\">Marseille<\/a> pour <strong>le samedi 6 juin 2026<\/strong>, suscitant l\u2019engouement de tous ses fans.<\/p>\n<p class=\" wall-content\">La pr\u00e9vente a ouvert ce mercredi 10\u00a0d\u00e9cembre. D\u00e9couvrez le prix des billets.<\/p>\n<p>Entre 49 et 129\u00a0euros<\/p>\n<p class=\" wall-content\">Son premier et unique concert \u00e0 l\u2019\u00e9t\u00e9 2025 avait suscit\u00e9 <strong>un engouement important<\/strong>. Alors, le natif de Plan-d\u2019Aou dans le 15e arrondissement a d\u00e9cid\u00e9 de revenir sur la sc\u00e8ne du V\u00e9lodrome.<\/p>\n<p class=\" wall-content\"><a href=\"https:\/\/www.instagram.com\/p\/DR-ZjXyjg7O\/embed\" title=\"Ouvrir le lien sur Instagram\" target=\"_blank\" rel=\"noopener\">Visualiser le contenu sur Instagram<\/a><\/p>\n<p class=\" wall-content\">Ce mercredi 10\u00a0d\u00e9cembre 2025, la pr\u00e9vente a ouvert au grand public. Selon le site du V\u00e9lodrome, les places co\u00fbteront entre 49 et 129\u00a0euros, en fonction de l\u2019emplacement choisi. <strong>Un prix en l\u00e9g\u00e8re augmentation<\/strong> et d\u00e9j\u00e0 critiqu\u00e9 sur les r\u00e9seaux sociaux. \u00ab\u2009Alonzo, il abuse\u2009!! Le prix des places pour le Vel waouh\u2009\u00bb, \u00e9crit un internaute sur <a href=\"https:\/\/x.com\/leuzumakii\/status\/1998682027206336899\">X<\/a>.<\/p>\n<p>Voici les prix d\u00e9taill\u00e9s<\/p>\n<p class=\" wall-content\">Les premiers prix, \u00e0 49\u00a0euros, ne sont pas en fosse, mais en cat\u00e9gorie 3, tout en haut de l\u2019enceinte du boulevard Michelet (8e). Pour voir Alonzo <strong>depuis la pelouse, il faudra d\u00e9bourser 69\u00a0euros et 89\u00a0euros<\/strong> pour y acc\u00e9der avec 30\u00a0minutes d\u2019avance.<\/p>\n<p class=\" wall-content\">Pour 69\u00a0euros, les fans d\u2019Alonzo pourront \u00e9galement s\u2019installer en cat\u00e9gorie 2. La cat\u00e9gorie 1 est, elle, affich\u00e9e \u00e0 89\u00a0euros.<\/p>\n<p class=\" wall-content\">Enfin, pour avoir les meilleures places, il faudra d\u00e9bourser <strong>une somme \u00e0 trois chiffres<\/strong>\u2009: 109\u00a0euros pour la cat\u00e9gorie or et 129\u00a0euros pour la cat\u00e9gorie diamant.<\/p>\n<p>Votre r\u00e9gion, votre actu !<\/p>\n<p>Recevez chaque jour les infos qui comptent pour vous.<\/p>\n<p>\t<a href=\"https:\/\/actu.fr\/newsletter\" class=\"ac-btn ac-btn--corner ac-btn--medium ac-btn--blue800\" target=\"_blank\" rel=\"noopener\">S&rsquo;incrire<\/a><\/p>\n<p class=\" wall-content\">Il faudra \u00eatre vif apr\u00e8s cette phase de pr\u00e9vente. <strong>La billetterie, elle, ouvre ce jeudi 11\u00a0d\u00e9cembre \u00e0 midi<\/strong>.<\/p>\n<p class=\" wall-content\">Personnalisez votre actualit\u00e9 en ajoutant vos villes et m\u00e9dias en favori avec <a href=\"https:\/\/moncompte.actu.fr\" title=\"D\u00e9couvez Mon Actu\" rel=\"nofollow noopener\" data-trk=\"{&quot;cta&quot;:{&quot;action&quot;:&quot;https:\\\/\\\/moncompte.actu.fr&quot;,&quot;category&quot;:&quot;mon compte&quot;,&quot;from&quot;:&quot;article footer&quot;,&quot;name&quot;:&quot;Mon actu&quot;,&quot;type&quot;:&quot;cta&quot;}}\" target=\"_blank\">Mon Actu<\/a>.<\/p>\n<p>                    <script async src=\"\/\/www.instagram.com\/embed.js\"><\/script><\/p>\n","protected":false},"excerpt":{"rendered":"Par Thibault Nadal Publi\u00e9 le 10 d\u00e9c. 2025 \u00e0 10h48 Il est de retour pour \u00ab\u2009la seconde bataille\u2009\u00bb.&hellip;\n","protected":false},"author":2,"featured_media":590410,"comment_status":"","ping_status":"","sticky":false,"template":"","format":"standard","meta":{"footnotes":""},"categories":[2814],"tags":[1111,11,1697,1777,674,1011,27,1652,884,12,882,25,1280],"class_list":{"0":"post-590409","1":"post","2":"type-post","3":"status-publish","4":"format-standard","5":"has-post-thumbnail","7":"category-marseille","8":"tag-actu","9":"tag-actualites","10":"tag-concert","11":"tag-eu","12":"tag-europe","13":"tag-fr","14":"tag-france","15":"tag-loisirs-culture","16":"tag-marseille","17":"tag-news","18":"tag-provence-alpes-cote-dazur","19":"tag-republique-francaise","20":"tag-stade-velodrome"},"share_on_mastodon":{"url":"https:\/\/pubeurope.com\/@fr\/115694673694663882","error":""},"_links":{"self":[{"href":"https:\/\/www.europesays.com\/fr\/wp-json\/wp\/v2\/posts\/590409","targetHints":{"allow":["GET"]}}],"collection":[{"href":"https:\/\/www.europesays.com\/fr\/wp-json\/wp\/v2\/posts"}],"about":[{"href":"https:\/\/www.europesays.com\/fr\/wp-json\/wp\/v2\/types\/post"}],"author":[{"embeddable":true,"href":"https:\/\/www.europesays.com\/fr\/wp-json\/wp\/v2\/users\/2"}],"replies":[{"embeddable":true,"href":"https:\/\/www.europesays.com\/fr\/wp-json\/wp\/v2\/comments?post=590409"}],"version-history":[{"count":0,"href":"https:\/\/www.europesays.com\/fr\/wp-json\/wp\/v2\/posts\/590409\/revisions"}],"wp:featuredmedia":[{"embeddable":true,"href":"https:\/\/www.europesays.com\/fr\/wp-json\/wp\/v2\/media\/590410"}],"wp:attachment":[{"href":"https:\/\/www.europesays.com\/fr\/wp-json\/wp\/v2\/media?parent=590409"}],"wp:term":[{"taxonomy":"category","embeddable":true,"href":"https:\/\/www.europesays.com\/fr\/wp-json\/wp\/v2\/categories?post=590409"},{"taxonomy":"post_tag","embeddable":true,"href":"https:\/\/www.europesays.com\/fr\/wp-json\/wp\/v2\/tags?post=590409"}],"curies":[{"name":"wp","href":"https:\/\/api.w.org\/{rel}","templated":true}]}}