{"id":590413,"date":"2025-12-10T09:57:10","date_gmt":"2025-12-10T09:57:10","guid":{"rendered":"https:\/\/www.europesays.com\/fr\/590413\/"},"modified":"2025-12-10T09:57:10","modified_gmt":"2025-12-10T09:57:10","slug":"metros-fonctionnant-24h-24-le-week-end-veronique-sarselli-conseille-a-bruno-bernard-de-proposer-plutot-un-reseau-operationnel-la-semaine","status":"publish","type":"post","link":"https:\/\/www.europesays.com\/fr\/590413\/","title":{"rendered":"M\u00e9tros fonctionnant 24h\/24 le week-end ? V\u00e9ronique Sarselli conseille \u00e0 Bruno Bernard de proposer plut\u00f4t un r\u00e9seau op\u00e9rationnel la semaine"},"content":{"rendered":"<p>Apr\u00e8s l\u2019annonce du pr\u00e9sident \u00e9cologiste sortant de la M\u00e9tropole de Lyon d\u2019\u00e9tudier <a href=\"https:\/\/www.lyonmag.com\/article\/148822\/metro-lyonnais-bruno-bernard-promet-un-service-24h-24-le-week-end\" target=\"_blank\" rel=\"noopener\">une circulation des m\u00e9tros 24h\/24 le week-end<\/a>, son adversaire d\u00e9clar\u00e9e pour les \u00e9lections m\u00e9tropolitaines de mars 2026, V\u00e9ronique Sarselli (Grand C\u0153ur Lyonnais), a vivement r\u00e9agi. Dans un communiqu\u00e9, la maire LR de Sainte-Foy-l\u00e8s-Lyon critique une promesse qu\u2019elle juge\u00a0\u00ab\u00a0d\u00e9connect\u00e9e des besoins imm\u00e9diats du r\u00e9seau\u00a0\u00bb.<\/p>\n<p>Selon elle, le pr\u00e9sident du Sytral \u00ab\u00a0ferait mieux d\u2019agir d\u00e8s maintenant pour faire rouler les m\u00e9tros sans panne aux horaires actuels\u00a0\u00bb. Elle pointe des interruptions r\u00e9guli\u00e8res du service depuis plusieurs ann\u00e9es et rappelle que la derni\u00e8re panne s\u2019est produite ce week-end en pleine F\u00eate des Lumi\u00e8res, provoquant d\u2019importantes perturbations.<\/p>\n<p>La candidate estime que la majorit\u00e9 \u00e9cologiste sortante \u00ab\u00a0ach\u00e8ve une gestion calamiteuse du r\u00e9seau de m\u00e9tro\u00a0\u00bb, citant l\u2019absence d\u2019investissements jug\u00e9s suffisants et la persistance d\u2019escalators et d\u2019ascenseurs hors service dans plusieurs stations.<\/p>\n<p>V\u00e9ronique Sarselli critique \u00e9galement le co\u00fbt potentiel d\u2019une exploitation nocturne continue, qui, selon elle, \u00ab\u00a0posera de s\u00e9rieux probl\u00e8mes de maintenance pour les interventions techniques programm\u00e9es la nuit\u00a0\u00bb. Elle accuse enfin Bruno Bernard de \u00ab\u00a0promettre monts et merveilles pour sauver son si\u00e8ge\u00a0\u00bb, tout en \u00e9voquant \u00ab\u00a0la situation financi\u00e8re d\u00e9sastreuse dans laquelle il a plong\u00e9 le Sytral\u00a0\u00bb.<\/p>\n","protected":false},"excerpt":{"rendered":"Apr\u00e8s l\u2019annonce du pr\u00e9sident \u00e9cologiste sortant de la M\u00e9tropole de Lyon d\u2019\u00e9tudier une circulation des m\u00e9tros 24h\/24 le&hellip;\n","protected":false},"author":2,"featured_media":590414,"comment_status":"","ping_status":"","sticky":false,"template":"","format":"standard","meta":{"footnotes":""},"categories":[1889],"tags":[1111,11,2813,2190,2430,1109,251,1112,2811,1777,674,118,1011,27,1922,1110,1114,2428,2810,12,241,316,25,2812,517,800],"class_list":{"0":"post-590413","1":"post","2":"type-post","3":"status-publish","4":"format-standard","5":"has-post-thumbnail","7":"category-lyon","8":"tag-actu","9":"tag-actualites","10":"tag-article","11":"tag-asvel","12":"tag-auvergne-rhone-alpes","13":"tag-breves","14":"tag-culture","15":"tag-depeches","16":"tag-economique","17":"tag-eu","18":"tag-europe","19":"tag-faits-divers","20":"tag-fr","21":"tag-france","22":"tag-info","23":"tag-informations","24":"tag-infos","25":"tag-lyon","26":"tag-lyonmag","27":"tag-news","28":"tag-ol","29":"tag-politique","30":"tag-republique-francaise","31":"tag-sociale","32":"tag-sport","33":"tag-transports"},"share_on_mastodon":{"url":"https:\/\/pubeurope.com\/@fr\/115694681795882871","error":""},"_links":{"self":[{"href":"https:\/\/www.europesays.com\/fr\/wp-json\/wp\/v2\/posts\/590413","targetHints":{"allow":["GET"]}}],"collection":[{"href":"https:\/\/www.europesays.com\/fr\/wp-json\/wp\/v2\/posts"}],"about":[{"href":"https:\/\/www.europesays.com\/fr\/wp-json\/wp\/v2\/types\/post"}],"author":[{"embeddable":true,"href":"https:\/\/www.europesays.com\/fr\/wp-json\/wp\/v2\/users\/2"}],"replies":[{"embeddable":true,"href":"https:\/\/www.europesays.com\/fr\/wp-json\/wp\/v2\/comments?post=590413"}],"version-history":[{"count":0,"href":"https:\/\/www.europesays.com\/fr\/wp-json\/wp\/v2\/posts\/590413\/revisions"}],"wp:featuredmedia":[{"embeddable":true,"href":"https:\/\/www.europesays.com\/fr\/wp-json\/wp\/v2\/media\/590414"}],"wp:attachment":[{"href":"https:\/\/www.europesays.com\/fr\/wp-json\/wp\/v2\/media?parent=590413"}],"wp:term":[{"taxonomy":"category","embeddable":true,"href":"https:\/\/www.europesays.com\/fr\/wp-json\/wp\/v2\/categories?post=590413"},{"taxonomy":"post_tag","embeddable":true,"href":"https:\/\/www.europesays.com\/fr\/wp-json\/wp\/v2\/tags?post=590413"}],"curies":[{"name":"wp","href":"https:\/\/api.w.org\/{rel}","templated":true}]}}