{"id":590415,"date":"2025-12-10T09:58:16","date_gmt":"2025-12-10T09:58:16","guid":{"rendered":"https:\/\/www.europesays.com\/fr\/590415\/"},"modified":"2025-12-10T09:58:16","modified_gmt":"2025-12-10T09:58:16","slug":"messages-anti-police-pendant-la-fete-des-lumieres-une-enquete-ouverte","status":"publish","type":"post","link":"https:\/\/www.europesays.com\/fr\/590415\/","title":{"rendered":"Messages anti-police pendant la F\u00eate des Lumi\u00e8res : une enqu\u00eate ouverte"},"content":{"rendered":"<p>                            <img loading=\"lazy\" width=\"1200\" height=\"676\" class=\"attachment-article size-article wp-post-image lazyload\" alt=\"\" decoding=\"async\" src=\"https:\/\/www.europesays.com\/fr\/wp-content\/uploads\/2025\/12\/G7gelcLXcAEtlx2.jpg\"  data- data-eio-rwidth=\"1200\" data-eio-rheight=\"676\"\/><\/p>\n<p>Cr\u00e9dit photo : EliottD5 sur X<\/p>\n<p class=\"content\" style=\"font-size:1.2em;font-weight:700\">Des messages anti-police projet\u00e9s place des Terreaux lors de la F\u00eate des Lumi\u00e8res ont provoqu\u00e9 une vague d\u2019indignation politique. Une enqu\u00eate a \u00e9t\u00e9 ouverte pour injures publiques et abus de confiance.<\/p>\n<p>\u00ab\u00a0Non \u00e0 l&rsquo;\u00e9tat policier\u00a0\u00bb, \u00ab\u00a0police blesse et tue\u00a0\u00bb, la violence polici\u00e8re est partout. Tels \u00e9taient <a href=\"https:\/\/www.lyoncapitale.fr\/actualite\/des-slogans-anti-police-pendant-la-fete-des-lumieres-la-prefete-condamne\" target=\"_blank\" rel=\"noreferrer noopener\">les nombreux messages<\/a> a caract\u00e8re anti-police diffus\u00e9s sur la place des Terreaux ce samedi 6 d\u00e9cembre \u00e0 l&rsquo;occasion de la F\u00eate des Lumi\u00e8res. Ces accusations, coordonn\u00e9es \u00e0 des slogans contre l&rsquo;extr\u00eame droite ont \u00e9t\u00e9 revendiqu\u00e9s d\u00e8s la soir\u00e9e de samedi par le collectif \u00e9cologiste des \u00ab\u00a0Soul\u00e8vements de la Terre\u00a0\u00bb.<\/p>\n<p><strong>Lire aussi :<\/strong> <a href=\"https:\/\/www.lyoncapitale.fr\/actualite\/messages-anti-police-pendant-la-fete-des-lumieres-a-lyon-ce-syndicat-denonce-une-provocation-inutile\" target=\"_blank\" rel=\"noreferrer noopener\">Messages anti-police pendant la F\u00eate des Lumi\u00e8res \u00e0 Lyon : ce syndicat d\u00e9nonce \u00ab\u00a0une provocation inutile\u00a0\u00bb<\/a><\/p>\n<p>Imm\u00e9diatement, la classe politique s&rsquo;est indign\u00e9e, de Gr\u00e9gory Doucet \u00e0 Laurent Nu\u00f1ez en passant par Jean-Michel Aulas. Fabienne Buccio, la pr\u00e9f\u00e8te du Rh\u00f4ne a donc saisi le procureur de la R\u00e9publique de Lyon. Selon les informations de <a href=\"https:\/\/www.leprogres.fr\/faits-divers-justice\/2025\/12\/09\/messages-anti-police-projetes-sauvagement-pendant-la-fete-des-lumieres-une-enquete-ouverte\" target=\"_blank\" rel=\"noreferrer noopener\">nos confr\u00e8res du Progr\u00e8s,<\/a> une enqu\u00eate a bien \u00e9t\u00e9 ouverte ce lundi 8 d\u00e9cembre. Elle concerne plusieurs chefs d&rsquo;accusation pour \u00ab\u00a0injures publiques\u00a0\u00bb ou \u00ab\u00a0abus de confiance\u00a0\u00bb. A noter que les investigations ont \u00e9t\u00e9 confi\u00e9es \u00e0 la Direction interd\u00e9partementale de la police nationale du Rh\u00f4ne (DIPN).<\/p>\n","protected":false},"excerpt":{"rendered":"Cr\u00e9dit photo : EliottD5 sur X Des messages anti-police projet\u00e9s place des Terreaux lors de la F\u00eate des&hellip;\n","protected":false},"author":2,"featured_media":590416,"comment_status":"","ping_status":"","sticky":false,"template":"","format":"standard","meta":{"footnotes":""},"categories":[1889],"tags":[1111,11,2430,1777,674,1011,27,2428,12,25],"class_list":{"0":"post-590415","1":"post","2":"type-post","3":"status-publish","4":"format-standard","5":"has-post-thumbnail","7":"category-lyon","8":"tag-actu","9":"tag-actualites","10":"tag-auvergne-rhone-alpes","11":"tag-eu","12":"tag-europe","13":"tag-fr","14":"tag-france","15":"tag-lyon","16":"tag-news","17":"tag-republique-francaise"},"share_on_mastodon":{"url":"https:\/\/pubeurope.com\/@fr\/115694687175811599","error":""},"_links":{"self":[{"href":"https:\/\/www.europesays.com\/fr\/wp-json\/wp\/v2\/posts\/590415","targetHints":{"allow":["GET"]}}],"collection":[{"href":"https:\/\/www.europesays.com\/fr\/wp-json\/wp\/v2\/posts"}],"about":[{"href":"https:\/\/www.europesays.com\/fr\/wp-json\/wp\/v2\/types\/post"}],"author":[{"embeddable":true,"href":"https:\/\/www.europesays.com\/fr\/wp-json\/wp\/v2\/users\/2"}],"replies":[{"embeddable":true,"href":"https:\/\/www.europesays.com\/fr\/wp-json\/wp\/v2\/comments?post=590415"}],"version-history":[{"count":0,"href":"https:\/\/www.europesays.com\/fr\/wp-json\/wp\/v2\/posts\/590415\/revisions"}],"wp:featuredmedia":[{"embeddable":true,"href":"https:\/\/www.europesays.com\/fr\/wp-json\/wp\/v2\/media\/590416"}],"wp:attachment":[{"href":"https:\/\/www.europesays.com\/fr\/wp-json\/wp\/v2\/media?parent=590415"}],"wp:term":[{"taxonomy":"category","embeddable":true,"href":"https:\/\/www.europesays.com\/fr\/wp-json\/wp\/v2\/categories?post=590415"},{"taxonomy":"post_tag","embeddable":true,"href":"https:\/\/www.europesays.com\/fr\/wp-json\/wp\/v2\/tags?post=590415"}],"curies":[{"name":"wp","href":"https:\/\/api.w.org\/{rel}","templated":true}]}}