{"id":590417,"date":"2025-12-10T10:00:31","date_gmt":"2025-12-10T10:00:31","guid":{"rendered":"https:\/\/www.europesays.com\/fr\/590417\/"},"modified":"2025-12-10T10:00:31","modified_gmt":"2025-12-10T10:00:31","slug":"je-ne-vois-pas-quelle-liberte-ca-peut-enfreindre-a-part-celle-du-predateur-la-videosurveillance-algorithmique-bientot-autorisee-en-france","status":"publish","type":"post","link":"https:\/\/www.europesays.com\/fr\/590417\/","title":{"rendered":"\u00ab\u00a0Je ne vois pas quelle libert\u00e9 \u00e7a peut enfreindre \u00e0 part celle du pr\u00e9dateur \u00bb : la vid\u00e9osurveillance algorithmique bient\u00f4t autoris\u00e9e en France ?"},"content":{"rendered":"<p>\u00c0 l\u2019occasion de la journ\u00e9e de mobilisation contre les violences faites aux femmes dans les transports, la SNCF et \u00cele-de-France Mobilit\u00e9s ont pr\u00e9sent\u00e9 la seconde version de leur intelligence artificielle capable d\u2019analyser les flux des cam\u00e9ras en temps r\u00e9el, d\u00e9velopp\u00e9e par un groupe fran\u00e7ais. Prochaine \u00e9tape : autoriser son usage en France, alors que l\u2019analyse des flux vid\u00e9o est fortement encadr\u00e9e. <\/p>\n<p>Attendez-vous \u00e0 des d\u00e9bats br\u00fblants : la vid\u00e9osurveillance algorithmique est de retour. Autoris\u00e9e de mani\u00e8re exceptionnelle du 19 mai 2023 au 31 mars 2025 dans le cadre <a href=\"https:\/\/www.numerama.com\/tag\/jeux-olympiques\/\" target=\"_blank\" rel=\"noopener\">de la loi Jeux olympiques<\/a>, elle pourrait, si les politiques parviennent \u00e0 faire voter une nouvelle loi, devenir courante pour s\u00e9curiser les lieux publics comme les transports en commun. C\u2019est en tout cas la volont\u00e9 de la r\u00e9gion \u00cele-de-France, de sa pr\u00e9sidente Val\u00e9rie P\u00e9cresse, d\u2019\u00cele-de-France Mobilit\u00e9s et de la SNCF, qui ont pr\u00e9sent\u00e9 une version \u00e9volu\u00e9e de la technologie, bas\u00e9e sur un mod\u00e8le de langage vid\u00e9o (VLM), \u00e0 l\u2019occasion de la journ\u00e9e de mobilisation contre les violences faites aux femmes dans les transports le 9 d\u00e9cembre 2025. <\/p>\n<p>Pour acc\u00e9l\u00e9rer le d\u00e9bat, la r\u00e9gion \u00cele-de-France d\u00e9voile les r\u00e9sultats d\u2019un sondage IPSOS r\u00e9alis\u00e9 sur une partie de la population francilienne. Les chiffres sont clairs : <strong>89 % des femmes seraient favorables \u00e0 l\u2019installation d\u2019une IA capable d\u2019analyser les flux des cam\u00e9ras en temps r\u00e9el, 88 % de la population g\u00e9n\u00e9rale aussi. <\/strong>Seuls 3 % des gens se qualifieraient comme oppos\u00e9s, ce qui incite la r\u00e9gion \u00e0 vouloir acc\u00e9l\u00e9rer.<\/p>\n<p>\u00ab Trouve quelqu\u2019un en train d\u2019arracher un sac\u00a0\u00bb : la vid\u00e9osurveillance \u00e0 l\u2019heure de l\u2019IA g\u00e9n\u00e9rative <\/p>\n<p>Contrairement \u00e0 la reconnaissance faciale, qui est strictement bannie en France, la reconnaissance algorithmique n\u2019identifie pas les individus en temps r\u00e9el. Elle ne collecte d\u2019ailleurs pas d\u2019informations sur des attributs physiques comme la couleur de peau, mais peut servir \u00e0 identifier quelqu\u2019un en fonction de sa taille ou de ses v\u00eatements. <\/p>\n<p>Concr\u00e8tement, la reconnaissance algorithmique consiste \u00e0 \u00ab connecter\u00a0\u00bb les cam\u00e9ras d\u00e9j\u00e0 install\u00e9es dans l\u2019espace public \u00e0 un \u00ab cerveau \u00bb. <a href=\"https:\/\/www.numerama.com\/tech\/1203976-quest-ce-quune-intelligence-artificielle.html\" target=\"_blank\" rel=\"noopener\">Une intelligence artificielle<\/a> traite tous les flux en permanence, ce qui dispense des humains d\u2019\u00eatre devant des \u00e9crans o\u00f9 rien ne se passe. <\/p>\n<p>                <img decoding=\"async\" width=\"1024\" height=\"380\" loading=\"lazy\" alt=\"Anker Batterie Box Partenaire Num D\u00e9cembre\" title=\"Anker Batterie Box Partenaire Num D\u00e9cembre\" class=\"is-block placeholder-default wp-image\" src=\"https:\/\/www.europesays.com\/fr\/wp-content\/uploads\/2025\/12\/anker-batterie-box-partenaire-num-decembre-1024x380.jpg\" \/>            <\/p>\n<p>\n                    Le cadeau parfait est en promo !                 <\/p>\n<p>\n                    C\u2019est bient\u00f4t No\u00ebl ! Anker baisse le prix de sa batterie de 25 000 mAh. Avec ses 2 c\u00e2bles int\u00e9gr\u00e9s et sa puissance totale de 165 watts, elle peut recharger presque tous vos appareils, o\u00f9 que vous soyez.                <\/p>\n<p>\u00c0 chaque fois qu\u2019un \u00e9v\u00e9nement se passe : la cam\u00e9ra alerte un op\u00e9rateur humain \u00e0 proximit\u00e9 pour lui faire consulter les images. Elle permet, selon la r\u00e9gion, d\u2019intervenir plus vite et de remonter plus vite \u00e0 la source d\u2019une image. Un syst\u00e8me de <a href=\"https:\/\/www.numerama.com\/tech\/1264452-au-fait-cest-quoi-un-prompt.html\" data-popover-target=\"definition\" data-tag=\"Au fait, c\u2019est quoi un prompt\u00a0?\" data-chapo=\"Un prompt d\u00e9signe une instruction, que l&#039;on envoie \u00e0 un algorithme d&#039;intelligence artificielle (IA) sp\u00e9cialis\u00e9e dans la g\u00e9n\u00e9ration de contenu -- comme du texte ou de l&#039;image.\" data-image=\"https:\/\/c0.lestechnophiles.com\/www.numerama.com\/wp-content\/uploads\/2023\/01\/chatgpt-2-1024x576.jpg?key=c8f73cca\" target=\"_blank\" rel=\"noopener\">prompt<\/a> permet d\u2019interroger le logiciel avec des questions comme \u00ab est-ce que cette personne a \u00e9t\u00e9 victime d\u2019une agression ? \u00bb, \u00ab trouve quelqu\u2019un en train de courir \u00bb ou \u00ab personne qui a tent\u00e9 d\u2019arracher un sac \u00bb. Le logiciel peut, normalement, retrouver la sc\u00e8ne en quelques secondes.<\/p>\n<p><a href=\"https:\/\/www.numerama.com\/wp-content\/uploads\/2025\/12\/screenshot-2025-12-10-at-101953.jpg\" target=\"_blank\" rel=\"noopener\"><img decoding=\"async\" width=\"1024\" height=\"560\" loading=\"lazy\" alt=\"Le logiciel de Wintics retrouve les individus \u00e0 partir de simples questions \u00e9crites.\" title=\"Le logiciel de Wintics retrouve les individus \u00e0 partir de simples questions \u00e9crites.\" class=\"wp-image-2138433 placeholder-default wp-image\" src=\"https:\/\/www.europesays.com\/fr\/wp-content\/uploads\/2025\/12\/screenshot-2025-12-10-at-101953-1024x560.jpg\" \/><\/a>Le logiciel de Wintics retrouve les individus \u00e0 partir de simples questions \u00e9crites. \/\/ Source : <a href=\"https:\/\/www.youtube.com\/watch?v=z52Zx9wnoc8\" rel=\"nofollow noopener\" target=\"_blank\">R\u00e9gion \u00cele-de-France<\/a><\/p>\n<p>\u00ab On est dans une situation assez paradoxale puisque l\u2019IA se d\u00e9veloppe partout, absolument partout, dans des usages personnels qui sont tr\u00e8s performants, et on s\u2019interdit de l\u2019utiliser l\u00e0 o\u00f9 elle pourrait \u00eatre extr\u00eamement utile et dans un environnement tr\u00e8s cadr\u00e9 \u00bb, indique H\u00e9l\u00e8ne Brisset, la directrice du num\u00e9rique d\u2019\u00cele-de-France Mobilit\u00e9s. Les pouvoirs publics d\u00e9plorent une situation o\u00f9 les cam\u00e9ras filment la plupart des incivilit\u00e9s, mais o\u00f9 il est souvent trop tard. La reconnaissance algorithmique, aujourd\u2019hui interdite, vise \u00e0 r\u00e9gler ce probl\u00e8me. <\/p>\n<p>\u00ab Il n\u2019y a plus un fabricant europ\u00e9en de cam\u00e9ras, de hardware, mais on a un savoir-faire logiciel \u00bb, met de son c\u00f4t\u00e9 en avant Matthias Houllier, responsable de l\u2019entreprise Wintics qui d\u00e9veloppe l\u2019intelligence artificielle test\u00e9e actuellement par la r\u00e9gion \u00cele-de-France.  <\/p>\n<p><a href=\"https:\/\/www.numerama.com\/wp-content\/uploads\/2025\/12\/image-8-3.jpg\" target=\"_blank\" rel=\"noopener\"><img decoding=\"async\" width=\"975\" height=\"587\" loading=\"lazy\" alt=\"La diff\u00e9rence entre les cam\u00e9ras augment\u00e9es et les cam\u00e9ras biom\u00e9triques selon la Cnil.\" title=\"La diff\u00e9rence entre les cam\u00e9ras augment\u00e9es et les cam\u00e9ras biom\u00e9triques selon la Cnil.\" class=\"wp-image-2138387 placeholder-default wp-image\" src=\"https:\/\/www.europesays.com\/fr\/wp-content\/uploads\/2025\/12\/image-8-3.jpg\" \/><\/a>La diff\u00e9rence entre les cam\u00e9ras augment\u00e9es et les cam\u00e9ras biom\u00e9triques selon la Cnil. \/\/ Source : Cnil<\/p>\n<p>Pour \u00eatre adopt\u00e9e, une telle technologie devrait \u00eatre soumise \u00e0 un long d\u00e9bat parlementaire, qui pourrait ne pas se concr\u00e9tiser avant la prochaine \u00e9lection pr\u00e9sidentielle. Des propositions de loi sont d\u00e9j\u00e0 d\u00e9pos\u00e9es \u00e0 l\u2019Assembl\u00e9e nationale et au S\u00e9nat : reste \u00e0 savoir quelle forme prendra le projet une fois discut\u00e9 et modifi\u00e9. <\/p>\n<p>La vid\u00e9osurveillance algorithmique risque d\u2019inqui\u00e9ter les d\u00e9fenseurs de la vie priv\u00e9e : elle offre un outil puissant aux autorit\u00e9s pour traquer un individu avec beaucoup moins d\u2019effort. <a target=\"_blank\" href=\"https:\/\/www.cnil.fr\/fr\/cameras-augmentees-espaces-publics\" rel=\"noopener\">La Cnil avait d\u00e9j\u00e0 alert\u00e9 sur son utilisation en 2024<\/a>, en citant notamment \u00ab un risque accentu\u00e9 de surveillance g\u00e9n\u00e9ralis\u00e9e\u00a0\u00bb. Val\u00e9rie P\u00e9cresse, de son c\u00f4t\u00e9, indique ne pas voir de probl\u00e8me\u00a0: \u00ab\u00a0je ne vois pas quelle libert\u00e9 \u00e7a peut enfreindre \u00e0 part celle du pr\u00e9dateur \u00bb, indique la pr\u00e9sidente de la r\u00e9gion \u00cele-de-France. <\/p>\n<p>Des r\u00e9sultats mitig\u00e9s pendant les JO, qui s\u2019expliquent par une utilisation mal cibl\u00e9e selon la r\u00e9gion<\/p>\n<p>En attendant une \u00e9ventuelle adoption, que disent les chiffres sur l\u2019utilisation de la reconnaissance algorithmique pendant les  Jeux olympiques de Paris 2024 ? Les chiffres ne vont pas forc\u00e9ment dans le sens des autorit\u00e9s : sur toute la p\u00e9riode d\u2019exp\u00e9rimentation, le dispositif n\u2019a conduit qu\u2019\u00e0\u00a07 interventions r\u00e9elles\u00a0(principalement pour des intrusions dans les tunnels ou des bagages oubli\u00e9s). Un chiffre faible par rapport aux\u00a0100 signalements quotidiens\u00a0g\u00e9n\u00e9r\u00e9s par la machine, qui \u00e9taient parfois des \u00ab faux positifs \u00bb. La d\u00e9tection de colis abandonn\u00e9s, notamment, s\u2019est r\u00e9v\u00e9l\u00e9e difficile \u00e0 d\u00e9tecter pour l\u2019IA, qui peinait \u00e0 comprendre les d\u00e9placements humains.<\/p>\n<p>Un \u00e9chec ? Pas pour la r\u00e9gion \u00cele-de-France, qui plaide les circonstances att\u00e9nuantes. Le dispositif humain et policier \u00e9tait tel pendant les JO que les cam\u00e9ras n\u2019avaient, paradoxalement, pas grand chose \u00e0 identifier. Pour Val\u00e9rie P\u00e9cresse, l\u2019erreur a \u00e9t\u00e9 de cantonner l\u2019IA aux grands \u00e9v\u00e9nements plut\u00f4t qu\u2019au quotidien des Franciliens. \u00ab On va s\u00e9curiser les concerts de Beyonc\u00e9 et les Coupes du monde plut\u00f4t que de s\u00e9curiser une femme qui va travailler \u00e0 5 heures du matin ou une jeune fille qui va au lyc\u00e9e \u00bb, indique-t-elle. Numerama. La nouvelle version du dispositif, bas\u00e9e sur un VLM, serait entra\u00een\u00e9e pour d\u00e9tecter les agressions et pas seulement les intrusions. Reste d\u00e9sormais \u00e0 convaincre les l\u00e9gislateurs : la vid\u00e9osurveillance algorithmique, au moment de l\u2019\u00e9criture de ces lignes, est interdite en France.<\/p>\n<\/p>\n<p>            Ce contenu est bloqu\u00e9 car vous n\u2019avez pas accept\u00e9 les cookies et autres traceurs. Ce contenu est fourni par YouTube.<br \/>Pour pouvoir le visualiser, vous devez accepter l\u2019usage \u00e9tant op\u00e9r\u00e9 par YouTube avec vos donn\u00e9es qui pourront \u00eatre utilis\u00e9es pour les finalit\u00e9s suivantes : vous permettre de visualiser et de partager des contenus avec des m\u00e9dias sociaux, favoriser le d\u00e9veloppement et l\u2019am\u00e9lioration des produits d\u2019Humanoid et de ses partenaires, vous afficher des publicit\u00e9s personnalis\u00e9es par rapport \u00e0 votre profil et activit\u00e9, vous d\u00e9finir un profil publicitaire personnalis\u00e9, mesurer la performance des publicit\u00e9s et du contenu de ce site et mesurer l\u2019audience de ce site <a href=\"#\" class=\"js-privacy\" target=\"_blank\">(en savoir plus)<\/a>        <\/p>\n<p>            En cliquant sur \u00ab J\u2019accepte tout \u00bb, vous consentez aux finalit\u00e9s susmentionn\u00e9es pour l\u2019ensemble des cookies et autres traceurs d\u00e9pos\u00e9s par Humanoid et <a class=\"embed-consent-overlay-vendors-link\" href=\"#preferences-vendeurs\">ses partenaires<\/a>.        <\/p>\n<p>            Vous gardez la possibilit\u00e9 de retirer votre consentement \u00e0 tout moment. Pour plus d\u2019informations, nous vous invitons \u00e0 prendre connaissance de notre <a href=\"https:\/\/www.numerama.com\/politique-cookies\" target=\"_blank\" rel=\"noopener\">Politique cookies<\/a>.        <\/p>\n<p>        J\u2019accepte tout    <\/p>\n<p class=\"embed-consent-overlay-manage-choices\">        <a href=\"#preferences-publicitaires\">G\u00e9rer mes choix<\/a>    <\/p>\n<p>            <img decoding=\"async\" src=\"https:\/\/www.europesays.com\/fr\/wp-content\/uploads\/2025\/04\/iPhone-16-pro.png\" alt=\"Toute l'actu tech en un clien d'oeil\"\/><\/p>\n<p class=\"card-install-pwa__title\">Toute l&rsquo;actu tech en un clin d&rsquo;\u0153il<\/p>\n<p class=\"card-install-pwa__description\">Ajoutez Numerama \u00e0 votre \u00e9cran d&rsquo;accueil et restez connect\u00e9s au futur !<\/p>\n<p>            <img decoding=\"async\" src=\"https:\/\/www.numerama.com\/wp-content\/themes\/numerama-next\/assets\/images\/premium\/logo-card-pwa-coupe.svg\" alt=\"Logo PWA\"\/><\/p>\n<p>       Installer Numerama<\/p>\n","protected":false},"excerpt":{"rendered":"\u00c0 l\u2019occasion de la journ\u00e9e de mobilisation contre les violences faites aux femmes dans les transports, la SNCF&hellip;\n","protected":false},"author":2,"featured_media":590418,"comment_status":"","ping_status":"","sticky":false,"template":"","format":"standard","meta":{"footnotes":""},"categories":[1592],"tags":[1111,11,39826,1777,674,1011,27,662,23538,12,4454,626,316,25,656,9673,2328],"class_list":{"0":"post-590417","1":"post","2":"type-post","3":"status-publish","4":"format-standard","5":"has-post-thumbnail","7":"category-ile-de-france","8":"tag-actu","9":"tag-actualites","10":"tag-camera","11":"tag-eu","12":"tag-europe","13":"tag-fr","14":"tag-france","15":"tag-ile-de-france","16":"tag-jeux-olympiques-paris-2024","17":"tag-news","18":"tag-numerama-plus","19":"tag-paris","20":"tag-politique","21":"tag-republique-francaise","22":"tag-securite","23":"tag-surveillance","24":"tag-valerie-pecresse"},"share_on_mastodon":{"url":"https:\/\/pubeurope.com\/@fr\/115694694506879709","error":""},"_links":{"self":[{"href":"https:\/\/www.europesays.com\/fr\/wp-json\/wp\/v2\/posts\/590417","targetHints":{"allow":["GET"]}}],"collection":[{"href":"https:\/\/www.europesays.com\/fr\/wp-json\/wp\/v2\/posts"}],"about":[{"href":"https:\/\/www.europesays.com\/fr\/wp-json\/wp\/v2\/types\/post"}],"author":[{"embeddable":true,"href":"https:\/\/www.europesays.com\/fr\/wp-json\/wp\/v2\/users\/2"}],"replies":[{"embeddable":true,"href":"https:\/\/www.europesays.com\/fr\/wp-json\/wp\/v2\/comments?post=590417"}],"version-history":[{"count":0,"href":"https:\/\/www.europesays.com\/fr\/wp-json\/wp\/v2\/posts\/590417\/revisions"}],"wp:featuredmedia":[{"embeddable":true,"href":"https:\/\/www.europesays.com\/fr\/wp-json\/wp\/v2\/media\/590418"}],"wp:attachment":[{"href":"https:\/\/www.europesays.com\/fr\/wp-json\/wp\/v2\/media?parent=590417"}],"wp:term":[{"taxonomy":"category","embeddable":true,"href":"https:\/\/www.europesays.com\/fr\/wp-json\/wp\/v2\/categories?post=590417"},{"taxonomy":"post_tag","embeddable":true,"href":"https:\/\/www.europesays.com\/fr\/wp-json\/wp\/v2\/tags?post=590417"}],"curies":[{"name":"wp","href":"https:\/\/api.w.org\/{rel}","templated":true}]}}