{"id":590419,"date":"2025-12-10T10:02:11","date_gmt":"2025-12-10T10:02:11","guid":{"rendered":"https:\/\/www.europesays.com\/fr\/590419\/"},"modified":"2025-12-10T10:02:11","modified_gmt":"2025-12-10T10:02:11","slug":"le-parquet-ouvre-une-enquete-la-defenseure-des-droits-sautosaisit","status":"publish","type":"post","link":"https:\/\/www.europesays.com\/fr\/590419\/","title":{"rendered":"le parquet ouvre une enqu\u00eate, la D\u00e9fenseure des droits s&rsquo;autosaisit"},"content":{"rendered":"<p>                    Par<br \/>\n        <strong><br \/>\n            <a href=\"https:\/\/actu.fr\/auteur\/redaction-paris\" title=\"Consulter tous les articles de R\u00e9daction Paris\" target=\"_blank\" rel=\"noopener\">R\u00e9daction Paris<\/a><br \/>\n                    <\/strong><\/p>\n<p>        Publi\u00e9 le<\/p>\n<p>            10 d\u00e9c. 2025 \u00e0 10h35        <\/p>\n<p>Apr\u00e8s la r\u00e9v\u00e9lation de <a href=\"https:\/\/actu.fr\/ile-de-france\/paris_75056\/un-enfant-tondu-de-force-dans-un-foyer-a-paris-la-ville-saisit-la-justice-et-denonce-des-faits-gravissimes_63551857.html\" target=\"_blank\" rel=\"noopener\">faits de maltraitance dans le foyer Jenner<\/a> \u00e0 Paris o\u00f9 des salari\u00e9s ont ras\u00e9 la t\u00eate d\u2019Eliott, 8 ans et film\u00e9 la sc\u00e8ne, le <a href=\"https:\/\/actu.fr\/tag\/tribunal-de-paris\" target=\"_blank\" rel=\"noopener\">parquet <\/a>a annonc\u00e9 avoir ouvert une <strong>enqu\u00eate pour \u00ab\u00a0violences volontaires\u00a0\u00bb<\/strong>. La D\u00e9fenseure des droits Claire H\u00e9don a de son c\u00f4t\u00e9 annonc\u00e9 \u00ab\u00a0s\u2019autosaisir\u00a0\u00bb.<\/p>\n<p>Des \u00ab\u00a0fins \u00e9videntes d\u2019humiliations\u00a0\u00bb<\/p>\n<p class=\" wall-content\">Gr\u00e2ce aux informations diffus\u00e9es par <a href=\"https:\/\/www.franceinfo.fr\/societe\/enfance-et-adolescence\/info-franceinfo-c-est-une-sanction-des-educateurs-rasent-les-cheveux-d-un-enfant-place-dans-un-foyer-a-paris-et-le-filment_7666297.html\" target=\"_blank\" rel=\"noopener\">franceinfo<\/a>, la section <strong>\u00ab\u00a0parquet des mineurs\u00a0\u00bb<\/strong> a ouvert une enqu\u00eate \u00ab\u00a0du chef de violences volontaires sur mineur de quinze ans par personne ayant autorit\u00e9\u00a0\u00bb, a pr\u00e9cis\u00e9 le parquet, sollicit\u00e9 par l\u2019AFP.<\/p>\n<p class=\" wall-content\">Selon la Ville de Paris, ces faits \u00ab\u00a0gravissimes\u00a0\u00bb se sont d\u00e9roul\u00e9s en <strong>f\u00e9vrier 2025<\/strong> au foyer \u00e9ducatif Jenner, g\u00e9r\u00e9 par l\u2019association Jean-Coxtet et qui accueille des mineurs et jeunes majeurs plac\u00e9s par l\u2019Aide sociale \u00e0 l\u2019enfance (ASE) dans le 13e arrondissement de Paris. C\u2019est dans cet \u00e9tablissement que les faits sont \u00ab\u00a0susceptibles d\u2019avoir \u00e9t\u00e9 commis\u00a0\u00bb, selon le minist\u00e8re public.<\/p>\n<p class=\" wall-content\">\u00ab\u00a0Nous allons nous autosaisir de cette situation\u00a0\u00bb, a d\u00e9clar\u00e9 sur <a href=\"https:\/\/rmc.bfmtv.com\/actualites\/police-justice\/info-rmc-enfant-rase-a-l-ase-la-defenseure-des-droits-annonce-s-auto-saisir-de-l-affaire_AV-202512100219.html\" target=\"_blank\" rel=\"noopener\">RMC <\/a>Claire H\u00e9don, la D\u00e9fenseure des droits et <strong>cheffe de l\u2019autorit\u00e9 ind\u00e9pendante<\/strong> charg\u00e9e de veiller au respect des droits. \u00ab\u00a0Il y a l\u2019acte lui m\u00eame qui est effectivement monstrueux, il y a le groupe Whatsapp (sur lequel la vid\u00e9o a \u00e9t\u00e9 diffus\u00e9e, ndlr) avec quasiment personne qui r\u00e9agit sauf une \u00e9ducatrice, on ment \u00e0 la maman, c\u2019est toute cette cha\u00eene qui a dysfonctionn\u00e9\u00a0\u00bb.<\/p>\n<p class=\" wall-content\">L\u2019incident implique des employ\u00e9s ayant pris la d\u00e9cision de <strong>raser le cr\u00e2ne d\u2019un enfant<\/strong> plac\u00e9 sous leur responsabilit\u00e9, tout en le filmant \u00e0 des \u00ab\u00a0fins \u00e9videntes d\u2019humiliations\u00a0\u00bb, d\u2019apr\u00e8s la Ville. Sur ces images, l\u2019enfant appara\u00eet torse nu, assis sur une chaise les bras crois\u00e9s, tandis qu\u2019une personne lui rase la t\u00eate \u00e0 l\u2019aide d\u2019une tondeuse.<\/p>\n<p>\u00ab\u00a0Du sauve qui peut\u00a0\u00bb<\/p>\n<p class=\" wall-content\">L\u2019avocat de la famille, Axel Delaunay-Belleville, s\u2019\u00e9tonne que la collectivit\u00e9 n\u2019ait communiqu\u00e9 que mardi 9 d\u00e9cembre 2025 qu\u2019elle \u00e9tait inform\u00e9e \u00ab\u00a0depuis septembre\u00a0\u00bb, affirme-t-il. \u00ab\u00a0Quand la mairie de Paris pond un communiqu\u00e9 mardi matin en expliquant qu\u2019ils m\u00e8nent des <strong>investigations<\/strong>, enfin, on est en d\u00e9cembre ! C\u2019est du sauve qui peut\u00a0\u00bb, a-t-il d\u00e9plor\u00e9 aupr\u00e8s de l\u2019AFP, en ajoutant que la m\u00e8re du gar\u00e7on allait d\u00e9poser plainte \u00ab\u00a0dans les prochains jours\u00a0\u00bb.<\/p>\n<p class=\" wall-content\">\u00ab\u00a0L\u2019association est <strong>profond\u00e9ment choqu\u00e9e<\/strong> par les agissements inappropri\u00e9s commis \u00e0 l\u2019\u00e9gard de cet enfant et qui sont compl\u00e8tement contraires aux valeurs qui sont les siennes\u00a0\u00bb, a r\u00e9agi la structure gestionnaire.\u00a0\u00ab\u00a0S\u2019agissant de la direction g\u00e9n\u00e9rale de l\u2019association, elle n\u2019a \u00e9t\u00e9 inform\u00e9e des faits que fin mars 2025 et a ignor\u00e9 jusqu\u2019en septembre 2025 l\u2019existence d\u2019une vid\u00e9o et les conditions de sa diffusion dans le groupe WhatsApp\u00a0\u00bb, a-t-elle pr\u00e9cis\u00e9.<\/p>\n<p>Votre r\u00e9gion, votre actu !<\/p>\n<p>Recevez chaque jour les infos qui comptent pour vous.<\/p>\n<p>\t<a href=\"https:\/\/actu.fr\/newsletter\" class=\"ac-btn ac-btn--corner ac-btn--medium ac-btn--blue800\" target=\"_blank\" rel=\"noopener\">S&rsquo;incrire<\/a><br \/>\n\u00ab\u00a0Abasourdie\u00a0\u00bb et \u00ab\u00a0\u00e9c\u0153ur\u00e9e\u00a0\u00bb<\/p>\n<p class=\" wall-content\">\u00ab\u00a0L\u2019ASE n\u2019est pas l\u00e0 pour ab\u00eemer. Elle est l\u00e0 pour <strong>prot\u00e9ger<\/strong>. Un enfant confi\u00e9 doit \u00eatre trait\u00e9 avec une dignit\u00e9 absolue\u00a0\u00bb, a pour sa part r\u00e9agi la haute-commissaire \u00e0 l\u2019Enfance, Sarah El Ha\u00efry.<\/p>\n<p class=\" wall-content\">De son c\u00f4t\u00e9, Isabelle Debr\u00e9, la pr\u00e9sidente de l\u2019association l\u2019Enfant bleu, qui lutte contre la maltraitance des enfants, s\u2019est dite \u00ab\u00a0abasourdie\u00a0\u00bb et \u00ab\u00a0\u00e9c\u0153ur\u00e9e\u00a0\u00bb. \u00ab\u00a0C\u2019est hallucinant de cruaut\u00e9 et c\u2019est une <strong>humiliation terrible<\/strong> pour cet enfant. Ce qui est tr\u00e8s choquant, c\u2019est le fait que \u00e7a a \u00e9t\u00e9 partag\u00e9 sur les boucles WhatsApp, partag\u00e9 entre professionnels\u00a0\u00bb,\u00a0a-t-elle r\u00e9agi aupr\u00e8s de l\u2019AFP.<\/p>\n<p>Des risques de violences d\u00e9j\u00e0 signal\u00e9s<\/p>\n<p class=\" wall-content\">Dans un rapport rendu le 1er avril 2025, la commission d\u2019enqu\u00eate de l\u2019Assembl\u00e9e nationale sur les manquements des politiques publiques de protection de l\u2019enfance avait alert\u00e9 sur un syst\u00e8me \u00ab\u00a0qui <strong>craque<\/strong> de toutes parts\u00a0\u00bb, pointant l\u2019existence d\u2019une \u00ab\u00a0violence institutionnelle\u00a0\u00bb exerc\u00e9e parfois directement par des professionnels au contact des enfants.<\/p>\n<p class=\" wall-content\">Le rapport d\u00e9plorait notamment l\u2019absence de \u00ab\u00a0r\u00e8gle minimale d\u2019encadrement\u00a0\u00bb dans les foyers ainsi que des contr\u00f4les encore \u00ab\u00a0beaucoup trop lacunaires\u00a0\u00bb pour prot\u00e9ger les pr\u00e8s de <strong>400 000 mineurs<\/strong> concern\u00e9s par une mesure d\u2019aide sociale \u00e0 l\u2019enfance en France.<\/p>\n<p class=\" wall-content\">Avec AFP.<\/p>\n<p class=\" wall-content\">Personnalisez votre actualit\u00e9 en ajoutant vos villes et m\u00e9dias en favori avec <a href=\"https:\/\/moncompte.actu.fr\" title=\"D\u00e9couvez Mon Actu\" rel=\"nofollow noopener\" data-trk=\"{&quot;cta&quot;:{&quot;action&quot;:&quot;https:\\\/\\\/moncompte.actu.fr&quot;,&quot;category&quot;:&quot;mon compte&quot;,&quot;from&quot;:&quot;article footer&quot;,&quot;name&quot;:&quot;Mon actu&quot;,&quot;type&quot;:&quot;cta&quot;}}\" target=\"_blank\">Mon Actu<\/a>.<\/p>\n","protected":false},"excerpt":{"rendered":"Par R\u00e9daction Paris Publi\u00e9 le 10 d\u00e9c. 2025 \u00e0 10h35 Apr\u00e8s la r\u00e9v\u00e9lation de faits de maltraitance dans&hellip;\n","protected":false},"author":2,"featured_media":590420,"comment_status":"","ping_status":"","sticky":false,"template":"","format":"standard","meta":{"footnotes":""},"categories":[1888],"tags":[1111,1928,11,1927,1719,1777,674,118,1011,27,303,12,1926,626,1925,25,4595],"class_list":{"0":"post-590419","1":"post","2":"type-post","3":"status-publish","4":"format-standard","5":"has-post-thumbnail","7":"category-paris","8":"tag-actu","9":"tag-actu-paris","10":"tag-actualites","11":"tag-actualites-paris","12":"tag-enfants","13":"tag-eu","14":"tag-europe","15":"tag-faits-divers","16":"tag-fr","17":"tag-france","18":"tag-justice","19":"tag-news","20":"tag-news-paris","21":"tag-paris","22":"tag-paris-news","23":"tag-republique-francaise","24":"tag-tribunal-de-paris"},"share_on_mastodon":{"url":"https:\/\/pubeurope.com\/@fr\/115694701589792148","error":""},"_links":{"self":[{"href":"https:\/\/www.europesays.com\/fr\/wp-json\/wp\/v2\/posts\/590419","targetHints":{"allow":["GET"]}}],"collection":[{"href":"https:\/\/www.europesays.com\/fr\/wp-json\/wp\/v2\/posts"}],"about":[{"href":"https:\/\/www.europesays.com\/fr\/wp-json\/wp\/v2\/types\/post"}],"author":[{"embeddable":true,"href":"https:\/\/www.europesays.com\/fr\/wp-json\/wp\/v2\/users\/2"}],"replies":[{"embeddable":true,"href":"https:\/\/www.europesays.com\/fr\/wp-json\/wp\/v2\/comments?post=590419"}],"version-history":[{"count":0,"href":"https:\/\/www.europesays.com\/fr\/wp-json\/wp\/v2\/posts\/590419\/revisions"}],"wp:featuredmedia":[{"embeddable":true,"href":"https:\/\/www.europesays.com\/fr\/wp-json\/wp\/v2\/media\/590420"}],"wp:attachment":[{"href":"https:\/\/www.europesays.com\/fr\/wp-json\/wp\/v2\/media?parent=590419"}],"wp:term":[{"taxonomy":"category","embeddable":true,"href":"https:\/\/www.europesays.com\/fr\/wp-json\/wp\/v2\/categories?post=590419"},{"taxonomy":"post_tag","embeddable":true,"href":"https:\/\/www.europesays.com\/fr\/wp-json\/wp\/v2\/tags?post=590419"}],"curies":[{"name":"wp","href":"https:\/\/api.w.org\/{rel}","templated":true}]}}